{"id":17657,"date":"2021-06-07T10:14:14","date_gmt":"2021-06-07T08:14:14","guid":{"rendered":"https:\/\/www.hairstore.pl\/blog\/?p=17657"},"modified":"2026-03-25T10:38:22","modified_gmt":"2026-03-25T09:38:22","slug":"wlosy-rozjasniane-pytania-i-odpowiedzi","status":"publish","type":"post","link":"https:\/\/www.hairstore.pl\/blog\/wlosy-rozjasniane-pytania-i-odpowiedzi\/","title":{"rendered":"Okiem eksperta: w\u0142osy rozja\u015bniane. Odpowiada Noemi Drescher"},"content":{"rendered":"<p>W\u0142osy blond to jedne z najcz\u0119\u015bciej spotykanych w Polsce. Wiele kobiet posiada naturalnie jasne w\u0142osy, inne decyduj\u0105 si\u0119 na farbowanie i rozja\u015bnianie. Piel\u0119gnacja w\u0142os\u00f3w blond bywa trudna, dlatego o porady poprosili\u015bmy Noemi Drescher.<\/p>\n<p><!--more--><\/p>\n<p>Tym razem do naszego cyklu rozm\u00f3w z ekspertami zaprosili\u015bmy Noemi Drescher, kt\u00f3r\u0105 znacie pewnie z Instagrama. To tam Noemi prowadzi profil <a href=\"https:\/\/www.instagram.com\/absudru\/?hl=pl\" target=\"_blank\" rel=\"nofollow noopener\">@absudru<\/a>, na kt\u00f3rym opowiada o testach kosmetyk\u00f3w i o tym, jak dba\u0107 o w\u0142osy. Noemi jest posiadaczk\u0105 w\u0142os\u00f3w blond i doskonale wie, jakie trudno\u015bci mog\u0105 si\u0119 z tym wi\u0105za\u0107. Zreszt\u0105&#8230; oddajmy g\u0142os naszego ekspertowi.<\/p>\n<div class=\"article-menu-box\"><div class=\"article-menu-header\">Z wywiadu dowiesz si\u0119 mi\u0119dzy innymi:<\/div>\n        <ul class=\"article-menu\"><li>jak odpowiednio dba\u0107 o w\u0142osy rozja\u015bniane<\/li><li>jaka jest specyfika w\u0142os\u00f3w blond i rozja\u015bnianych<\/li><li>jakie kosmetyki poleca Absudru<\/li><li>czy w\u0142osy rozja\u015bniane mo\u017cna zapu\u015bci\u0107<\/li><\/ul><\/div>\n<blockquote>\n<h2>Czy mo\u017cesz opowiedzie\u0107 o swoich w\u0142osach? I na swoim przyk\u0142adzie wyja\u015bni\u0107 specyfik\u0119 w\u0142os\u00f3w blond?<\/h2>\n<\/blockquote>\n<p><strong>Na pocz\u0105tku kilka s\u0142\u00f3w wst\u0119pu:<\/strong> kiedy decydujemy si\u0119 na rozja\u015bnianie, warto najpierw kr\u00f3tko przeanalizowa\u0107, jakiego typu w\u0142osy posiadamy. Ta wiedza pozwoli nam przygotowa\u0107 si\u0119 odpowiednio do tego procesu. Ka\u017cdy dobry fryzjer, zanim zaproponuje nam konkretn\u0105 metod\u0119 rozja\u015bniania (lub farbowania) w\u0142os\u00f3w, wcze\u015bniej zwraca uwag\u0119 na takie cechy jak: g\u0119sto\u015b\u0107 i grubo\u015b\u0107 w\u0142osa, naturalny kolor, tendencje do falowania\/kr\u0119cenia.<\/p>\n<p>Jak znaczna wi\u0119kszo\u015b\u0107 Polek jestem posiadaczk\u0105 typowo s\u0142owia\u0144skich w\u0142os\u00f3w, kt\u00f3re cechuj\u0105 si\u0119 du\u017c\u0105 delikatno\u015bci\u0105, pojedynczy w\u0142os jest cienki, nawet je\u015bli jest ich sporo. W\u0142osy s\u0142owia\u0144skie niekoniecznie musz\u0105 by\u0107 rzadkie, ale bardzo cz\u0119sto w\u0142a\u015bnie pojedynczy w\u0142os jest delikatny i cienki. Wi\u0105\u017ce si\u0119 to tak\u017ce z kolorem, sama mam naturalnie \u015bredni, s\u0142omkowy blond, wpadaj\u0105cy w delikatnie z\u0142ote tony, zim\u0105 staje si\u0119 ch\u0142odniejszy, natomiast latem, od s\u0142o\u0144ca naturalnie rozja\u015bnia si\u0119 do ciep\u0142ego jasnego blondu.<\/p>\n<blockquote>\n<h2>W Twoim odczuciu piel\u0119gnacja w\u0142os\u00f3w s\u0142owia\u0144skich to wyzwanie czy \u201cbu\u0142ka z mas\u0142em\u201d?<\/h2>\n<\/blockquote>\n<p>S\u0105 oczywi\u015bcie plusy i minusy posiadania w\u0142os\u00f3w s\u0142owia\u0144skich. Minusem mo\u017ce by\u0107 w\u0142a\u015bnie ta delikatno\u015b\u0107, chocia\u017c i ona w zale\u017cno\u015bci od podej\u015bcia mo\u017ce wiele u\u0142atwia\u0107 w piel\u0119gnacji. Natomiast du\u017cym plusem zdecydowanie jest fakt, \u017ce takie w\u0142osy do\u015b\u0107 szybko rozja\u015bniaj\u0105 si\u0119 i cz\u0119sto nie potrzeba silnego rozja\u015bniacza, aby uzyska\u0107 \u0142adny jasny kolor. Sama rozja\u015bniam moje w\u0142osy u fryzjera, na mo\u017cliwie najni\u017cszej wodzie, co pozwala z jednej strony uzyska\u0107 widoczny efekt, a jednocze\u015bnie nie generuje niepotrzebnych zniszcze\u0144. Co do samych metod, dzi\u015b jest ich naprawd\u0119 wiele i ja w tym wypadku w pe\u0142ni zdaj\u0119 si\u0119 na moj\u0105 zaufan\u0105 fryzjerk\u0119 \u2013 warto pami\u0119ta\u0107, \u017ce dobry fryzjer to 90% sukcesu je\u015bli chodzi o osi\u0105gni\u0119cie wymarzonego koloru. Jego utrzymanie natomiast zale\u017cy ju\u017c od nas i piel\u0119gnacji na co dzie\u0144.<\/p>\n<p>\u015awiadomo\u015b\u0107 tego, jakie mamy w\u0142osy, pozwoli nam dobra\u0107 odpowiedni\u0105 piel\u0119gnacj\u0119 ju\u017c po koloryzacji w salonie. Nawet ta najlepiej wykonana przez fryzjera fryzura z czasem straci sw\u00f3j pi\u0119kny wygl\u0105d, je\u015bli nie b\u0119dziemy o ni\u0105 dba\u0107 w domu i tu z pomoc\u0105 przychodz\u0119 ja i kilka wskaz\u00f3wek, kt\u00f3rymi za chwil\u0119 si\u0119 podziel\u0119! &#x1f60a;.<\/p>\n<blockquote>\n<h2>Dobrze, czekamy z niecierpliwo\u015bci\u0105! Zaczniemy zapewne od kr\u00f3tkiej charakterystyki blond w\u0142os\u00f3w? &#x1f60a;.<\/h2>\n<\/blockquote>\n<p>W\u0142osy blond, niezale\u017cnie z jakiego koloru wyj\u015bciowego zosta\u0142y uzyskane, to w\u0142osy, kt\u00f3re s\u0105 uwra\u017cliwone. Ich \u0142uska zosta\u0142a otwarta, aby pozby\u0107 si\u0119 barwnika, przez co w\u0142os staje si\u0119 wra\u017cliwszy i bardziej podatny na uszkodzenia. Jak to m\u00f3wi\u0105 \u201eco\u015b za co\u015b\u201d \ud83d\ude42 Takie kosmyki maj\u0105 te\u017c tendencje do wykruszania si\u0119, pl\u0105tania, cz\u0119sto staj\u0105 si\u0119 przesuszone, a ich porowato\u015b\u0107 wzrasta. Je\u015bli nasze w\u0142osy naturalnie by\u0142y grube, niesforne, pusz\u0105ce si\u0119, a mo\u017ce kr\u0119cone, stan\u0105 si\u0119 jeszcze bardziej niezno\u015bne, natomiast je\u015bli by\u0142y cienkie i delikatne, te cechy tak\u017ce si\u0119 pog\u0142\u0119bi\u0105. Warto mie\u0107 tego \u015bwiadomo\u015b\u0107, aby przygotowa\u0107 si\u0119 do akcji ratunkowej.<\/p>\n<blockquote>\n<h2>Na czym powinna si\u0119 wi\u0119c skupia\u0107 piel\u0119gnacja takich w\u0142os\u00f3w?<\/h2>\n<\/blockquote>\n<p><strong>Na ochronie, odbudowie i utrzymaniu \u0142adnego koloru<\/strong> &#8211; mam tu na my\u015bli kontrol\u0119 niechcianych ton\u00f3w, o czym opowiem wi\u0119cej nieco p\u00f3\u017aniej.<\/p>\n<p><strong>Na co dzie\u0144 zdecydowanie najwa\u017cniejsza jest ochrona w\u0142osa i delikatne traktowanie.<\/strong> Pami\u0119tajmy, \u017ce w\u0142osy rozja\u015bniane ju\u017c dosta\u0142y w ko\u015b\u0107, wi\u0119c lepiej nie dok\u0142ada\u0107 im agresywn\u0105 stylizacj\u0105 np. z u\u017cyciem prostownicy. Warto zdecydowa\u0107 si\u0119 na delikatne modelowanie z ch\u0142odnym\/letnim nawiewem suszarki i dobr\u0105 szczotk\u0105 lub je\u015bli wolimy kr\u0119ci\u0107 nasze w\u0142osy, wybra\u0107 metod\u0119 bez u\u017cycia ciep\u0142a. \u015awietn\u0105 opcj\u0105 s\u0105 coraz bardziej popularne jedwabne akcesoria do kr\u0119cenia w\u0142os\u00f3w w formie wygodnych wa\u0142eczk\u00f3w.<\/p>\n<p>Je\u015bli chodzi o produkty i sk\u0142adniki, jakich powinni\u015bmy szuka\u0107: zdecydowanie odradzam rezygnowanie z silikon\u00f3w. S\u0105 niezast\u0105pione w\u0142a\u015bnie w celu ochrony w\u0142os\u00f3w po myciu. Mo\u017cemy wybra\u0107 ulubiony olejek bez sp\u0142ukiwania, mgie\u0142k\u0119 czy krem stylizuj\u0105cy. Pami\u0119tajmy, aby na co dzie\u0144 stosowa\u0107 od\u017cywki bogate w emolienty, naturalne oleje czy w\u0142a\u015bnie silikony. B\u0119d\u0105 powleka\u0107 nasz w\u0142osy, chroni\u0107 przed zniszczeniami i domyka\u0107 rozchylon\u0105 \u0142usk\u0119. Zwracajmy uwag\u0119 na akcesoria takie jak gumki, szczotki czy spinki, wybierajmy materia\u0142y delikatne dla w\u0142os\u00f3w, jak wspomniany ju\u017c jedwab.<\/p>\n<blockquote>\n<h2>Co z odbudow\u0105 w\u0142osa?<\/h2>\n<\/blockquote>\n<p><strong>Tutaj kluczowe s\u0105 proteiny.<\/strong> Pami\u0119tajmy, aby regularnie np. raz w tygodniu dostarczy\u0107 w\u0142osom odbudowuj\u0105cych ich struktur\u0119 protein. Mo\u017cemy wybra\u0107 do tego drogeryjn\u0105 mask\u0119 z keratyn\u0105, aminokwasami czy proteinami ro\u015blinnymi, mo\u017cemy przygotowa\u0107 produkt DIY w domu lub zainwestowa\u0107 w nieco dro\u017csze kuracje profesjonalne. Sama staram si\u0119 do swojej piel\u0119gnacji w\u0142\u0105czy\u0107 takie produkty skierowane w\u0142a\u015bnie do odbudowy w\u0142os\u00f3w rozja\u015bnianych jak np. <a href=\"https:\/\/www.hairstore.pl\/olaplex-m277.html\">Olaplex<\/a>. Wa\u017cne jest jednak, aby takich kuracji nie traktowa\u0107 jako zast\u0119pstwo codziennej piel\u0119gnacji, a jej wzbogacenie.<\/p>\n<p>Dobra maska raz w tygodniu nie zast\u0105pi codziennej delikatno\u015bci, zabezpieczania w\u0142os\u00f3w olejkiem czy odpowiednio dobranej od\u017cywki na co dzie\u0144. Proteiny nale\u017cy stosowa\u0107 z umiarem i lepiej nie przesadza\u0107 z ich ilo\u015bci\u0105, aby nie zaburzy\u0107 r\u00f3wnowagi PEH.<\/p>\n<p>Sprawd\u017a r\u00f3wnie\u017c: <a href=\"https:\/\/www.hairstore.pl\/blog\/swiadoma-pielegnacja-wlosow-pytania-i-odpowiedzi\/\">Na czym polega r\u00f3wnowaga PEH? Odpowiedzi udziela Noemi Drescher.<\/a><\/p>\n<blockquote>\n<h2>Co z nawil\u017ceniem? Wydaje mi si\u0119, \u017ce to kluczowa kwestii w dbaniu o rozja\u015bniane w\u0142osy. Zgadzasz si\u0119?<\/h2>\n<\/blockquote>\n<p><strong>Wa\u017cne, aby zrozumie\u0107 co sprawia, \u017ce w\u0142os staje si\u0119 suchy.<\/strong> Kiedy \u0142uska naszego w\u0142osa jest rozchylona, staje si\u0119 on bardziej szorstki, matowy i porowaty. Szybciej ucieka z niego tak\u017ce nawil\u017cenie. Samo na\u0142o\u017cenie nawil\u017caj\u0105cego produktu jednak nie rozwi\u0105\u017ce problemu, kluczowe jest odbudowanie jego struktury, aby efekt by\u0142 trwa\u0142y. Wspomniane wy\u017cej emolienty i proteiny w\u0142a\u015bnie nam w tym pomog\u0105.<\/p>\n<p>Raz na kilka my\u0107 mo\u017cemy zastosowa\u0107 przed nasz\u0105 codzienn\u0105 od\u017cywk\u0105 co\u015b mocniej nawil\u017caj\u0105cego \u2013 mo\u017ce to by\u0107 gotowy produkt; od\u017cywka lub maska, ale mo\u017cemy wykorzysta\u0107 tak\u017ce p\u00f3\u0142produkty takie jak aloes, mi\u00f3d czy kwas hialuronowy. Dobrym sposobem jest przygotowanie takiej maski nawil\u017caj\u0105cej przed myciem szamponem i pozostawienie na w\u0142osach na nieco d\u0142u\u017cej, np. 15-20 minut.<\/p>\n<div class=\"ebook-download-box\">\n<div class=\"ebook-download-header\">\n<div class=\"ebook-download-header-text\">Mamy dla Ciebie <span class=\"ebook-download-header-text-bold\">darmowego e-booka<\/span>. Wystarczy jedno klikni\u0119cie.<\/div>\n<div class=\"ebook-cover\">\n<p><img decoding=\"async\" src=\"https:\/\/www.hairstore.pl\/blog\/wp-content\/uploads\/2021\/01\/rownowaga-peh-wlosow-1.jpg\" \/><\/p>\n<div><span class=\"ebook-pages\">13<\/span><span class=\"ebook-pages-txt\">stron<\/span><\/div>\n<\/div>\n<\/div>\n<div class=\"ebook-download-title\">R\u00f3wnowaga PEH w\u0142os\u00f3w<\/div>\n<div class=\"ebook-download-cta\"><a href=\"https:\/\/www.hairstore.pl\/blog\/wp-content\/uploads\/2021\/01\/EBOOK_PEH.pdf\" target=\"_blank\" rel=\"noopener noreferrer\">Pobierz za darmo<\/a><\/div>\n<\/div>\n<blockquote>\n<h2>Co z kolorem? W\u0142osy blond cz\u0119sto maj\u0105 tendencj\u0119 do tego, \u017ce ich kolor po czasie staje si\u0119 matowy, \u017c\u00f3\u0142knie lub nabiera brzydkich, zielonkawych ton\u00f3w. Jak sobie z tym poradzi\u0107?<\/h2>\n<\/blockquote>\n<p>Wbrew pozorom, krokiem nr 1 jest poprawne oczyszczanie. Bardzo cz\u0119sto niechciane odcienie wynikaj\u0105 z nabudowanych na naszych w\u0142osach minera\u0142\u00f3w z twardej wody i zanieczyszcze\u0144, dlatego kluczowe jest wykonanie np. raz w tygodniu dok\u0142adnego mycia szamponem oczyszczaj\u0105cym. Warto poszuka\u0107 takiego, kt\u00f3ry w swoim sk\u0142adzie ma tak\u017ce substancje chelatuj\u0105ce (np. disodium EDTA, tetrasodium EDTA), czyli sci\u0105gaj\u0105ce w\u0142a\u015bnie nabudow\u0119 z twardej wody.<\/p>\n<p>Mo\u017cemy tak\u017ce zainwestowa\u0107 w filtr prysznicowy, kt\u00f3ry zmi\u0119kcza wod\u0119. Takie oczyszczaj\u0105ce mycie mo\u017cemy poprzedzi\u0107 peelingiem sk\u00f3ry g\u0142owy, kt\u00f3ry pozwoli nam zachowa\u0107 w dobrej kondycji tak\u017ce cebulki i sk\u00f3r\u0119.<\/p>\n<p>Je\u015bli Twoje w\u0142osy staj\u0105 si\u0119 matowe i nabieraj\u0105 brzydkiego odcienia \u2013 to znak, \u017ce pora na porz\u0105dne oczyszczanie. \ud83d\ude42 Pami\u0119tajmy, aby wykona\u0107 po nim dobr\u0105 piel\u0119gnacj\u0119, np. z odbudowuj\u0105c\u0105 mask\u0105 proteinow\u0105, b\u0119dzie mia\u0142a okazj\u0119 dobrze wnikn\u0105\u0107 we w\u0142osy.<\/p>\n<p><strong>Dobrym pomys\u0142em, chocia\u017c nie jest to konieczno\u015b\u0107, s\u0105 tak\u017ce maski tonuj\u0105ce kolor.<\/strong> Och\u0142adzaj\u0105ce lub nadaj\u0105ce innego, wybranego przez nas odcienia. Sama stosuj\u0119 fioletowe i niebieskie, aby nieco och\u0142odzi\u0107 m\u00f3j blond, kt\u00f3ry ma tendencj\u0119 do \u017c\u00f3\u0142kni\u0119cia.<\/p>\n<blockquote>\n<h2>Dlaczego maska z pigmentami, a nie szampon?<\/h2>\n<\/blockquote>\n<p>Jest to delikatniejsza opcja, kt\u00f3ra pozwala skorygowa\u0107 kolor bez przesuszania w\u0142os\u00f3w. Na rynku dost\u0119pnych jest wiele produkt\u00f3w skierowanych do tego celu. Warto szuka\u0107 takich z nieco lepszym, bardziej naturalnym sk\u0142adem. Polecam Insight, Davines, Alter Ego, Anwen.<\/p>\n<blockquote>\n<h2>Masz jakie\u015b kosmetyki, bez kt\u00f3rych nie wyobra\u017casz sobie piel\u0119gnacji w\u0142os\u00f3w rozja\u015bnianych?<\/h2>\n<\/blockquote>\n<p>Gdybym mia\u0142a wybra\u0107 3 rzeczy, kt\u00f3re najbardziej polecam ka\u017cdej blondynce w piel\u0119gnacji w\u0142os\u00f3w rozja\u015bnianych, zdecydowanie by\u0142yby to:<\/p>\n<ol>\n<li><strong>Olaplex np. no. 0 i 3<\/strong> \u2013 zdecydowanie game changer mojej piel\u0119gnacji po rozja\u015bnianiu \ud83d\ude42<\/li>\n<li>Dobra <strong>od\u017cywka emolientowa i olejek stosowane na co dzie\u0144<\/strong>, sama uwielbiam <a href=\"https:\/\/www.hairstore.pl\/daily-use-c1320.html\">seri\u0119 Daily Use od Insight<\/a> oraz ich ciek\u0142e kryszta\u0142ki do zabezpieczania ko\u0144c\u00f3wek.<\/li>\n<li>\u015awietn\u0105 opcj\u0105 b\u0119dzie te\u017c maska lub <strong>ampu\u0142ka proteinowa<\/strong> stosowana raz w tygodniu. Od siebie polecam <a href=\"https:\/\/www.hairstore.pl\/anwen-protein-kuracja-proteinowa-w-ampulkach-4x8ml-p24344.html\">ampu\u0142ki PROtein marki Anwen<\/a>.<\/li>\n<\/ol>\n<blockquote>\n<h2>Cz\u0119sto spotykam si\u0119 ze stwierdzeniem, \u017ce w\u0142osy rozja\u015bniane ci\u0119\u017cej zapu\u015bci\u0107. Zgadzasz si\u0119 z tym?<\/h2>\n<\/blockquote>\n<p>Jest w tym troch\u0119 racji. Jednak przy zachowaniu odpowiedniej piel\u0119gnacji, cho\u0107 jest to trudniejsze ni\u017c w przypadku w\u0142os\u00f3w naturalnych, da si\u0119! \ud83d\ude42 Pami\u0119tajmy, \u017ce zapuszczenie w\u0142os\u00f3w wymaga dzia\u0142ania dwutorowo \u2013 z jednej strony musimy zadba\u0107 o to, aby nasze w\u0142osy ros\u0142y, warto stymulowa\u0107 cebulki i dba\u0107 o poprawn\u0105 piel\u0119gnacj\u0119 sk\u00f3ry g\u0142owy: dobry szampon, peeling, mo\u017cemy tak\u017ce w\u0142\u0105czy\u0107 wcierki i ampu\u0142ki na porost.<\/p>\n<p>Z drugiej strony kluczowe jest zminimalizowanie wykruszania si\u0119 w\u0142os\u00f3w, ten problem cz\u0119sto sprawia, \u017ce w\u0142osy cho\u0107 od nasady rosn\u0105, optycznie wydaj\u0105 si\u0119 wci\u0105\u017c tej samej d\u0142ugo\u015bci. W ochronie naszych ko\u0144c\u00f3wek ponownie pomocne b\u0119dzie serum silikonowe. Pami\u0119tajmy o regularnym podcinaniu zniszcze\u0144, aby nie pi\u0119\u0142y si\u0119 w g\u00f3r\u0119. Ciekaw\u0105 opcj\u0105 jest tak\u017ce <a href=\"https:\/\/www.hairstore.pl\/blog\/gorace-nozyczki-jaguar\/\">strzy\u017cenie metod\u0105 termocut<\/a>, warto zapyta\u0107 o ni\u0105 naszego fryzjera.<\/p>\n<blockquote>\n<h2>Jakie b\u0142\u0119dy pope\u0142niamy przy piel\u0119gnacji w\u0142os\u00f3w i czy blond jest dla ka\u017cdego?<\/h2>\n<\/blockquote>\n<p><strong>Chyba najcz\u0119stszym b\u0142\u0119dem w piel\u0119gnacji w\u0142os\u00f3w blond s\u0105:<\/strong><\/p>\n<ul>\n<li>nieodpowiednie dobranie produkt\u00f3w (w\u0142osy blond maj\u0105 swoje potrzeby i ich piel\u0119gnacja jest bardziej wymagaj\u0105ca)<\/li>\n<li>brak delikatno\u015bci i odpowiedniej ochrony (uwra\u017cliwione w\u0142osy nie s\u0105 ju\u017c w stanie znie\u015b\u0107 codziennej stylizacji wysok\u0105 temperatur\u0105, s\u0105 bardziej wra\u017cliwe na zniszczenia mechaniczne)<\/li>\n<li>brak odpowiednio bogatej piel\u0119gnacji lub brak piel\u0119gnacji w og\u00f3le \u2013 sam szampon nie wystarczy! (po wyj\u015bciu z salonu mog\u0105 wygl\u0105da\u0107 cudownie, ale to nie oznacza, \u017ce nie musimy nic wi\u0119cej z nimi robi\u0107)<\/li>\n<li>oraz najwa\u017cniejsze \u2013 agresywna koloryzacja w domu lub u niesprawdzonego fryzjera\u2026 w\u0142osy naprawd\u0119 mo\u017cna rozja\u015bni\u0107 bez spalenia ich, jednak tutaj najwa\u017cniejsza jest ostro\u017cno\u015b\u0107, dob\u00f3r odpowiednio delikatnej metody do typu w\u0142os\u00f3w (w tym pomo\u017ce nam fachowiec, fryzjer, kt\u00f3ry ma do\u015bwiadczenie).<\/li>\n<\/ul>\n<blockquote>\n<h2>Czy komu\u015b odradzi\u0142aby\u015b farbowanie w\u0142os\u00f3w na blond?<\/h2>\n<\/blockquote>\n<p>Leniuszkom, kt\u00f3re nie lubi\u0105 po\u015bwi\u0119ca\u0107 czasu na piel\u0119gnacj\u0119. Blond potrafi by\u0107 tak\u017ce kosztowny, o ile piel\u0119gnacj\u0119 w domu mo\u017cna skomponowa\u0107 z niedrogich produkt\u00f3w, to wizyty u dobrego fryzjera, a czasem potrzeba ich kilku, aby osi\u0105gn\u0105\u0107 wymarzony kolor, to ju\u017c kilkaset z\u0142otych jednorazowo. Trzeba by\u0107 na to gotowym i lepiej nie oszcz\u0119dza\u0107 w tej kwestii.<\/p>\n<p>Cierpliwo\u015b\u0107 to zdecydowanie cecha niezb\u0119dna, chc\u0105c osi\u0105gn\u0105\u0107 pi\u0119kny blond. Na przyk\u0142ad marz\u0105c o platynie z czarnych, farbowanych wielokrotnie w\u0142os\u00f3w, w jeden dzie\u0144 mo\u017cemy zapomnie\u0107 o dobrej kondycji w\u0142os\u00f3w\u2026 jest to wprost niemo\u017cliwe.<\/p>\n<p>Wa\u017cne, aby do takiego procesu si\u0119 przygotowa\u0107 i zadba\u0107 wcze\u015bniej o odpowiednie od\u017cywienie w\u0142os\u00f3w. Zdrowe lepiej przyjm\u0105 rozja\u015bnianie i nie sko\u0144czymy z kupk\u0105 siana. Lepiej wykona\u0107 stopniowo refleksy 2 lub 3 razy w ci\u0105gu kilku miesi\u0119cy, ni\u017c spali\u0107 w\u0142osy podczas jednej wizyty.<\/p>\n<p>Rozmow\u0119 przeprowadzi\u0142a Ma\u0142gorzata Orlewicz-\u0141a\u017aniowska.<\/p>\n","protected":false},"excerpt":{"rendered":"<p>W\u0142osy blond to jedne z najcz\u0119\u015bciej spotykanych w Polsce. Wiele kobiet posiada naturalnie jasne w\u0142osy, inne decyduj\u0105 si\u0119 na farbowanie i rozja\u015bnianie. Piel\u0119gnacja w\u0142os\u00f3w blond bywa trudna, dlatego o porady poprosili\u015bmy Noemi Drescher.<\/p>\n","protected":false},"author":8,"featured_media":17659,"comment_status":"open","ping_status":"open","sticky":false,"template":"","format":"standard","meta":{"footnotes":""},"categories":[11396],"tags":[11500,11386,4250],"yst_prominent_words":[2194,1834,940,1461,1623,4813,704,5044,5041,717,2933],"class_list":["post-17657","post","type-post","status-publish","format-standard","has-post-thumbnail","hentry","category-okiem-eksperta","tag-absudru","tag-eksperci","tag-wlosy-blond"],"_links":{"self":[{"href":"https:\/\/www.hairstore.pl\/blog\/wp-json\/wp\/v2\/posts\/17657","targetHints":{"allow":["GET"]}}],"collection":[{"href":"https:\/\/www.hairstore.pl\/blog\/wp-json\/wp\/v2\/posts"}],"about":[{"href":"https:\/\/www.hairstore.pl\/blog\/wp-json\/wp\/v2\/types\/post"}],"author":[{"embeddable":true,"href":"https:\/\/www.hairstore.pl\/blog\/wp-json\/wp\/v2\/users\/8"}],"replies":[{"embeddable":true,"href":"https:\/\/www.hairstore.pl\/blog\/wp-json\/wp\/v2\/comments?post=17657"}],"version-history":[{"count":8,"href":"https:\/\/www.hairstore.pl\/blog\/wp-json\/wp\/v2\/posts\/17657\/revisions"}],"predecessor-version":[{"id":27073,"href":"https:\/\/www.hairstore.pl\/blog\/wp-json\/wp\/v2\/posts\/17657\/revisions\/27073"}],"wp:featuredmedia":[{"embeddable":true,"href":"https:\/\/www.hairstore.pl\/blog\/wp-json\/wp\/v2\/media\/17659"}],"wp:attachment":[{"href":"https:\/\/www.hairstore.pl\/blog\/wp-json\/wp\/v2\/media?parent=17657"}],"wp:term":[{"taxonomy":"category","embeddable":true,"href":"https:\/\/www.hairstore.pl\/blog\/wp-json\/wp\/v2\/categories?post=17657"},{"taxonomy":"post_tag","embeddable":true,"href":"https:\/\/www.hairstore.pl\/blog\/wp-json\/wp\/v2\/tags?post=17657"},{"taxonomy":"yst_prominent_words","embeddable":true,"href":"https:\/\/www.hairstore.pl\/blog\/wp-json\/wp\/v2\/yst_prominent_words?post=17657"}],"curies":[{"name":"wp","href":"https:\/\/api.w.org\/{rel}","templated":true}]}}