{"id":17469,"date":"2021-05-13T10:20:06","date_gmt":"2021-05-13T08:20:06","guid":{"rendered":"https:\/\/www.hairstore.pl\/blog\/?p=17469"},"modified":"2026-03-25T10:42:56","modified_gmt":"2026-03-25T09:42:56","slug":"jonizacja-pytania-i-odpowiedzi","status":"publish","type":"post","link":"https:\/\/www.hairstore.pl\/blog\/jonizacja-pytania-i-odpowiedzi\/","title":{"rendered":"Okiem eksperta: jonizacja w suszarkach. Odpowiada Pawe\u0142 Piec"},"content":{"rendered":"<p>Czym jest jonizacja? Na czym polega to zjawisko? Po czym pozna\u0107, \u017ce zakupiona suszarka do w\u0142os\u00f3w posiada jonizacj\u0119? O to wszystko i wiele wi\u0119cej zapytali\u015bmy eksperta.<\/p>\n<p><!--more--><\/p>\n<p>Suszarki do w\u0142os\u00f3w z jonizacj\u0105 s\u0105 bardzo popularnym sprz\u0119tem fryzjerskim. Warto wiedzie\u0107, na czym polega jonizacja i jakie korzy\u015bci przynosi dla w\u0142os\u00f3w. O wszystkich kwestiach zwi\u0105zanych z jonizacj\u0105 w suszarkach i innych sprz\u0119tach fryzjerskich rozmawiamy z brand managerem <a href=\"https:\/\/www.hairstore.pl\/babyliss-pro-m3.html\">BaBylissPRO<\/a> Paw\u0142em Piecem.<\/p>\n<blockquote>\n<h2>Dlaczego w\u0142osy w og\u00f3le si\u0119 elektryzuj\u0105\/pusz\u0105 i co to ma wsp\u00f3lnego z wysok\u0105 temperatur\u0105?<\/h2>\n<\/blockquote>\n<p>Kluczow\u0105 kwesti\u0105 jest tutaj <strong>kondycja w\u0142osa<\/strong>.<\/p>\n<p>W\u0142osy pusz\u0105 si\u0119 lub elektryzuj\u0105, kiedy trac\u0105 naturaln\u0105 wilgo\u0107. Dzieje si\u0119 tak m. in., gdy \u0142uska w\u0142osa jest otwarta (rozchylona), a same w\u0142osy s\u0105 w zwi\u0105zku z tym uwra\u017cliwione. Przez rozchylone \u0142uski w\u0142os szybko traci swoj\u0105 naturaln\u0105 wilgotno\u015b\u0107, co nie pozostaje oboj\u0119tne dla jego kondycji. Efektem jest puszenie. To dlatego chocia\u017cby w\u0142osy kr\u0119cone maj\u0105 tendencj\u0105 do puszenia, bo z natury s\u0105 suche.<\/p>\n<p>Na puszenie wp\u0142ywa wiele czynnik\u00f3w, jak pogoda, wilgotno\u015b\u0107 powietrza czy w\u0142a\u015bnie suszenie w\u0142os\u00f3w. Wysoka temperatura emitowana przez urz\u0105dzenie powoduje, \u017ce z w\u0142os\u00f3w jeszcze bardziej ucieka wilgo\u0107.<\/p>\n<p><strong>Puszenie\/elektryzowanie jest wynikiem utraty wilgotno\u015bci przez uszkodzon\u0105, niedomkni\u0119t\u0105 \u0142usk\u0119 w\u0142osa.<\/strong> Temperatura emitowana przez urz\u0105dzenie, np. suszark\u0119, mo\u017ce zwi\u0119kszy\u0107 utrat\u0119 naturalnej wilgotno\u015bci w\u0142osa.<\/p>\n<p>Wysoka temperatura nigdy nie pomaga w\u0142osom. Oczywi\u015bcie mo\u017cna pasma zabezpieczy\u0107, stosuj\u0105c chocia\u017cby kosmetyki termoochronne czy susz\u0105c je w odpowiedni spos\u00f3b. Wa\u017cne jest te\u017c dobranie w\u0142a\u015bciwej temperatury do rodzaju w\u0142os\u00f3w. Im wy\u017csza temperatura, tym wi\u0119ksze uszkodzenie w\u0142os\u00f3w, wi\u0119c trzeba to robi\u0107 ostro\u017cnie.<\/p>\n<blockquote>\n<h2>Kiedy mo\u017cemy m\u00f3wi\u0107 o tym, \u017ce urz\u0105dzenie posiada funkcj\u0119 jonizacji?<\/h2>\n<\/blockquote>\n<p>\u017beby m\u00f3c m\u00f3wi\u0107 o jonizacji, potrzebny jest <strong>jonizator (generator jon\u00f3w ujemnych)<\/strong>. Jest to ma\u0142e urz\u0105dzenie przypominaj\u0105ce szpikulec, umieszczone wewn\u0105trz urz\u0105dzenia, blisko grza\u0142ki. Nie wystarczy sam element o w\u0142a\u015bciwo\u015bciach jonizuj\u0105cych, np. pow\u0142oka ceramiczna. Powietrze nie b\u0119dzie jonizowane, je\u015bli urz\u0105dzenie nie posiada jonizatora.<\/p>\n<p>Jonizator (generator jon\u00f3w ujemnych) jest wi\u0119c urz\u0105dzeniem, kt\u00f3re emituje jony ujemne. Istot\u0105 jonizacji jest zmiana \u0142adunku elektrycznego.<\/p>\n<p><img decoding=\"async\" class=\"aligncenter size-full wp-image-17475\" src=\"https:\/\/www.hairstore.pl\/blog\/wp-content\/uploads\/2021\/05\/jonizator.jpg\" alt=\"jonizator, generator jon\u00f3w ujemnych\" width=\"1200\" height=\"675\" srcset=\"https:\/\/www.hairstore.pl\/blog\/wp-content\/uploads\/2021\/05\/jonizator.jpg 800w, https:\/\/www.hairstore.pl\/blog\/wp-content\/uploads\/2021\/05\/jonizator-300x169.jpg 300w, https:\/\/www.hairstore.pl\/blog\/wp-content\/uploads\/2021\/05\/jonizator-1024x576.jpg 1024w, https:\/\/www.hairstore.pl\/blog\/wp-content\/uploads\/2021\/05\/jonizator-768x432.jpg 768w\" sizes=\"(max-width: 1200px) 100vw, 1200px\" \/><\/p>\n<blockquote>\n<h2>Po co suszarki posiadaj\u0105 funkcj\u0119 jonizacji?<\/h2>\n<\/blockquote>\n<p>Jonizacja bardzo u\u0142atwia prac\u0119 z w\u0142osami. <strong>U\u017cywanie suszarki z jonizacj\u0105 powoduje efekt kosmetyczny (nietrwa\u0142y), ale za to widoczny natychmiast.<\/strong><\/p>\n<p>W\u0142osy po wysuszeniu suszark\u0105 z jonizacj\u0105 maj\u0105 domkni\u0119t\u0105 \u0142usk\u0119 w\u0142osa, dzi\u0119ki czemu pasma s\u0105 g\u0142adkie, dobrze si\u0119 uk\u0142adaj\u0105.<\/p>\n<p>Ponadto domkni\u0119cie \u0142uski w\u0142osa zapobiega nadmiernej utracie wilgotno\u015bci, co przek\u0142ada si\u0119 na wygl\u0105d pasm. W\u0142osy wygl\u0105daj\u0105 zdrowiej, nie s\u0105 przesuszone, przestaj\u0105 si\u0119 puszy\u0107.<\/p>\n<blockquote>\n<h2>Co oznacza, \u017ce efekt jonizacji jest nietrwa\u0142y?<\/h2>\n<\/blockquote>\n<p>W\u0142os ma tendencj\u0119 do rozchylania \u0142usek. Ponadto jest na\u0142adowany dodatnio. Jonizator wytwarza jony ujemne, kt\u00f3re zmieniaj\u0105 \u0142adunek w\u0142os\u00f3w, a ponadto dochodzi do natychmiastowego domkni\u0119cia \u0142usek. Jet to jednak efekt kosmetyczno-wizualny.<\/p>\n<p>To dlatego w\u0142osy zaraz po suszeniu s\u0105 g\u0142adkie. W ci\u0105gu dnia jednak dojdzie do ich ponownego dodatniego na\u0142adowania, a \u0142uski zaczn\u0105 si\u0119 rozchyla\u0107.<\/p>\n<p>Jak szybko? To zale\u017cy od kondycji w\u0142os\u00f3w. Im bardziej uwra\u017cliwione czy suche w\u0142osy, tym szybciej ten efekt zacznie zanika\u0107. Na w\u0142osy wp\u0142ywa te\u017c spos\u00f3b piel\u0119gnacji czy chocia\u017cby wilgotno\u015b\u0107 powietrza.<\/p>\n<blockquote>\n<h2>Czy suszarka z jonizacj\u0105 pomo\u017ce te\u017c w uk\u0142adaniu w\u0142os\u00f3w?<\/h2>\n<\/blockquote>\n<p>Tak. Je\u015bli w\u0142os nie b\u0119dzie przesuszony, b\u0119dzie mie\u0107 domkni\u0119t\u0105 \u0142usk\u0119 i zadbamy o jego nawil\u017cenie, to b\u0119dzie te\u017c zdrowiej wygl\u0105da\u0107. A to z kolei prze\u0142o\u017cy si\u0119 na lepsze efekty stylizacji. Ponadto g\u0142adsze pasma b\u0119d\u0105 \u0142atwiejsze w uk\u0142adaniu chocia\u017cby dlatego, \u017ce nie b\u0119d\u0105 si\u0119 puszy\u0107.<\/p>\n<blockquote>\n<h2>Czy u\u017cywanie dw\u00f3ch urz\u0105dze\u0144 z jonizacj\u0105, np. suszarki i w kolejnym kroku prostownicy, pot\u0119guje ten efekt?<\/h2>\n<\/blockquote>\n<p><strong>Efekt jonizacji si\u0119 nie kumuluje.<\/strong> To, jak w\u0142osy b\u0119d\u0105 wygl\u0105da\u0107, zale\u017cy w du\u017cej mierze od ich kondycji i specyfiki. Sama jonizacja nie leczy w\u0142os\u00f3w, nie rozwi\u0105zuje ich problem\u00f3w &#8211; m\u00f3wimy raczej o wspominanym ju\u017c efekcie kosmetyczno-wizualnym.<\/p>\n<p>Je\u017celi musimy u\u017cywa\u0107 dw\u00f3ch urz\u0105dze\u0144 emituj\u0105cych wysok\u0105 temperatur\u0119, to lepiej si\u0119gn\u0105\u0107 po modele z jonizacj\u0105. Jonizacja z pewno\u015bci\u0105 nie zrobi krzywdy w\u0142osom, a mo\u017ce przecie\u017c domkn\u0105\u0107 \u0142uski i zmniejszy\u0107 ucieczk\u0119 naturalnej wilgoci. Pami\u0119tajmy jednak, \u017ce wysoka temperatura zawsze b\u0119dzie \u017ale wp\u0142ywa\u0107 na w\u0142osy. Wa\u017cna jest kontrola temperatury urz\u0105dzenia, dostosowana do rodzaju w\u0142osa i umiar.<\/p>\n<blockquote>\n<h2>Jak dzia\u0142a jonizator?<\/h2>\n<\/blockquote>\n<p>Generator jon\u00f3w ujemnych bardzo \u0142atwo us\u0142ysze\u0107 w przypadku prostownic do w\u0142os\u00f3w. Podczas w\u0142\u0105czania urz\u0105dzenia s\u0142ycha\u0107 do\u015b\u0107 wyra\u017anie pstryk, kt\u00f3ry przypomina odg\u0142os zapalania palnika w kuchenkach gazowych (tylko du\u017co bardziej cichszy). Ten d\u017awi\u0119k oznacza, \u017ce jonizator si\u0119 w\u0142\u0105czy\u0142 &#8211; zacz\u0105\u0142 dzia\u0142a\u0107, zacz\u0105\u0142 jonizowa\u0107 powietrze. W suszarce tego momentu nie us\u0142yszymy, bo urz\u0105dzenie dzia\u0142a do\u015b\u0107 g\u0142o\u015bno.<\/p>\n<p>Warto doda\u0107, \u017ce charakterystyczny odg\u0142os w\u0142\u0105czania jonizatora nie powinien by\u0107 mylony z awari\u0105 urz\u0105dzenia. Ten d\u017awi\u0119k to normalny objaw, a urz\u0105dzenie dzia\u0142a prawid\u0142owo (nie dosz\u0142o do \u017cadnego przebicia).<\/p>\n<p>Urz\u0105dzenie to ma form\u0119 szpilki najcz\u0119\u015bciej umieszczonej blisko miedzianek p\u0142ytki. Podczas w\u0142\u0105czania urz\u0105dzenia nast\u0119puje przeskok iskry mi\u0119dzy p\u0142ytk\u0105 a \u201cszpilk\u0105\u201d i w ten spos\u00f3b jest jonizowane powietrze. To urz\u0105dzenie jest ma\u0142e i jego zasada dzia\u0142ania jest prosta.<\/p>\n<p>Zadaniem jonizatora jest wi\u0119c zmiana \u0142adunku elektrycznego na ujemny.<\/p>\n<blockquote>\n<h2>W jaki spos\u00f3b jonizacja jest &#8222;aktywowana&#8221; podczas suszenia? Czy korzystanie z funkcji jonizacji w suszarkach wymaga dodatkowych czynno\u015bci b\u0105d\u017a przygotowa\u0144?<\/h2>\n<\/blockquote>\n<p>Tak jak powiedzia\u0142em wcze\u015bniej, <strong>jonizator jest w\u0142\u0105czany podczas uruchamiania urz\u0105dzenia<\/strong>. Nie ma konieczno\u015bci jego w\u0142\u0105czania. Mo\u017cna powiedzie\u0107, \u017ce dop\u00f3ki dzia\u0142a suszarka, dzia\u0142a r\u00f3wnie\u017c jonizator. Nie ma \u017cadnego dodatkowego przycisku, kt\u00f3ry by aktywowa\u0142 t\u0119 funkcj\u0119.<\/p>\n<blockquote>\n<h2>Jak poprawnie suszy\u0107 w\u0142osy?<\/h2>\n<\/blockquote>\n<p>Odpowiednie suszenie w\u0142os\u00f3w pozwoli zachowa\u0107 w\u0142osy w dobrej kondycji. Na samym pocz\u0105tku warto powiedzie\u0107, jak przygotowa\u0107 w\u0142osy do suszenia.<\/p>\n<ol>\n<li>Na koniec mycia w\u0142os\u00f3w sp\u0142uczmy je zimn\u0105 wod\u0105. Dzi\u0119ki temu delikatnie domkniemy \u0142uski, czyli zamkniemy wilgo\u0107 we w\u0142osach.<\/li>\n<li>Przy farbowaniu w\u0142os\u00f3w warto u\u017cywa\u0107 na koniec od\u017cywki\/maski zakwaszaj\u0105cej. Taki kosmetyk r\u00f3wnie\u017c domknie \u0142usk\u0119, kt\u00f3ra wskutek zabiegu chemicznego zosta\u0142a maksymalnie rozchylona.<\/li>\n<li>Nadmiar wody z w\u0142os\u00f3w odciskamy w r\u0119cznik przed suszeniem. Nie pocieramy w\u0142os\u00f3w i nie suszymy ca\u0142kiem mokrych pasm. Im bardziej mokre w\u0142osy, tym suszenie b\u0119dzie trwa\u0142o d\u0142u\u017cej. A to oznacza, \u017ce b\u0119dziemy na w\u0142osy oddzia\u0142ywa\u0107 wysok\u0105 temperatur\u0105 d\u0142u\u017cej ni\u017c to by\u0142o konieczne.<\/li>\n<\/ol>\n<p>Stosujmy kosmetyki termoochronne, \u017ceby w trakcie suszenia dodatkowo ochroni\u0107 w\u0142osy przed dzia\u0142aniem wysokiej temperatury.<\/p>\n<p>Suszarki nie wolno przystawia\u0107 bezpo\u015brednio do pasma w\u0142os\u00f3w. Urz\u0105dzenie trzeba trzyma\u0107 w pewnej odleg\u0142o\u015bci od w\u0142os\u00f3w &#8211; na tyle, na ile czujemy si\u0119 komfortowo. Powietrze z suszarki nie mo\u017ce parzy\u0107.<\/p>\n<p>Wa\u017cne jest dostosowanie temperatury urz\u0105dzenia do rodzaju w\u0142os\u00f3w. Warto uda\u0107 si\u0119 najpierw do trychologa, kt\u00f3ry zbada w\u0142osy i okre\u015bli ich specyfik\u0119.<\/p>\n<p>Strumienia gor\u0105cego powietrza nie powinno si\u0119 kierowa\u0107 bezpo\u015brednio na sk\u00f3r\u0119 g\u0142owy. Wysoka temperatura mo\u017ce powodowa\u0107 przet\u0142uszczanie si\u0119 sk\u00f3ry g\u0142owy.<\/p>\n<p>Na koniec suszenia trzeba u\u017cy\u0107 przycisku zimnego powietrza i sch\u0142odzi\u0107 w\u0142osy.<\/p>\n<blockquote>\n<h2>Jaka jest funkcja przycisku zimnego powietrza?<\/h2>\n<\/blockquote>\n<p>Ma to dwojakie zastosowanie. Po pierwsze <strong>sch\u0142adzamy w\u0142osy<\/strong>. A to wyjdzie im na zdrowie. Po drugie, <strong>zimne powietrze dobrze wp\u0142ynie na suszark\u0119 i przed\u0142u\u017cy jej \u017cywotno\u015b\u0107<\/strong>.<\/p>\n<p>Dzia\u0142anie ciep\u0142o-zimno jest jak hartowanie stali. Zimne powietrze u\u017cyte na koniec suszenia hartuje elementy grzewcze umieszczone w \u015brodku suszarki. Powolne stygni\u0119cie urz\u0105dzenia czy w\u0142os\u00f3w nie jest dobre.<\/p>\n<p>Ponadto och\u0142odzenie w\u0142os\u00f3w mo\u017ce przed\u0142u\u017cy\u0107 efekt stylizacji. Ciep\u0142y w\u0142os jest plastyczny i szybko traci sw\u00f3j kszta\u0142t. W\u0142os och\u0142odzony \u201czapami\u0119tuje\u201d kszta\u0142t.<\/p>\n<p>Je\u015bli chcesz odbi\u0107 w\u0142osy od nasady dla efektu wi\u0119kszej obj\u0119to\u015bci, warto na koniec suszenia z g\u0142ow\u0105 do do\u0142u sch\u0142odzi\u0107 w\u0142osy. Wtedy ten efekt odbicia w\u0142os\u00f3w od nasady utrwalimy.<\/p>\n<blockquote>\n<h2>Czy zastosowanie technologii jonowej mo\u017ce poprawi\u0107 dzia\u0142anie \u015brodk\u00f3w piel\u0119gnacyjnych?<\/h2>\n<\/blockquote>\n<p>Poniek\u0105d. Istniej\u0105 kosmetyki, kt\u00f3rych dzia\u0142anie jest aktywowane pod wp\u0142ywem ciep\u0142a. Na ich dzia\u0142anie na w\u0142osy jednak nie ma bezpo\u015bredniego wp\u0142ywu jonizacja, ale gor\u0105ca temperatura emitowana przez urz\u0105dzenie. Zazwyczaj takie kosmetyki termoaktywne zawieraj\u0105 hityn\u0119.<\/p>\n<p>Z drugiej strony jonizacja przez domkni\u0119cie \u0142uski w\u0142osa mo\u017ce u\u0142atwi\u0107 wnikanie od\u017cywek czy masek. Je\u015bli u\u017cyjemy do suszenia w\u0142os\u00f3w suszarki z jonizacj\u0105, to domkniemy \u0142uski i tym samym \u201czatrzymamy\u201d sk\u0142adniki aktywne we w\u0142osie. To z kolei prze\u0142o\u017cy si\u0119 na wi\u0119ksze od\u017cywienie kosmyk\u00f3w.<\/p>\n<blockquote>\n<h2>Po czym pozna\u0107, \u017ce dany sprz\u0119t posiada funkcj\u0119 jonizacji? Gdzie szuka\u0107 informacji na ten temat?<\/h2>\n<\/blockquote>\n<p>To bardzo proste. Wystarczy tylko spojrze\u0107 przez sitko z przodu do \u015brodka suszarki, oczywi\u015bcie przy wy\u0142\u0105czonym urz\u0105dzeniu. <strong>Go\u0142ym okiem powinni\u015bmy zauwa\u017cy\u0107 wspominan\u0105 wcze\u015bniej szpilk\u0119, a wi\u0119c jonizator<\/strong>.<\/p>\n<p>Generator jon\u00f3w ujemnych to ma\u0142e i niepozorne urz\u0105dzenie. Ma d\u0142ugo\u015b\u0107 oko\u0142o 1 centymetra i jest ostro zako\u0144czone.<\/p>\n<p>Zazwyczaj jonizator jest umieszczony z przodu suszarki, na g\u0142\u0119boko\u015bci mniej wi\u0119cej 3 centymetr\u00f3w od wylotu powietrza, przy grza\u0142kach.<\/p>\n<p>W przypadku prostownic do w\u0142os\u00f3w &#8211; tak jak wspomina\u0142em wcze\u015bniej &#8211; jonizator us\u0142yszymy. To b\u0119dzie pstryk, jakby bzyczenie.<\/p>\n<p>Ponadto informacj\u0119 o tym, \u017ce suszarka \u2013 czy ka\u017cdy inny sprz\u0119t &#8211; posiada generator jon\u00f3w ujemnych, producent powinien poda\u0107 na opakowaniu urz\u0105dzenia oraz dodatkowo w specyfikacji za\u0142\u0105czonej do instrukcji.<\/p>\n<p>Co istotne, szukajmy informacji o tym, \u017ce suszarka do w\u0142os\u00f3w czy prostownica s\u0105 wyposa\u017cone w generator jon\u00f3w ujemnych, a nie posiadaj\u0105 tylko powierzchnie jonizuj\u0105ce. Tak jak m\u00f3wi\u0142em wcze\u015bniej, sama pow\u0142oka nie ma zdolno\u015bci emitowania jon\u00f3w. Jonizacja musi zosta\u0107 jako\u015b wywo\u0142ana &#8211; i za to w\u0142a\u015bnie odpowiada jonizator.<\/p>\n<p>Rozmow\u0119 przeprowadzi\u0142a Ma\u0142gorzata Orlewicz-\u0141a\u017aniowska<\/p>\n<p><strong>O marce BabylissPRO<\/strong>: BaBylissPRO od ponad 60 lat produkuje zaawansowane technologicznie, innowacyjne i wydajne urz\u0105dzenia do stylizacji w\u0142os\u00f3w. Produkty marki ciesz\u0105 si\u0119 uznaniem w\u015br\u00f3d fryzjer\u00f3w, stylist\u00f3w i barber\u00f3w na ca\u0142ym \u015bwiecie za trwa\u0142o\u015b\u0107, wydajno\u015b\u0107 i wszechstronno\u015b\u0107 zastosowania.<\/p>\n<p style=\"margin: 0in; font-family: Calibri; font-size: 11.0pt;\"><div id=\"hsbp-ebbfc9857f983f65e6003461755d5696\" class=\"hsbp\"><\/div><\/p>\n","protected":false},"excerpt":{"rendered":"<p>Czym jest jonizacja? Na czym polega to zjawisko? Po czym pozna\u0107, \u017ce zakupiona suszarka do w\u0142os\u00f3w posiada jonizacj\u0119? O to wszystko i wiele wi\u0119cej zapytali\u015bmy eksperta.<\/p>\n","protected":false},"author":8,"featured_media":17474,"comment_status":"open","ping_status":"open","sticky":false,"template":"","format":"standard","meta":{"footnotes":""},"categories":[11396],"tags":[150,11386],"yst_prominent_words":[3709,6207,3069,3064,3733,3519,3269,704,717],"class_list":["post-17469","post","type-post","status-publish","format-standard","has-post-thumbnail","hentry","category-okiem-eksperta","tag-babylisspro","tag-eksperci"],"_links":{"self":[{"href":"https:\/\/www.hairstore.pl\/blog\/wp-json\/wp\/v2\/posts\/17469","targetHints":{"allow":["GET"]}}],"collection":[{"href":"https:\/\/www.hairstore.pl\/blog\/wp-json\/wp\/v2\/posts"}],"about":[{"href":"https:\/\/www.hairstore.pl\/blog\/wp-json\/wp\/v2\/types\/post"}],"author":[{"embeddable":true,"href":"https:\/\/www.hairstore.pl\/blog\/wp-json\/wp\/v2\/users\/8"}],"replies":[{"embeddable":true,"href":"https:\/\/www.hairstore.pl\/blog\/wp-json\/wp\/v2\/comments?post=17469"}],"version-history":[{"count":5,"href":"https:\/\/www.hairstore.pl\/blog\/wp-json\/wp\/v2\/posts\/17469\/revisions"}],"predecessor-version":[{"id":27077,"href":"https:\/\/www.hairstore.pl\/blog\/wp-json\/wp\/v2\/posts\/17469\/revisions\/27077"}],"wp:featuredmedia":[{"embeddable":true,"href":"https:\/\/www.hairstore.pl\/blog\/wp-json\/wp\/v2\/media\/17474"}],"wp:attachment":[{"href":"https:\/\/www.hairstore.pl\/blog\/wp-json\/wp\/v2\/media?parent=17469"}],"wp:term":[{"taxonomy":"category","embeddable":true,"href":"https:\/\/www.hairstore.pl\/blog\/wp-json\/wp\/v2\/categories?post=17469"},{"taxonomy":"post_tag","embeddable":true,"href":"https:\/\/www.hairstore.pl\/blog\/wp-json\/wp\/v2\/tags?post=17469"},{"taxonomy":"yst_prominent_words","embeddable":true,"href":"https:\/\/www.hairstore.pl\/blog\/wp-json\/wp\/v2\/yst_prominent_words?post=17469"}],"curies":[{"name":"wp","href":"https:\/\/api.w.org\/{rel}","templated":true}]}}