{"id":17413,"date":"2021-05-05T09:23:54","date_gmt":"2021-05-05T07:23:54","guid":{"rendered":"https:\/\/www.hairstore.pl\/blog\/?p=17413"},"modified":"2026-03-25T10:41:38","modified_gmt":"2026-03-25T09:41:38","slug":"nanoplastia-wlosow-pytania-i-odpowiedzi","status":"publish","type":"post","link":"https:\/\/www.hairstore.pl\/blog\/nanoplastia-wlosow-pytania-i-odpowiedzi\/","title":{"rendered":"Okiem eksperta: nanoplastia w\u0142os\u00f3w. Odpowiada Kamila Sieradzan"},"content":{"rendered":"<p>Wiele kobiet marzy o prostych i l\u015bni\u0105cych w\u0142osach bez konieczno\u015bci codziennego ich modelowania. Nie ka\u017cda te\u017c z r\u00f3\u017cnych wzgl\u0119d\u00f3w mo\u017ce zastosowa\u0107 keratynowe prostowanie w\u0142os\u00f3w. Od pewnego czasu mamy jednak alternatyw\u0119!<\/p>\n<p><!--more--><\/p>\n<p>Nanoplastia \u2013 to nowo\u015b\u0107 w piel\u0119gnacji w\u0142os\u00f3w. Na czym dok\u0142adnie polega, czy jest bezpieczna i jak si\u0119 j\u0105 przeprowadza \u2013 porozmawiali\u015bmy o tym z profesjonaln\u0105 stylistk\u0105 fryzur Kamil\u0105 Sieradzan, kt\u00f3ra rezultatami swojej pracy dzieli si\u0119 m.in. na swoim facebookowym profilu: <a href=\"https:\/\/www.facebook.com\/kstudio80\" rel=\"nofollow\">@kstudio80<\/a>.<\/p>\n<blockquote>\n<h2>Nanoplastia \u2013 co to jest?<\/h2>\n<\/blockquote>\n<p>Zabieg nanoplastii ma na celu przede wszystkim <strong>wyg\u0142adzenie, wyprostowanie i uelastycznienie w\u0142os\u00f3w<\/strong>. Zabieg ten r\u00f3wnie\u017c regeneruje w\u0142osy \u2013 ich struktur\u0119 zewn\u0119trzn\u0105. Jest podobny do keratynowego prostowania w\u0142os\u00f3w z t\u0105 zasadnicz\u0105 r\u00f3\u017cnic\u0105, \u017ce nanoplasti\u0119 wykonuje si\u0119 na bazie preparat\u00f3w pochodzenia ro\u015blinnego.<\/p>\n<p>Czyli zar\u00f3wno nanoplastia prostuje w\u0142osy, jak i keratyna, ale nanoplastia opiera si\u0119 na produktach organicznych i <strong>nie zawiera formaldehydu<\/strong>, czyli jest w pe\u0142ni bezpieczna.<\/p>\n<blockquote>\n<h2>Kto mo\u017ce zrobi\u0107 sobie zabieg nanoplastii?<\/h2>\n<\/blockquote>\n<p>Ka\u017cdy tak naprawd\u0119, kto chce czy tego potrzebuje \u2013 nie ma tu w zasadzie \u017cadnych ogranicze\u0144 lub przeciwskaza\u0144.<\/p>\n<blockquote>\n<h2>Czy kobiety w ci\u0105\u017cy mog\u0105 te\u017c przyj\u015b\u0107 na\u202fnanoplasti\u0119?<\/h2>\n<\/blockquote>\n<p>Tak, zar\u00f3wno u kobiet w ci\u0105\u017cy, jak i u dzieci mo\u017cna z powodzeniem wykona\u0107 nanoplasti\u0119 \u2013 jest to ca\u0142kowicie bezpieczne. <strong>Wykonywa\u0142am ju\u017c taki zabieg u dzieci kilkuletnich z bardzo pusz\u0105cymi si\u0119 w\u0142osami, dla kt\u00f3rych stanowi\u0142y one dyskomfort.<\/strong> Preparaty stosowane podczas zabiegu s\u0105 w pe\u0142ni organiczne, pozbawione szkodliwych substancji, wi\u0119c jest to bezpieczne.<\/p>\n<blockquote>\n<h2>Czy ka\u017cdy rodzaj w\u0142os\u00f3w mo\u017cna podda\u0107\u202fnanoplastii?<\/h2>\n<\/blockquote>\n<p>Mo\u017cna j\u0105 wykonywa\u0107 na w\u0142osach farbowanych, na w\u0142osach cienkich, suchych czy rozja\u015bnianych, nawet na mocno kr\u0119conych czy afro. <strong>Nie powinno si\u0119 wykonywa\u0107 nanoplastii na w\u0142osach mocno zniszczonych, dlatego trzeba zawsze zachowa\u0107 odpowiedni\u0105 procedur\u0119.<\/strong><\/p>\n<p>Po pierwsze, fryzjer musi wykona\u0107 test elastyczno\u015bci w\u0142osa, nast\u0119pnie decyduje o tym, czy poprzedzi\u0107 nanoplasti\u0119 wykonaniem 5-6 dni wcze\u015bniej zabiegiem piel\u0119gnacyjnym. Zabieg piel\u0119gnacyjny zale\u017cy od stopnia zniszczenia w\u0142os\u00f3w, mo\u017ce by\u0107 silnie regeneruj\u0105cy i nawil\u017caj\u0105cy lub delikatny.<\/p>\n<p>Dopiero wtedy, po przeprowadzeniu regeneracji, fryzjer dobiera odpowiedni do danych w\u0142os\u00f3w produkt, kt\u00f3rym wykonuje si\u0119 zabieg nanoplastii. Inny do prostowania afro i mocno kr\u0119conych, inny do w\u0142os\u00f3w delikatnych, blond\u00f3w, naturalnie ci\u0119\u017ckich i grubych.<\/p>\n<p><strong>Dlatego je\u015bli kto\u015b planuje nanoplasti\u0119 na jakie\u015b wydarzenie, typu \u015blub, wa\u017cne jest, aby nie zostawia\u0142 na ostatni\u0105 chwil\u0119 wizyty u fryzjera.<\/strong> Optymalnie, je\u015bli na miesi\u0105c przed planowanym wydarzeniem uda si\u0119 na test elastyczno\u015bci w\u0142osa i zaplanuje dalsze kroki.<\/p>\n<blockquote>\n<h2>Czy mo\u017cna wykonywa\u0107\u202fnanoplasti\u0119\u202fna w\u0142osach siwych?<\/h2>\n<\/blockquote>\n<p>Nie ma przeciwskaza\u0144, je\u015bli kto\u015b ma tak\u0105 potrzeb\u0119, tylko nale\u017cy zastosowa\u0107 w\u00f3wczas produkt do w\u0142os\u00f3w naturalnych.<\/p>\n<blockquote>\n<h2>Jak przygotowa\u0107 si\u0119 do zabiegu nanoplastii?<\/h2>\n<\/blockquote>\n<p>Jak ju\u017c wspomina\u0142am, najlepiej nale\u017cy uda\u0107 si\u0119 na konsultacj\u0119, podczas kt\u00f3rej fryzjer przeprowadza wywiad z klientk\u0105, by uzyska\u0107 jak najwi\u0119cej informacji o jej w\u0142osach. Nast\u0119pnie wykonuje diagnoz\u0119 kondycji w\u0142os\u00f3w oraz test ich elastyczno\u015bci, by okre\u015bli\u0107 stopie\u0144 ich zniszczenia. Wszystko po to, by zdecydowa\u0107, czy nanoplasti\u0119 nale\u017cy najpierw poprzedzi\u0107 zabiegiem regeneracyjnym oraz aby dobra\u0107 optymalny preparat do danych w\u0142os\u00f3w.<\/p>\n<p><strong>Bezpo\u015brednio przed zabiegiem nale\u017cy w\u0142osy umy\u0107<\/strong>. Mo\u017cna oczywi\u015bcie umy\u0107 g\u0142ow\u0119 samodzielnie, w domu, wtedy nie nak\u0142adamy na w\u0142osy \u017cadnych dodatkowych preparat\u00f3w. Jednak ja preferuj\u0119 mycie w\u0142os\u00f3w w salonie bezpo\u015brednio przed zabiegiem. W\u00f3wczas mam pewno\u015b\u0107, \u017ce jest to zrobione dobrze i w\u0142a\u015bciwym preparatem, kt\u00f3ry przygotowuje odpowiednio w\u0142osy do zabiegu.<\/p>\n<blockquote>\n<h2>Jak przebiega zabieg? Ile trwa?<\/h2>\n<\/blockquote>\n<p>Zabieg, w zale\u017cno\u015bci od d\u0142ugo\u015bci w\u0142os\u00f3w, trwa <strong>od 3 do 8 godzin<\/strong>.<\/p>\n<ul>\n<li>Przed zabiegiem, jak ju\u017c wspomnia\u0142am, fryzjer myje g\u0142ow\u0119 specjalnym szamponem oczyszczaj\u0105cym. Nast\u0119pnie w\u0142osy si\u0119 suszy.<\/li>\n<li>P\u00f3\u017aniej nak\u0142adamy dobrany wcze\u015bniej do kondycji i typu w\u0142os\u00f3w produkt do nanoplastii. Ja dodatkowo zabezpieczam jeszcze w\u0142osy olejkiem. Po up\u0142ywie przewidzianego czasu, w zale\u017cno\u015bci od grubo\u015bci w\u0142os\u00f3w mo\u017ce to by\u0107 ok. 1\u20131,5 godziny, w\u0142osy delikatnie podp\u0142ukuj\u0119, susz\u0119 i zaczynam prostowanie prostownic\u0105. Ten etap jest kluczowy i nale\u017cy go wykona\u0107 odpowiednio, czyli pasma prostujemy temperatur\u0105 dobran\u0105 do struktury i stanu w\u0142os\u00f3w oraz nale\u017cy stosowa\u0107 temperatur\u0119 ni\u017csz\u0105 na ko\u0144cach w\u0142os\u00f3w. Ponadto trzeba bardzo uwa\u017ca\u0107 z ilo\u015bci\u0105 przeprostowa\u0144 \u2013 t\u0119 r\u00f3wnie\u017c dostosowujemy do stanu w\u0142os\u00f3w i ich rodzaju. To jest bardzo wa\u017cne. Wcale nie jest tak, \u017ce pasmo mo\u017cna prostowa\u0107 dowoln\u0105 ilo\u015b\u0107 razy. W\u0142osy pod wp\u0142ywem z\u0142ej temperatury mo\u017cemy zniszczy\u0107 i doprowadzi\u0107 te\u017c do znacznej zmiany ich koloru.<\/li>\n<li>Po prostowaniu odczekuje si\u0119 ok. 15 minut, a\u017c w\u0142osy ostygn\u0105 i nast\u0119pnie myje si\u0119 je specjalnym szamponem, nak\u0142ada si\u0119 odpowiedni\u0105 od\u017cywk\u0119, suszy i od razu mo\u017cna cieszy\u0107 si\u0119 docelowym efektem. Rezultat gwarantowany to 6 miesi\u0119cy, ale w zasadzie efekt zabiegu nanoplastii utrzymuje si\u0119 nawet do roku czasu.<\/li>\n<\/ul>\n<blockquote>\n<h2>Jak dba\u0107 o w\u0142osy po zabiegu nanoplastii?<\/h2>\n<\/blockquote>\n<p>Nale\u017cy zaopatrzy\u0107 si\u0119 w profesjonalny zestaw do piel\u0119gnacji w\u0142os\u00f3w po nanoplastii, aby efekt utrzymywa\u0142 si\u0119 na odpowiednim poziomie przez d\u0142ugi czas.<\/p>\n<blockquote>\n<h2>Kiedy najlepiej farbowa\u0107 w\u0142osy?<\/h2>\n<\/blockquote>\n<p>Po nanoplastii, ale najlepiej <strong>min. 5-10 dni od zabiegu<\/strong>, a rozja\u015bniamy jeszcze troch\u0119 p\u00f3\u017aniej. Generalnie lepiej farbowa\u0107 w\u0142osy po nanoplastii, poniewa\u017c temperatura podczas zabiegu mo\u017ce mie\u0107 wp\u0142yw na odcie\u0144 w\u0142os\u00f3w uprzednio poddanych koloryzacji.<\/p>\n<blockquote>\n<h2>Jakimi produktami wykonywany jest zabieg?<\/h2>\n<\/blockquote>\n<p>Zabieg nanoplastii bezwzgl\u0119dnie nale\u017cy wykonywa\u0107 certyfikowanymi preparatami. S\u0105 to w\u00f3wczas innowacyjne formu\u0142y \u2013 bezpieczne i skuteczne.<\/p>\n<p>Po\u015br\u00f3d sk\u0142adnik\u00f3w aktywnych s\u0105: <strong>serycyna<\/strong> (bia\u0142ko jedwabiu), <strong>kwas mlekowy<\/strong>, <strong>kwas askrobiowy<\/strong> (wit. C), opcjonalnie <strong>olej arganowy<\/strong>, <strong>mas\u0142o shea<\/strong>. Certyfikowane preparaty do nanoplastii nie zawieraj\u0105: formaldehydu, karbocysteiny, nie podra\u017cniaj\u0105 sk\u00f3ry, oczu ani uk\u0142adu oddechowego i s\u0105 bezpieczne zar\u00f3wno dla klienta, jak i osoby wykonuj\u0105cej zabieg.<\/p>\n<blockquote>\n<h2>Czy w\u0142osy po nanoplastii poddaj\u0105 si\u0119 modelowaniu?<\/h2>\n<\/blockquote>\n<p>Trzeba mie\u0107 \u015bwiadomo\u015b\u0107, \u017ce w\u0142osy b\u0119d\u0105 wyg\u0142adzone, lej\u0105ce, co naturalne w zwi\u0105zku z tym \u2013zmniejszy si\u0119 wizualnie ich obj\u0119to\u015b\u0107. Jednak w\u0142osy po nanoplastii poddaj\u0105 si\u0119 modelowaniu, mo\u017cna bez ryzyka stosowa\u0107 lok\u00f3wk\u0119 czy podnosi\u0107 je u nasady na szczotce.<\/p>\n<blockquote>\n<h2>Czy jest jaka\u015b pora roku najlepsza na wykonanie\u202fnanoplastii? Czy w zasadzie mo\u017cemy wykonywa\u0107 zabieg ca\u0142y rok?<\/h2>\n<\/blockquote>\n<p>Zabieg mo\u017cna wykonywa\u0107 <strong>o ka\u017cdej porze roku<\/strong> bez wp\u0142ywu na rezultat. Co wa\u017cne, na efekt nie wp\u0142ywaj\u0105 te\u017c takie czynniki jak korzystanie z basenu czy sauny.<\/p>\n<blockquote>\n<h2>O czym nale\u017cy szczeg\u00f3lnie pami\u0119ta\u0107, decyduj\u0105c si\u0119 na nanoplasti\u0119?<\/h2>\n<\/blockquote>\n<p>Zabieg ten powinien przeprowadza\u0107 wykwalifikowany w tym zakresie fryzjer, gdy\u017c jest wiele element\u00f3w, kt\u00f3re \u017ale wykonane mog\u0105 nie przynie\u015b\u0107 wymarzonego rezultatu, a nawet zniszczy\u0107 w\u0142osy. Klientka powinna te\u017c zweryfikowa\u0107, czy stosowane preparaty maj\u0105 odpowiednie certyfikaty. Odradzam kupowanie nieznanych produkt\u00f3w i wykonywanie sobie tego zabiegu przez osoby bez odpowiednich kwalifikacji \u2013 mo\u017ce to przynie\u015b\u0107 wi\u0119cej szkody ni\u017c po\u017cytku.<\/p>\n<p>Rozmow\u0119 przeprowadzi\u0142a Natalia Witek-D\u0105browska<\/p>\n<p style=\"margin: 0in; font-family: Calibri; font-size: 11.0pt;\"><div id=\"hsbp-6421cfee494670c70c3e1594988d0e2d\" class=\"hsbp\"><\/div><\/p>\n","protected":false},"excerpt":{"rendered":"<p>Wiele kobiet marzy o prostych i l\u015bni\u0105cych w\u0142osach bez konieczno\u015bci codziennego ich modelowania. Nie ka\u017cda te\u017c z r\u00f3\u017cnych wzgl\u0119d\u00f3w mo\u017ce zastosowa\u0107 keratynowe prostowanie w\u0142os\u00f3w. Od pewnego czasu mamy jednak alternatyw\u0119!<\/p>\n","protected":false},"author":2,"featured_media":17416,"comment_status":"open","ping_status":"open","sticky":false,"template":"","format":"standard","meta":{"footnotes":""},"categories":[11396],"tags":[11386],"yst_prominent_words":[9111,1461,1622,704,717,2975],"class_list":["post-17413","post","type-post","status-publish","format-standard","has-post-thumbnail","hentry","category-okiem-eksperta","tag-eksperci"],"_links":{"self":[{"href":"https:\/\/www.hairstore.pl\/blog\/wp-json\/wp\/v2\/posts\/17413","targetHints":{"allow":["GET"]}}],"collection":[{"href":"https:\/\/www.hairstore.pl\/blog\/wp-json\/wp\/v2\/posts"}],"about":[{"href":"https:\/\/www.hairstore.pl\/blog\/wp-json\/wp\/v2\/types\/post"}],"author":[{"embeddable":true,"href":"https:\/\/www.hairstore.pl\/blog\/wp-json\/wp\/v2\/users\/2"}],"replies":[{"embeddable":true,"href":"https:\/\/www.hairstore.pl\/blog\/wp-json\/wp\/v2\/comments?post=17413"}],"version-history":[{"count":6,"href":"https:\/\/www.hairstore.pl\/blog\/wp-json\/wp\/v2\/posts\/17413\/revisions"}],"predecessor-version":[{"id":27076,"href":"https:\/\/www.hairstore.pl\/blog\/wp-json\/wp\/v2\/posts\/17413\/revisions\/27076"}],"wp:featuredmedia":[{"embeddable":true,"href":"https:\/\/www.hairstore.pl\/blog\/wp-json\/wp\/v2\/media\/17416"}],"wp:attachment":[{"href":"https:\/\/www.hairstore.pl\/blog\/wp-json\/wp\/v2\/media?parent=17413"}],"wp:term":[{"taxonomy":"category","embeddable":true,"href":"https:\/\/www.hairstore.pl\/blog\/wp-json\/wp\/v2\/categories?post=17413"},{"taxonomy":"post_tag","embeddable":true,"href":"https:\/\/www.hairstore.pl\/blog\/wp-json\/wp\/v2\/tags?post=17413"},{"taxonomy":"yst_prominent_words","embeddable":true,"href":"https:\/\/www.hairstore.pl\/blog\/wp-json\/wp\/v2\/yst_prominent_words?post=17413"}],"curies":[{"name":"wp","href":"https:\/\/api.w.org\/{rel}","templated":true}]}}