{"id":16872,"date":"2021-03-11T09:34:25","date_gmt":"2021-03-11T08:34:25","guid":{"rendered":"https:\/\/www.hairstore.pl\/blog\/?p=16872"},"modified":"2021-03-11T09:34:25","modified_gmt":"2021-03-11T08:34:25","slug":"5-trikow-na-objetosc-wlosow-podczas-suszenia","status":"publish","type":"post","link":"https:\/\/www.hairstore.pl\/blog\/5-trikow-na-objetosc-wlosow-podczas-suszenia\/","title":{"rendered":"Jak doda\u0107 w\u0142osom obj\u0119to\u015bci? Pomo\u017ce Ci suszarka"},"content":{"rendered":"<p>Pocz\u0105tek wiosny to czas, kiedy \u015bci\u0105gamy czapki, wychodzimy na d\u0142u\u017csze spacery i &#8211; niczym przyroda &#8211; budzimy si\u0119 do \u017cycia. Niestety to, co kry\u0142o si\u0119 pod czapk\u0105, nie zawsze wygl\u0105da po zimie dobrze. W\u0142osy cz\u0119sto s\u0105 oklapni\u0119te, sm\u0119tne, pozbawione witalno\u015bci. Co wtedy zrobi\u0107? Jak doda\u0107 w\u0142osom obj\u0119to\u015bci?<\/p>\n<p><!--more--><\/p>\n<p>\u015aci\u0105gn\u0119\u0142a\u015b czapk\u0119 i Twoim oczom ukaza\u0142a si\u0119 sm\u0119tna fryzura pozbawiona obj\u0119to\u015bci? Nie musisz wciera\u0107 we w\u0142osy tysi\u0105ca pianek, pryska\u0107 lakierem &#8211; nie musisz te\u017c si\u0119ga\u0107 po grzebie\u0144 do tapirowania. Dodanie w\u0142osom obj\u0119to\u015bci wcale nie jest trudne. A pomo\u017ce Ci w tym przyjaci\u00f3\u0142ka, kt\u00f3ra towarzyszy Ci pewnie codziennie, mo\u017ce co drugi dzie\u0144. O jakiej przyjaci\u00f3\u0142ce mowa? Chodzi o <a href=\"https:\/\/www.hairstore.pl\/suszarki-babyliss-pro\">suszark\u0119 do w\u0142os\u00f3w<\/a>. <strong>Kilka trik\u00f3w sprawi, \u017ce susz\u0105c w\u0142osy dodasz im naturalnie obj\u0119to\u015bci.<\/strong><\/p>\n<div class=\"article-menu-box\"><div class=\"article-menu-header\">W tym artykule:<\/div>\n        <ul class=\"article-menu\"><li>czy ciep\u0142e powietrze z suszarki os\u0142abia w\u0142osy<\/li><li>jak poprawnie suszy\u0107 w\u0142osy<\/li><li>a\u017c 5 trik\u00f3w na dodanie w\u0142osom obj\u0119to\u015bci podczas suszenia<\/li><li>polecane modele suszarek, kt\u00f3re pomog\u0105 nada\u0107 w\u0142osom obj\u0119to\u015b\u0107<\/li><\/ul><\/div>\n<h2>Gdy w\u0142osom brakuje obj\u0119to\u015bci&#8230; si\u0119gnij po suszark\u0119!<\/h2>\n<p>Gdy pasma s\u0105 oklapni\u0119te i brakuje im g\u0119sto\u015bci, si\u0119gamy po r\u00f3\u017cne preparaty, kt\u00f3re maj\u0105 pom\u00f3c rozwi\u0105za\u0107 ten problem. Posiadaczki cienkich w\u0142os\u00f3w cz\u0119sto testuj\u0105 r\u00f3\u017cne spraye, pianki, szampony czy od\u017cywki nadaj\u0105ce obj\u0119to\u015b\u0107.<\/p>\n<p>Rozwi\u0105zanie tego problemu mo\u017ce by\u0107 jednak jeszcze prostsze. I cho\u0107 suszarka do w\u0142os\u00f3w nie kojarzy si\u0119 bezpo\u015brednio z nadawaniem obj\u0119to\u015bci, to w\u0142a\u015bnie ten sprz\u0119t mo\u017ce sprawi\u0107, \u017ce na g\u0142owie zago\u015bci lwia grzywa.<\/p>\n<p>Poznaj kilka trik\u00f3w, kt\u00f3re mo\u017cesz wykona\u0107 w domu i odkryj nowe zastosowania suszarki do w\u0142os\u00f3w. Tylko kilka krok\u00f3w dzieli Ci\u0119 od tego, \u017ceby doda\u0107 swoim w\u0142osom obj\u0119to\u015bci.<\/p>\n<h2>Trik pierwszy: lekki szampon, zimna woda i ciep\u0142e powietrze<\/h2>\n<p>Ju\u017c pod prysznicem mo\u017cesz zadba\u0107 o to, \u017ceby w\u0142osy by\u0142y puszyste i pe\u0142ne obj\u0119to\u015bci. Przede wszystkim pami\u0119taj o tym, \u017ceby u\u017cywa\u0107 <strong>lekkich szampon\u00f3w i od\u017cywek<\/strong> &#8211; szczeg\u00f3lnie je\u015bli masz w\u0142osy cienkie i delikatne. Stosowanie kosmetyk\u00f3w z bogatymi formu\u0142ami mo\u017ce dodatkowo w\u0142osy obci\u0105\u017cy\u0107, szczeg\u00f3lnie je\u015bli przesadzimy z ilo\u015bci\u0105 kosmetyku.<\/p>\n<p>W\u0142osy sp\u0142ucz lekko<strong> ch\u0142odn\u0105 wod\u0105<\/strong>. Ciep\u0142a woda otwiera \u0142uski w\u0142os\u00f3w, przez co pasma staj\u0105 si\u0119 matowe i porowate. A z takich kosmyk\u00f3w trudno wyczarowa\u0107 bajeczn\u0105 obj\u0119to\u015b\u0107.<\/p>\n<p>Kolejny krok to suszenie w\u0142os\u00f3w. Do suszenia u\u017cywaj <strong>cieplejszego powietrza z suszarki<\/strong>, szczeg\u00f3lnie u nasady. Na d\u0142ugo\u015bciach sprawdzi si\u0119 ch\u0142odniejszy nawiew. Ciep\u0142e powietrze nieco &#8222;spulchni&#8221; w\u0142osy, wi\u0119c b\u0119dzie si\u0119 ich wydawa\u0142o wi\u0119cej.<\/p>\n<blockquote><p>Nasza rada: Je\u017celi Twoje pasma s\u0105 grube i bardzo g\u0119ste, do suszenia u\u017cyj zimnego powietrza &#8211; ch\u0142odny nawiew wyg\u0142adzi w\u0142osy (domykaj\u0105c \u0142uski) i pomo\u017ce je ujarzmi\u0107.<\/p><\/blockquote>\n<p>Nie obawiaj si\u0119, \u017ce ciep\u0142e powietrze \u017ale wp\u0142ynie na kondycj\u0119 w\u0142os\u00f3w. To mit.<\/p>\n<p>Profesjonalne suszarki do w\u0142os\u00f3w maj\u0105 wbudowane technologie, kt\u00f3re dbaj\u0105 o to, \u017ceby w\u0142osy podczas suszenia nie ulega\u0142y zniszczeniu. Na przyk\u0142ad <a href=\"https:\/\/www.hairstore.pl\/babyliss-pro-hq-caruso-suszarka-do-wlosow-z-jonizacja-bab6970ie-p1993.html\">suszarka do w\u0142os\u00f3w BaByliss PRO Caruso HQ<\/a> posiada przedni\u0105 siatk\u0119, kt\u00f3ra zosta\u0142a wyposa\u017cona w <strong>pow\u0142ok\u0119 ceramiczn\u0105<\/strong>, kt\u00f3ra pozwala na r\u00f3wnomierne rozprowadzanie temperatury. Dzi\u0119ki temu w\u0142osy nie s\u0105 poddawane ci\u0105g\u0142ym zmianom temperatury, a tym samym s\u0105 chronione przed niszczeniem. R\u00f3wnomierne roz\u0142o\u017cenie temperatury dodatkowo zapewnia doskona\u0142e efekty stylizacyjne.<\/p>\n<h2>Trik 2: jonizacja na stra\u017cy pi\u0119knej fryzury<\/h2>\n<p>Je\u017celi zale\u017cy Ci na tym, \u017ceby w\u0142osy by\u0142y g\u0142adkie i l\u015bni\u0105ce, a przy tym \u0142adnie si\u0119 uk\u0142ada\u0142y (i by\u0142y do tego podatne na zabiegi stylizacyjne), wybieraj <strong>suszarki do w\u0142os\u00f3w z jonizacj\u0105<\/strong>.<\/p>\n<p>Czemu?<\/p>\n<p>W\u0142osy, kt\u00f3re w stanie naturalnym s\u0105 na\u0142adowane dodatnio, zwi\u0119kszaj\u0105 ten \u0142adunek podczas suszenia. Wskutek tego dochodzi do powstania elektryczno\u015bci statycznej i otwierania si\u0119 \u0142usek w\u0142osa.<\/p>\n<p>Co to oznacza dla Twoich w\u0142os\u00f3w i &#8211; id\u0105c dalej &#8211; fryzury?<\/p>\n<p>Powierzchnia w\u0142osa staje si\u0119 chropowata, pasma s\u0105 matowe, w\u0142osy nieestetycznie si\u0119 pusz\u0105 i s\u0105 bardziej nara\u017cone na zniszczenia.\u00a0 Problem ten znika, je\u015bli suszarka jest wyposa\u017cona w generator jon\u00f3w ujemnych. W przypadku wspominanej ju\u017c BaByliss PRO Caruso HQ <strong>emitowane przez urz\u0105dzenie\u00a0 jony ujemne neutralizuj\u0105 \u0142adunki dodatnie<\/strong>. Ponadto w\u0142osy staj\u0105 si\u0119 nie tylko elastyczne, mi\u0119kkie, b\u0142yszcz\u0105ce, lecz r\u00f3wnie\u017c podatne na uk\u0142adanie.<\/p>\n<p style=\"margin: 0in; font-family: Calibri; font-size: 11.0pt;\"><div id=\"hsbp-68307692d3f220c6b19201066bd3dfdc\" class=\"hsbp\"><\/div><\/p>\n<p>Je\u017celi suszysz w\u0142osy suszark\u0105 emituj\u0105c\u0105 jony ujemne, masz pewno\u015b\u0107, \u017ce pasma b\u0119d\u0105 elastyczne i \u0142atwe do u\u0142o\u017cenia. Tym samym znacznie \u0142atwiej nada\u0107 im obj\u0119to\u015bci.<\/p>\n<p><strong>Jak suszy\u0107 w\u0142osy dla nadania im obj\u0119to\u015bci:<\/strong><\/p>\n<ol>\n<li>Odci\u015bnij nadmiar wody z umytych w\u0142os\u00f3w w bawe\u0142niany r\u0119cznik. Nigdy nie susz w\u0142os\u00f3w ociekaj\u0105cych wod\u0105.<\/li>\n<li>Susz w\u0142osy g\u0142ow\u0105 do do\u0142u, pomagaj\u0105c sobie r\u0119kami i szczotk\u0105 &#8211; na zmian\u0119. Suszenie &#8222;od do\u0142u&#8221; naturalnie odbija w\u0142osy od nasady.<\/li>\n<li>U\u0142\u00f3\u017c w\u0142osy wedle uznania.<\/li>\n<\/ol>\n<h2>Trik 3: odbij w\u0142osy od nasady za pomoc\u0105 koncentratora<\/h2>\n<p>Je\u017celi Twoja suszarka nie ma koncentratora (w\u0105skiej ko\u0144c\u00f3wki nak\u0142adanej na dysz\u0119), to dokup go. To w\u0142a\u015bnie koncentrator pomaga odbi\u0107 w\u0142osy od nasady.<\/p>\n<p>Dzi\u0119ki temu, \u017ce powietrze skupia si\u0119 na konkretnym obszarze i \u0142atwiej nim &#8222;sterowa\u0107&#8221;, <strong>za pomoc\u0105 suszarki z na\u0142o\u017conym koncentratorem bez problemu odbijesz w\u0142osy od nasady<\/strong>, a to optycznie doda ca\u0142ej fryzurze obj\u0119to\u015bci.<\/p>\n<p>Dodatkowo, suszenie w\u0142os\u00f3w suszark\u0105 z koncentratorem nie wymaga trzymania w\u0142os\u00f3w w d\u00f3\u0142. Ten sam efekt uzyskasz dzi\u0119ki zastosowanej ko\u0144c\u00f3wce.<\/p>\n<p>Warto suszy\u0107 w\u0142osy <strong>przy nasadzie ciep\u0142ym powietrzem<\/strong> &#8211; to przyniesie jeszcze lepsze efekty. Ch\u0142odny strumie\u0144 powietrza skieruj na pozosta\u0142e partie w\u0142os\u00f3w.<\/p>\n<p><img decoding=\"async\" class=\"aligncenter size-full wp-image-16875\" src=\"https:\/\/www.hairstore.pl\/blog\/wp-content\/uploads\/2021\/03\/profesjonalnie-w-domu-z-babyliss-pro.jpg\" alt=\"stylizacja w\u0142os\u00f3w z babyliss pro, jak stylizowa\u0107 w\u0142osy suszark\u0105, jak doda\u0107 w\u0142osom obj\u0119to\u015bci suszark\u0105\" width=\"1200\" height=\"675\" srcset=\"https:\/\/www.hairstore.pl\/blog\/wp-content\/uploads\/2021\/03\/profesjonalnie-w-domu-z-babyliss-pro.jpg 800w, https:\/\/www.hairstore.pl\/blog\/wp-content\/uploads\/2021\/03\/profesjonalnie-w-domu-z-babyliss-pro-300x169.jpg 300w, https:\/\/www.hairstore.pl\/blog\/wp-content\/uploads\/2021\/03\/profesjonalnie-w-domu-z-babyliss-pro-1024x576.jpg 1024w, https:\/\/www.hairstore.pl\/blog\/wp-content\/uploads\/2021\/03\/profesjonalnie-w-domu-z-babyliss-pro-768x432.jpg 768w\" sizes=\"(max-width: 1200px) 100vw, 1200px\" \/><\/p>\n<h2>Trik 4: si\u0119gnij po suszark\u0119 i okr\u0105g\u0142\u0105 szczotk\u0119<\/h2>\n<p>To spos\u00f3b najlepszych fryzjer\u00f3w. Modelowanie w\u0142os\u00f3w na <a href=\"https:\/\/www.hairstore.pl\/szczotki-do-wlosow-babyliss-pro\">okr\u0105g\u0142\u0105 szczotk\u0119<\/a> jest trikiem sprawdzonym i z pewno\u015bci\u0105 nie raz spotka\u0142a\u015b si\u0119 z nim podczas wizyty w salonie.<\/p>\n<p>Ale po kolei.<\/p>\n<p><strong>\u017beby doda\u0107 obj\u0119to\u015bci w\u0142osom podczas suszenia:<\/strong><\/p>\n<ol>\n<li>Zacznij suszy\u0107 w\u0142osy g\u0142ow\u0105 do do\u0142u, \u017ceby naturalnie odbi\u0107 je od nasady.<\/li>\n<li>Podziel w\u0142osy na kilka sekcji, mo\u017cesz u\u017cy\u0107 do tego <a href=\"https:\/\/www.hairstore.pl\/klipsy-klamry-wsuwki-babyliss-pro\">klamerek fryzjerskich<\/a>.<\/li>\n<li>Si\u0119gnij po okr\u0105g\u0142\u0105 szczotk\u0119 &#8211; dla efektu g\u0119stej fryzury polecamy t\u0119 z wi\u0119ksz\u0105 \u015brednic\u0105, np. 32 mm.<\/li>\n<li>Nawijaj w\u0142osy na szczotk\u0119, zaczynaj\u0105c od nasady i su\u0144 szczotk\u0105 do koc\u00f3wek. Jednocze\u015bnie dociskaj w\u0142osy do szczotki suszark\u0105 z na\u0142o\u017conym koncentratorem. Zacznij od dolnych partii w\u0142os\u00f3w i kieruj si\u0119 ku czubkowi g\u0142owy.<\/li>\n<\/ol>\n<p style=\"margin: 0in; font-family: Calibri; font-size: 11.0pt;\"><div id=\"hsbp-23fbe66a83cd2c6d3b47e25f70903cb9\" class=\"hsbp\"><\/div><\/p>\n<blockquote><p>Nasza rada: Je\u015bli chcesz za pomoc\u0105 suszarki do w\u0142os\u00f3w nie tylko suszy\u0107 pasma, ale te\u017c je stylizowa\u0107, stosuj koncentrator powietrza. Ta ko\u0144c\u00f3wka skupia strumie\u0144 powietrza i tym samym u\u0142atwia szczotkowanie, bo powietrze z urz\u0105dzenia mo\u017cna ukierunkowa\u0107 w konkretne miejsce.<\/p><\/blockquote>\n<h2>Trik 5: dyfuzor nie tylko dla zakr\u0119conych<\/h2>\n<p>Dyfuzor to charakterystyczna, okr\u0105g\u0142a ko\u0144c\u00f3wka z wypustkami, nak\u0142adana na dysz\u0119 urz\u0105dzenia. Docelowo s\u0142u\u017cy do suszenia w\u0142os\u00f3w kr\u0119conych, jednak przydaje si\u0119 r\u00f3wnie\u017c osobom, kt\u00f3rym zale\u017cy na dodaniu w\u0142osom obj\u0119to\u015bci &#8211; r\u00f3wnie\u017c tym prostym.<\/p>\n<p><strong>Jak nada\u0107 w\u0142osom obj\u0119to\u015b\u0107 za pomoc\u0105 dyfuzora:<\/strong><\/p>\n<ol>\n<li>Na\u0142\u00f3\u017c na suszark\u0119 dyfuzor. Ustaw strumie\u0144 powietrza na ni\u017csz\u0105 temperatur\u0119.<\/li>\n<li>Pochyl g\u0142ow\u0119 w d\u00f3\u0142.<\/li>\n<li>Susz w\u0142osy dociskaj\u0105c delikatnie dyfuzor do g\u0142owy. Wykonuj koliste ruchy.<\/li>\n<li>Za pomoc\u0105 palc\u00f3w roztrzep delikatnie w\u0142osy.<\/li>\n<\/ol>\n<h2>Suszarki do zada\u0144 specjalnych<\/h2>\n<p>Chyba zgodzisz si\u0119 z nami, \u017ce suszenie w\u0142os\u00f3w &#8211; je\u015bli wykonasz je umiej\u0119tnie &#8211; pomo\u017ce szybko i \u0142atwo doda\u0107 w\u0142osom obj\u0119to\u015bci. \u017beby osi\u0105gn\u0105\u0107 efekt uniesionych u nasady w\u0142os\u00f3w, warto stosowa\u0107 dodatkowe ko\u0144c\u00f3wki do suszarki, jak <a href=\"https:\/\/www.hairstore.pl\/dyfuzory-i-koncentratory-babyliss-pro\">koncentrator i dyfuzor<\/a>. Takie ko\u0144c\u00f3wki mo\u017cna dokupi\u0107 do posiadanego sprz\u0119tu (dopasowuj\u0105c je do danego modelu) albo kupi\u0107 od razu suszark\u0119 z akcesoriami.<\/p>\n<p>Wspominana ju\u017c <strong>suszarka Babyliss PRO Caruso HQ<\/strong> posiada w zestawie a\u017c dwa koncentratory. Podobnie <a href=\"https:\/\/www.hairstore.pl\/babyliss-pro-hq-vulcano-suszarka-do-wlosow-2400w-bab6980ie-p15675.html\">model BaByliss PRO Vulcano HQ<\/a> &#8211; r\u00f3wnie\u017c do tej suszarki do\u0142\u0105czono dwie dysze koncentruj\u0105ce powietrze. Suszarka ta cechuje si\u0119 dodatkowo mocnym silnikiem (a\u017c 2400W), co oznacza jeszcze szybsze suszenie. Dla os\u00f3b, kt\u00f3re du\u017co podr\u00f3\u017cuj\u0105 i szukaj\u0105 kompaktowego urz\u0105dzenia, polecamy lekk\u0105 i por\u0119czn\u0105 <a href=\"https:\/\/www.hairstore.pl\/babyliss-pro-hq-excess-suszarka-do-wlosow-z-jonizacja-2600w-bab6990ie-p7988.html\">suszark\u0119 BaByliss PRO Excess HQ<\/a>. Dla wymagaj\u0105cych polecamy suszark\u0119 do w\u0142os\u00f3w <a href=\"https:\/\/www.hairstore.pl\/babyliss-pro-rapido-suszarka-z-silnikiem-bezszczotkowym-ferrari-2200w-z-dyfuzorem-bab7000ie-p8354.html\">Babyliss PRO Rapido z silnikiem wyprodukowanym we wsp\u00f3\u0142pracy z in\u017cynierami Ferrari<\/a>.<\/p>\n<p>Do suszarek BaByliss PRo mo\u017cna dokupi\u0107 <a href=\"https:\/\/www.hairstore.pl\/babyliss-pro-dyfuzor-uniwersalny-3-czesciowy-babd05e-p17051.html\">uniwersalny, trzycz\u0119\u015bciowy dyfuzor<\/a>, co zwi\u0119ksza funkcjonalno\u015b\u0107 urz\u0105dzenia.<\/p>\n<p><iframe loading=\"lazy\" src=\"https:\/\/www.babylisspro.tv\/embed\/r8ldl9ghOc2WePd\" width=\"700\" height=\"400\" frameborder=\"0\" allowfullscreen=\"allowfullscreen\"><\/iframe><\/p>\n<h2>Pami\u0119taj: suszarka to przyjaci\u00f3\u0142ka Twoich w\u0142os\u00f3w<\/h2>\n<p>Na koniec jedna wa\u017cna kwestia. Nie b\u00f3j si\u0119 suszy\u0107 w\u0142os\u00f3w suszark\u0105, nawet je\u015bli s\u0105 delikatne i wra\u017cliwe. Profesjonalne suszarki do w\u0142os\u00f3w s\u0105 bezpieczne dla kosmyk\u00f3w i z pewno\u015bci\u0105 nie wp\u0142yn\u0105 negatywnie na ich kondycj\u0119.<\/p>\n<p>Co wi\u0119cej, <strong>pozostawianie w\u0142os\u00f3w do wyschni\u0119cia cz\u0119sto sprawia, \u017ce pasma s\u0105 oklapni\u0119te<\/strong>, a po obj\u0119to\u015bci nie zostaje nawet \u015blad. Je\u017celi zale\u017cy Ci na tym, \u017ceby fryzura by\u0142a pe\u0142na, zastosuj nasze triki i odkryj, ile mo\u017cliwo\u015bci daje suszarka!<\/p>\n","protected":false},"excerpt":{"rendered":"<p>Pocz\u0105tek wiosny to czas, kiedy \u015bci\u0105gamy czapki, wychodzimy na d\u0142u\u017csze spacery i &#8211; niczym przyroda &#8211; budzimy si\u0119 do \u017cycia. Niestety to, co kry\u0142o si\u0119 pod czapk\u0105, nie zawsze wygl\u0105da po zimie dobrze. W\u0142osy cz\u0119sto s\u0105 oklapni\u0119te, sm\u0119tne, pozbawione witalno\u015bci. Co wtedy zrobi\u0107? Jak doda\u0107 w\u0142osom obj\u0119to\u015bci?<\/p>\n","protected":false},"author":8,"featured_media":16892,"comment_status":"open","ping_status":"open","sticky":false,"template":"","format":"standard","meta":{"footnotes":""},"categories":[11],"tags":[418,58,6253],"yst_prominent_words":[1230,3843,2347,3845,3704,1526,3299,704,6220,717,11347],"class_list":["post-16872","post","type-post","status-publish","format-standard","has-post-thumbnail","hentry","category-porady","tag-babyliss-pro","tag-cienkie-wlosy","tag-suszarki-babyliss"],"_links":{"self":[{"href":"https:\/\/www.hairstore.pl\/blog\/wp-json\/wp\/v2\/posts\/16872","targetHints":{"allow":["GET"]}}],"collection":[{"href":"https:\/\/www.hairstore.pl\/blog\/wp-json\/wp\/v2\/posts"}],"about":[{"href":"https:\/\/www.hairstore.pl\/blog\/wp-json\/wp\/v2\/types\/post"}],"author":[{"embeddable":true,"href":"https:\/\/www.hairstore.pl\/blog\/wp-json\/wp\/v2\/users\/8"}],"replies":[{"embeddable":true,"href":"https:\/\/www.hairstore.pl\/blog\/wp-json\/wp\/v2\/comments?post=16872"}],"version-history":[{"count":6,"href":"https:\/\/www.hairstore.pl\/blog\/wp-json\/wp\/v2\/posts\/16872\/revisions"}],"predecessor-version":[{"id":16893,"href":"https:\/\/www.hairstore.pl\/blog\/wp-json\/wp\/v2\/posts\/16872\/revisions\/16893"}],"wp:featuredmedia":[{"embeddable":true,"href":"https:\/\/www.hairstore.pl\/blog\/wp-json\/wp\/v2\/media\/16892"}],"wp:attachment":[{"href":"https:\/\/www.hairstore.pl\/blog\/wp-json\/wp\/v2\/media?parent=16872"}],"wp:term":[{"taxonomy":"category","embeddable":true,"href":"https:\/\/www.hairstore.pl\/blog\/wp-json\/wp\/v2\/categories?post=16872"},{"taxonomy":"post_tag","embeddable":true,"href":"https:\/\/www.hairstore.pl\/blog\/wp-json\/wp\/v2\/tags?post=16872"},{"taxonomy":"yst_prominent_words","embeddable":true,"href":"https:\/\/www.hairstore.pl\/blog\/wp-json\/wp\/v2\/yst_prominent_words?post=16872"}],"curies":[{"name":"wp","href":"https:\/\/api.w.org\/{rel}","templated":true}]}}