{"id":16812,"date":"2021-03-27T13:10:57","date_gmt":"2021-03-27T12:10:57","guid":{"rendered":"https:\/\/www.hairstore.pl\/blog\/?p=16812"},"modified":"2021-03-19T13:11:17","modified_gmt":"2021-03-19T12:11:17","slug":"slub-w-lato-a-fryzura","status":"publish","type":"post","link":"https:\/\/www.hairstore.pl\/blog\/slub-w-lato-a-fryzura\/","title":{"rendered":"\u015alub na g\u0142owie: \u015alub latem \u2013 co musisz wiedzie\u0107?"},"content":{"rendered":"<p>Pi\u0119kno kwiecistego i ciep\u0142ego lata sprawia, \u017ce pary z determinacj\u0105 walcz\u0105 o wolny termin w tym w\u0142a\u015bnie okresie. Nic dziwnego, dzie\u0144 jest d\u0142ugi, a naturalny entourage roz\u015bwietlony promieniami s\u0142o\u0144ca kusi do organizacji romantycznej ceremonii za\u015blubin w plenerze. Jest tylko jedno \u201eale\u201d: du\u017ce prawdopodobie\u0144stwo upa\u0142\u00f3w, kt\u00f3re maj\u0105 znaczny wp\u0142yw na trwa\u0142o\u015b\u0107 i wygl\u0105d fryzury \u015blubnej. Sprawd\u017a, co powinna\u015b wiedzie\u0107, planuj\u0105c uczesanie, gdy \u015blub i wesele odbywaj\u0105 si\u0119 latem.<\/p>\n<p><!--more--><\/p>\n<p>Letnia pora to jednak nie tylko atuty, w naszej strefie klimatycznej to w\u0142a\u015bnie latem zdarzaj\u0105 si\u0119 gwa\u0142towne ulewy i burze lub r\u00f3wnie uci\u0105\u017cliwe upa\u0142y. Warto wi\u0119c, planuj\u0105c wesele w lato, uwzgl\u0119dni\u0107 wszystkie czynniki przy wyborze fryzury.<\/p>\n<div class=\"article-menu-box\"><div class=\"article-menu-header\">Z artyku\u0142u dowiesz si\u0119:<\/div>\n        <ul class=\"article-menu\"><li>jak przygotowa\u0107 w\u0142osy, gdy \u015blub planujesz w lato<\/li><li>jak\u0105 wybra\u0107 fryzur\u0119 na wesele w lato<\/li><li>\u015blub w lato - o czym jeszcze warto pami\u0119ta\u0107<\/li><\/ul><\/div>\n<h2>Jak przygotowa\u0107 w\u0142osy, gdy \u015blub planujesz w lato?<\/h2>\n<p>Przede wszystkim nie czekaj do lata! Aby panna m\u0142oda zachwyca\u0142a fryzur\u0105, konieczne jest zadbanie z wyprzedzeniem o kondycj\u0119 w\u0142os\u00f3w. Bez zdrowych w\u0142os\u00f3w nie ma efektownej fryzury! W\u0142a\u015bciwa dieta w po\u0142\u0105czeniu z optymalnie dobran\u0105 piel\u0119gnacj\u0105 oraz \u2013 o czym cz\u0119sto zapominamy \u2013 regularne nawodnienie organizmu przyczyni\u0105 si\u0119 do poprawy wygl\u0105du w\u0142os\u00f3w. Latem w\u0142osy s\u0105 obci\u0105\u017cone zwi\u0119kszonym oddzia\u0142ywaniem szkodliwych czynnik\u00f3w jak s\u0142o\u0144ce i wysokie temperatury, s\u0142ona woda morska. Ponadto pasma maj\u0105 tendencj\u0119 do pl\u0105tania si\u0119, szczeg\u00f3lnie przesuszone i zniszczone, dlatego nale\u017cy zadba\u0107 przede wszystkim o ich ochron\u0119 i nawil\u017canie.<\/p>\n<p>Sprawd\u017a: <a href=\"https:\/\/www.hairstore.pl\/blog\/jak-zregenerowac-wlosy-przed-slubem\/\">Jak zregenerowa\u0107 w\u0142osy przed \u015blubem?<\/a><\/p>\n<h2>Jak\u0105 wybra\u0107 fryzur\u0119 na wesele w lato?<\/h2>\n<p>Je\u015bli zapowiadaj\u0105 si\u0119 upa\u0142y, to w najkorzystniejszej sytuacji s\u0105 kobiety z kr\u00f3tkimi w\u0142osami. Natomiast paniom o w\u0142osach \u015bredniej d\u0142ugo\u015bci i d\u0142ugich polecamy <strong>spi\u0119cie wysoko w\u0142os\u00f3w w postaci koka lub coraz bardziej modnych, eleganckich kucyk\u00f3w<\/strong>. Wszelkiego rodzaju <strong>warkocze, k\u0142osy oraz lu\u017ane upi\u0119cia<\/strong> r\u00f3wnie\u017c sprawi\u0105, \u017ce b\u0119dziesz czu\u0107 si\u0119 swobodnie i powinno by\u0107 Ci w nich odrobin\u0119 ch\u0142odniej ni\u017c we w\u0142osach rozpuszczonych. Je\u015bli jednak zdecydujesz si\u0119 rozpu\u015bci\u0107 d\u0142ugie w\u0142osy, postaw na naturalne stylizacje i ma\u0142\u0105 ilo\u015b\u0107 utrwalaczy.<\/p>\n<p>Sprawd\u017a: <a href=\"https:\/\/www.hairstore.pl\/blog\/fryzury-na-wesele-2021\/\">Fryzury na wesele 2021 &#8211; dla niej i dla niego.<\/a><\/p>\n<h2>\u015alub w lato \u2013 o czym jeszcze warto pami\u0119ta\u0107?<\/h2>\n<p>Profesjonalnie przygotowana fryzura weselna powinna bez problemu przetrwa\u0107 kilkana\u015bcie godzin, ale \u017cycie jest nieprzewidywalne i czasem spakowanie ma\u0142ego drobiazgu potrafi uratowa\u0107 sytuacj\u0119. Dlatego <strong>we\u017a ze sob\u0105 wsuwki, szczotk\u0119, grzebie\u0144, lakier do w\u0142os\u00f3w<\/strong>. Przydadz\u0105 si\u0119 te\u017c suche i mokre chusteczki, zw\u0142aszcza w upalne dni, gdy intensywne pocenie si\u0119 karku mo\u017ce negatywnie wp\u0142yn\u0105\u0107 na trwa\u0142o\u015b\u0107 lok\u00f3w czy fal. Nie m\u00f3wi\u0105c ju\u017c o intensywnym wietrze czy nag\u0142ej ulewie \u2013 wi\u0119c\u2026 no\u015b parasol przy pogodzie i nie martw si\u0119 deszczem!<\/p>\n<p style=\"margin: 0in; font-family: Calibri; font-size: 11.0pt;\"><div id=\"hsbp-9790ee06bbcdf47675eefd6ff9adbafd\" class=\"hsbp\"><\/div><\/p>\n","protected":false},"excerpt":{"rendered":"<p>Pi\u0119kno kwiecistego i ciep\u0142ego lata sprawia, \u017ce pary z determinacj\u0105 walcz\u0105 o wolny termin w tym w\u0142a\u015bnie okresie. Nic dziwnego, dzie\u0144 jest d\u0142ugi, a naturalny entourage roz\u015bwietlony promieniami s\u0142o\u0144ca kusi do organizacji romantycznej ceremonii za\u015blubin w plenerze. Jest tylko jedno \u201eale\u201d: du\u017ce prawdopodobie\u0144stwo upa\u0142\u00f3w, kt\u00f3re maj\u0105 znaczny wp\u0142yw na trwa\u0142o\u015b\u0107 i wygl\u0105d fryzury \u015blubnej. Sprawd\u017a, [&hellip;]<\/p>\n","protected":false},"author":10,"featured_media":17011,"comment_status":"open","ping_status":"open","sticky":false,"template":"","format":"standard","meta":{"footnotes":""},"categories":[11],"tags":[11379],"yst_prominent_words":[784,10566,6095,8238,3160,6919,6611,5223,720,704,717],"class_list":["post-16812","post","type-post","status-publish","format-standard","has-post-thumbnail","hentry","category-porady","tag-slub-na-glowie"],"_links":{"self":[{"href":"https:\/\/www.hairstore.pl\/blog\/wp-json\/wp\/v2\/posts\/16812","targetHints":{"allow":["GET"]}}],"collection":[{"href":"https:\/\/www.hairstore.pl\/blog\/wp-json\/wp\/v2\/posts"}],"about":[{"href":"https:\/\/www.hairstore.pl\/blog\/wp-json\/wp\/v2\/types\/post"}],"author":[{"embeddable":true,"href":"https:\/\/www.hairstore.pl\/blog\/wp-json\/wp\/v2\/users\/10"}],"replies":[{"embeddable":true,"href":"https:\/\/www.hairstore.pl\/blog\/wp-json\/wp\/v2\/comments?post=16812"}],"version-history":[{"count":4,"href":"https:\/\/www.hairstore.pl\/blog\/wp-json\/wp\/v2\/posts\/16812\/revisions"}],"predecessor-version":[{"id":17013,"href":"https:\/\/www.hairstore.pl\/blog\/wp-json\/wp\/v2\/posts\/16812\/revisions\/17013"}],"wp:featuredmedia":[{"embeddable":true,"href":"https:\/\/www.hairstore.pl\/blog\/wp-json\/wp\/v2\/media\/17011"}],"wp:attachment":[{"href":"https:\/\/www.hairstore.pl\/blog\/wp-json\/wp\/v2\/media?parent=16812"}],"wp:term":[{"taxonomy":"category","embeddable":true,"href":"https:\/\/www.hairstore.pl\/blog\/wp-json\/wp\/v2\/categories?post=16812"},{"taxonomy":"post_tag","embeddable":true,"href":"https:\/\/www.hairstore.pl\/blog\/wp-json\/wp\/v2\/tags?post=16812"},{"taxonomy":"yst_prominent_words","embeddable":true,"href":"https:\/\/www.hairstore.pl\/blog\/wp-json\/wp\/v2\/yst_prominent_words?post=16812"}],"curies":[{"name":"wp","href":"https:\/\/api.w.org\/{rel}","templated":true}]}}