{"id":16744,"date":"2021-02-22T21:45:07","date_gmt":"2021-02-22T20:45:07","guid":{"rendered":"https:\/\/www.hairstore.pl\/blog\/?p=16744"},"modified":"2021-02-23T14:07:04","modified_gmt":"2021-02-23T13:07:04","slug":"ranking-masek-do-blond-wlosow","status":"publish","type":"post","link":"https:\/\/www.hairstore.pl\/blog\/ranking-masek-do-blond-wlosow\/","title":{"rendered":"Top 7: najlepsze maski do w\u0142os\u00f3w blond"},"content":{"rendered":"<p>W\u0142osy blond s\u0105 bardzo wymagaj\u0105ce. Mog\u0105 si\u0119 puszy\u0107, s\u0105 przesuszone, elektryzuj\u0105 si\u0119&#8230; Do tego wszystkiego potrzebuj\u0105 w wielu przypadkach neutralizacji, gdy\u017c do\u015b\u0107 szybko pojawiaj\u0105 si\u0119 na nich niechciane odcienie i r\u00f3wnie cz\u0119sto trac\u0105 blask. Gdy szampon nie wystarczy, na scen\u0119 wkraczaj\u0105 maski do w\u0142os\u00f3w blond.<\/p>\n<p><!--more--><\/p>\n<p>Co zrobi\u0107, gdy blond \u017c\u00f3\u0142knie, traci blask, a w\u0142osy przypominaj\u0105 raczej siano ni\u017c pi\u0119kny warkocz Roszpunki? Rozwi\u0105zaniem tego problemu s\u0105 <a href=\"https:\/\/www.hairstore.pl\/maski_ochladzanie-koloru\">maski do w\u0142os\u00f3w blond<\/a>. Blond w\u0142osy maj\u0105 specyficzne potrzeby i dlatego potrzebuj\u0105 piel\u0119gnacji skrojonej na ich miar\u0119. Zreszt\u0105 wielu fryzjer\u00f3w uwa\u017ca, \u017ce to w\u0142a\u015bnie blond w\u0142osy s\u0105 najtrudniejsze w piel\u0119gnacji.<\/p>\n<div class=\"article-menu-box\"><div class=\"article-menu-header\">W tym artykule:<\/div>\n        <ul class=\"article-menu\"><li>dlaczego w\u0142osy blond s\u0105 trudne w piel\u0119gnacji<\/li><li>piel\u0119gnacyjny must have dla blondynki<\/li><li>ranking masek do w\u0142os\u00f3w blond i rozja\u015bnianych<\/li><\/ul><\/div>\n<h2>Po co mi maska do w\u0142os\u00f3w?<\/h2>\n<p>Gdy wychodzisz od fryzjera, z pewno\u015bci\u0105 cieszy\u0107 si\u0119 swoim nowym kolorem w\u0142os\u00f3w. Pasma s\u0105 l\u015bni\u0105ce, mi\u0119kkie, pi\u0119knie si\u0119 uk\u0142adaj\u0105, a do tego zachwycaj\u0105 g\u0142\u0119bi\u0105 koloru. Nie na zawsze jednak taki efekt zosta\u0142 Ci podarowany.<\/p>\n<p>Nawet farbuj\u0105c w\u0142osy farbami profesjonalnymi, trzeba liczy\u0107 si\u0119 z faktem, \u017ce z czasem blond mo\u017ce bledn\u0105\u0107, matowie\u0107, a nawet \u017c\u00f3\u0142kn\u0105\u0107. Powodem jest dzia\u0142anie s\u0142o\u0144ca, ale r\u00f3wnie\u017c p\u0142ukanie w\u0142os\u00f3w zbyt gor\u0105c\u0105 wod\u0105 czy niew\u0142a\u015bciwa dieta. Do tego warto doda\u0107, \u017ce na kolor w\u0142os\u00f3w wp\u0142ywa r\u00f3wnie\u017c ich stan. Z w\u0142os\u00f3w bardziej zniszczonych i os\u0142abionych pigmenty wyp\u0142ukuj\u0105 si\u0119 szybciej. Dzieje si\u0119 tak, poniewa\u017c uciekaj\u0105 przez rozchylone \u0142uski.<\/p>\n<p>To w\u0142a\u015bnie dlatego ka\u017cda blondynka powinna si\u0119 zaprzyja\u017ani\u0107 z <strong>mask\u0105 do w\u0142os\u00f3w<\/strong>.<\/p>\n<p>Maska po pierwsze<strong> zregeneruje i wzmocni pasma<\/strong> &#8211; a blondy i w\u0142osy rozja\u015bniane potrzebuj\u0105 tego szczeg\u00f3lnie. Po drugie odpowiednio dobrany kosmetyk pomo\u017ce <strong>zneutralizowa\u0107 niechciane odcienie,<\/strong> podkre\u015bli ch\u0142odne refleksy czy pomo\u017ce w tonowaniu w\u0142os\u00f3w.<\/p>\n<p>Sprawd\u017a: <a href=\"https:\/\/www.hairstore.pl\/blog\/tonowanie-wlosow\/\">Co musisz wiedzie\u0107 o tonowaniu w\u0142os\u00f3w?<\/a><\/p>\n<p>Warto uzupe\u0142ni\u0107 sw\u00f3j zestaw piel\u0119gnacyjny o mask\u0119. Takim <strong>must have dla ka\u017cdej blondynki<\/strong> s\u0105:<\/p>\n<ul>\n<li>szampon i od\u017cywka nawil\u017caj\u0105ce (w\u0142osy blond maj\u0105 tendencj\u0119 do utraty wody)<\/li>\n<li>fioletowy szampon do w\u0142os\u00f3w<\/li>\n<li>maska do w\u0142os\u00f3w blond<\/li>\n<li>olejek na ko\u0144c\u00f3wki<\/li>\n<li>serum wyg\u0142adzaj\u0105ce albo roz\u015bwietlaj\u0105ce<\/li>\n<\/ul>\n<p>Z takim zestawem mo\u017cesz profesjonalnie zadba\u0107 o swoje rozja\u015bniane w\u0142osy i maksymalnie przed\u0142u\u017cy\u0107 efekt jak z salonu fryzjerskiego.<\/p>\n<h2>Ranking masek do w\u0142os\u00f3w blond<\/h2>\n<p>Wychodz\u0105c naprzeciw naszym czytelnikom i czytelniczkom przygotowali\u015bmy <strong>TOP 7 masek do w\u0142os\u00f3w blond<\/strong>. W zestawieniu znalaz\u0142y si\u0119 kosmetyki, kt\u00f3re dopasowane s\u0105 do specyficznych potrzeb w\u0142os\u00f3w blond i rozja\u015bnianych.<\/p>\n<p>Najlepsze maski do rozja\u015bnianych i blond w\u0142os\u00f3w:<\/p>\n<ol>\n<li><a href=\"https:\/\/www.hairstore.pl\/fanola-no-yellow-maska-ochladzajaca-odcien-blond-350ml-p16026.html\">Fanola No Yellow, maska och\u0142adzaj\u0105ca odcie\u0144 blond, 350ml<\/a><\/li>\n<li><a href=\"https:\/\/www.hairstore.pl\/matrix-so-silver-maska-do-platynowych-wlosow-200ml-p21351.html\">Matrix So Silver, maska do platynowych w\u0142os\u00f3w, 200ml<\/a><\/li>\n<li><a href=\"https:\/\/www.hairstore.pl\/echosline-m6-no-yellow-maska-niwelujaca-zolte-odcienie-500ml-p25277.html\">Echosline No Yellow, maska niweluj\u0105ca \u017c\u00f3\u0142te odcienie, 500ml<\/a><\/li>\n<li><a href=\"https:\/\/www.hairstore.pl\/insight-blonde-maska-do-wlosow-z-chlodnymi-odcieniami-250ml-p24279.html\">InSight Blonde, maska do w\u0142os\u00f3w z ch\u0142odnymi odcieniami, 250ml<\/a><\/li>\n<li><a href=\"https:\/\/www.hairstore.pl\/inoar-speed-blond-maska-do-wlosow-blond-250g-p14266.html\">Inoar Speed Blond, maska dla blond w\u0142os\u00f3w, 250ml<\/a><\/li>\n<li><a href=\"https:\/\/www.hairstore.pl\/londa-toneplex-maska-odswiezajaca-kolor-pearl-blond-200ml-p24655.html\">Lona Toneplex, maska od\u015bwie\u017caj\u0105ca kolor blond, 200ml<\/a><\/li>\n<li><a href=\"https:\/\/www.hairstore.pl\/loreal-blondifier-maska-do-wlosow-blond-500ml-p18049.html\">Loreal Blondifier, maska do w\u0142os\u00f3w blond, 500ml<\/a><\/li>\n<\/ol>\n<p>W zestawieniu znalaz\u0142y si\u0119 kosmetyki profesjonalne, kt\u00f3re rekomendowane s\u0105 przez fryzjer\u00f3w. Z powodzeniem jednak sprawdzaj\u0105 si\u0119 w piel\u0119gnacji domowej.<\/p>\n<p style=\"margin: 0in; font-family: Calibri; font-size: 11.0pt;\"><div id=\"hsbp-7bc3a48cb5eecab25959c4ba4fde8881\" class=\"hsbp\"><\/div><\/p>\n<h3>Maska och\u0142adzaj\u0105 odcie\u0144 Blond Fanola No Yellow<\/h3>\n<p>\u017badnej blondynce nie trzeba chyba przedstawia\u0107 bestsellerowego szamponu Fanola No Yellow. Dla os\u00f3b wymagaj\u0105cych portfolio marki uzupe\u0142niono o mask\u0119 neutralizuj\u0105c\u0105 \u017c\u00f3\u0142te tony.<\/p>\n<p>Maska rekomendowana jest do w\u0142os\u00f3w blond, z pasemkami i siwych. Kosmetyk ten tak przed\u0142u\u017ca \u015bwie\u017co\u015b\u0107 koloru oraz chroni go przed wyp\u0142ukiwaniem. W sk\u0142adzie znajduje ekstrakt z wina, kt\u00f3ry chroni w\u0142osy przed szkodliwym dzia\u0142aniem promieni s\u0142onecznych oraz ma dzia\u0142anie antyutleniaj\u0105ce. <strong>Fioletowy pigment w skuteczny spos\u00f3b neutralizuje \u017c\u00f3\u0142te odcienie.<\/strong> Efekty s\u0105 widoczne ju\u017c po jednym razie.<\/p>\n<p>Ze wzgl\u0119du na zawarto\u015b\u0107 fioletowego barwnika, zaleca si\u0119 nak\u0142adanie maski w jednorazowych r\u0119kawiczkach, gdy\u017c kosmetyk mo\u017ce barwi\u0107 sk\u00f3r\u0119 r\u0105k.<\/p>\n<p style=\"margin: 0in; font-family: Calibri; font-size: 11.0pt;\"><div id=\"hsbp-155f95a1a76bc38e6ed6601aa165cb10\" class=\"hsbp\"><\/div><\/p>\n<h3>Maska do platynowych odcieni Matrix So Silver<\/h3>\n<p>Maska Matrix daje mo\u017cliwo\u015b\u0107 sch\u0142odzenia odcieni blond oraz <strong>nadaje srebrzysto\u015b\u0107 platynie, <\/strong>a tak\u017ce\u00a0pi\u0119knie wzbogaca kolor naturalnie siwych w\u0142os\u00f3w. W ten spos\u00f3b Tw\u00f3j kolor zyska pi\u0119kny odcie\u0144 oraz zdrowy wygl\u0105d. Poza tym, \u017ce kosmetyk przywraca w\u0142osom zdrowy wygl\u0105d, doskonale neutralizuje niechciane odcienie.<\/p>\n<p>Wa\u017cne: maska ma kolor zielono-niebieski i nie ma to \u017cadnego wp\u0142ywu na efekt na w\u0142osach. Zaleca si\u0119 nak\u0142adanie w r\u0119kawiczkach.<\/p>\n<p style=\"margin: 0in; font-family: Calibri; font-size: 11.0pt;\"><div id=\"hsbp-6dad247d8b28152f42850bbb8de95e1e\" class=\"hsbp\"><\/div><\/p>\n<h3>Maska przeciw \u017c\u00f3\u0142tym odcieniom Echoline No Yellow<\/h3>\n<p>Maska do w\u0142os\u00f3w blond Echosline No Yellow <strong>niweluje skutecznie \u017c\u00f3\u0142te odcienie i zapewnia w\u0142osom ch\u0142odn\u0105 barw\u0119<\/strong>. Kosmetyk dodatkowo od\u017cywia w\u0142osy, nab\u0142yszcza je i wzmacnia, przywracaj\u0105c os\u0142abionym rozja\u015bnianiem kosmykom dobr\u0105 kondycj\u0119. Maska Echosline jest idealna do tonowania w\u0142os\u00f3w. Pasma po u\u017cyciu kosmetyku s\u0105 l\u015bni\u0105ce i zyskuj\u0105 ch\u0142odny odcie\u0144.<\/p>\n<p>Warto zwr\u00f3ci\u0107 uwag\u0119 na naturalny sk\u0142ad tego w\u0142oskiego kosmetyku i wi\u0119ksz\u0105 pojemno\u015b\u0107 &#8211; ta maska zdecydowanie wystarczy na d\u0142u\u017cej.<\/p>\n<p style=\"margin: 0in; font-family: Calibri; font-size: 11.0pt;\"><div id=\"hsbp-30405f42b53aa7c33d278a40b5cf8d08\" class=\"hsbp\"><\/div><\/p>\n<h3>Maska do w\u0142os\u00f3w z ch\u0142odnymi refleksami InSight Blonde<\/h3>\n<p>Maska do w\u0142os\u00f3w blond i rozja\u015bnianych InSight Blonde pomaga neutralizowa\u0107 niechciane \u017c\u00f3\u0142te i pomara\u0144czowe odcienie. Mo\u017ce by\u0107 stosowana na w\u0142osach farbowanych, rozja\u015bnianych i naturalnych.<\/p>\n<p>W sk\u0142adzie znajduje si\u0119 wyci\u0105g z organicznego owsa, kt\u00f3ry zmi\u0119kcza w\u0142osy, dzia\u0142a koj\u0105co. Z kolei wyci\u0105g z organicznego rumianku dzia\u0142a \u0142agodz\u0105co i dostarcza w\u0142osom flawonoidy. Wyci\u0105g z organicznego kasztana dostarcza w\u0142osom witaminy i minera\u0142y, dzia\u0142a przeciwzapalnie, ochronnie i przeciwutleniaj\u0105co, poprawiaj\u0105c elastyczno\u015b\u0107 w\u0142os\u00f3w.<\/p>\n<p><strong>Maska doskonale podkre\u015bla pasemka, och\u0142adza kolor i neutralizuje ciep\u0142e refleksy.<\/strong> Ma intensywny, granatowy kolor i powinna by\u0107 nak\u0142adana w r\u0119kawiczkach.<\/p>\n<p style=\"margin: 0in; font-family: Calibri; font-size: 11.0pt;\"><div id=\"hsbp-82ec6037a5b88ae8c8bead0f55fefa9a\" class=\"hsbp\"><\/div><\/p>\n<h3>Maska do blond w\u0142os\u00f3w INOAR Speed Blond<\/h3>\n<p>Maska INOAR Speed Blond \u015bwietnie poradzi sobie z piel\u0119gnacj\u0105 w\u0142os\u00f3w siwych i blond. Kosmetyk ma dzia\u0142anie tonuj\u0105ce oraz eliminuje \u017c\u00f3\u0142ty koloryt. W sk\u0142adzie znajdziesz cenny olejek arganowy oraz aktywne antyoksydanty. Elementy te sprawiaj\u0105. \u017ce w\u0142osy s\u0105 elastyczne, nawil\u017cone, l\u015bni\u0105ce i mi\u0119kkie. <strong>Ponadto produkt chroni przed negatywnym wp\u0142ywem \u015brodowiska zewn\u0119trznego i dzia\u0142aniem wolnych rodnik\u00f3<\/strong>w.<\/p>\n<p style=\"margin: 0in; font-family: Calibri; font-size: 11.0pt;\"><div id=\"hsbp-f222ba753c0c866a1d57a0cb5aa23047\" class=\"hsbp\"><\/div><\/p>\n<h3>Maska od\u015bwie\u017caj\u0105ca kolor Londa Toneplex Pearl Blond<\/h3>\n<p>Maska koloryzuj\u0105ca do w\u0142os\u00f3w Londa Toneplex <strong>od\u015bwie\u017ca kolor, tonuje w\u0142osy i nadaje im ciekawy, pastelowy odcie\u0144<\/strong>. Maska nie zawiera nadtlenku wodoru, amoniaku, silikon\u00f3w, wi\u0119c jest bezpieczna dla w\u0142os\u00f3w.<\/p>\n<p>Kosmetyk zapobiega blakni\u0119ciu koloru i uszkodzeniom w\u0142os\u00f3w spowodowanych przez s\u0142o\u0144ce, chlor i s\u0142on\u0105 wod\u0119, ciep\u0142o oraz gor\u0105c\u0105 wod\u0119. Formu\u0142a Color zapewnia wysok\u0105 jako\u015b\u0107 kolor\u00f3w. Z kolei technologia Pro-Plex z kwasem maleinowym wzmacnia wewn\u0119trzn\u0105 struktur\u0119 w\u0142os\u00f3w. Kolor staje si\u0119 natychmiast intensywniejszy, a do tego kosmetyk rekonstruuje wi\u0105zania wewn\u0105trz w\u0142os\u00f3w.<\/p>\n<p style=\"margin: 0in; font-family: Calibri; font-size: 11.0pt;\"><div id=\"hsbp-b7b531c7eb635efdb1e7f29d110821e7\" class=\"hsbp\"><\/div><\/p>\n<p>W zasadzie mask\u0119 Londa Toneplex mo\u017cna zaliczy\u0107 do masek koloryzuj\u0105cych, czyli takich, kt\u00f3re poza od\u017cywianiem zawieraj\u0105 w sobie pigmenty koryguj\u0105ce kolor. M\u00f3wimy wtedy o <a href=\"https:\/\/www.hairstore.pl\/koloryzacja-zmywalna-c748.html\">koloryzacji zmywalnej<\/a>.<\/p>\n<p>Sprawd\u017a: <a href=\"https:\/\/www.hairstore.pl\/blog\/top-6-masek-koloryzujacych\/\">Ranking najlepszych masek koloryzuj\u0105cych.<\/a><\/p>\n<h3>Maska do w\u0142os\u00f3w blond Loreal Blondifier<\/h3>\n<p>Ostatnia maska w zestawieniu przede wszystkim dba o kondycj\u0119 pasm. Nie zawiera pigment\u00f3w, wi\u0119c nie dzia\u0142a tonuj\u0105co. Doskonale natomiast nab\u0142yszcza w\u0142osy.<\/p>\n<p>Kosmetyk ma w\u0142a\u015bciwo\u015bci od\u017cywcze, dostarcza w\u0142osom wa\u017cnych sk\u0142adnik\u00f3w oraz \u015bwietnie je wyg\u0142adza. Co wi\u0119cej, podkre\u015bla blask oraz naturaln\u0105 barw\u0119. W sk\u0142adzie znajduje si\u0119 cenny ekstrakt z jag\u00f3d acai, kt\u00f3re stanowi\u0105 naturalne bogactwo polifenoli. Dzi\u0119ki temu w\u0142osy maj\u0105 wyj\u0105tkowo dobr\u0105 kondycj\u0119 oraz s\u0105 <strong>chronione przed wolnymi rodnikami<\/strong>. W efekcie maj\u0105 cudownie <strong>wielowymiarowy blask<\/strong>.<\/p>\n<p style=\"margin: 0in; font-family: Calibri; font-size: 11.0pt;\"><div id=\"hsbp-8d130bfd544b23c74c7828ec665396a7\" class=\"hsbp\"><\/div><\/p>\n","protected":false},"excerpt":{"rendered":"<p>W\u0142osy blond s\u0105 bardzo wymagaj\u0105ce. Mog\u0105 si\u0119 puszy\u0107, s\u0105 przesuszone, elektryzuj\u0105 si\u0119&#8230; Do tego wszystkiego potrzebuj\u0105 w wielu przypadkach neutralizacji, gdy\u017c do\u015b\u0107 szybko pojawiaj\u0105 si\u0119 na nich niechciane odcienie i r\u00f3wnie cz\u0119sto trac\u0105 blask. Gdy szampon nie wystarczy, na scen\u0119 wkraczaj\u0105 maski do w\u0142os\u00f3w blond.<\/p>\n","protected":false},"author":8,"featured_media":16746,"comment_status":"open","ping_status":"open","sticky":false,"template":"","format":"standard","meta":{"footnotes":""},"categories":[2],"tags":[316,551,11363,11369],"yst_prominent_words":[2194,2195,1195,2752,8175,3420,10507,8700,5044,717,2213],"class_list":["post-16744","post","type-post","status-publish","format-standard","has-post-thumbnail","hentry","category-aktualnosci","tag-blond","tag-chlodny-blond","tag-pielegnacja-wlosow","tag-ranking"],"_links":{"self":[{"href":"https:\/\/www.hairstore.pl\/blog\/wp-json\/wp\/v2\/posts\/16744","targetHints":{"allow":["GET"]}}],"collection":[{"href":"https:\/\/www.hairstore.pl\/blog\/wp-json\/wp\/v2\/posts"}],"about":[{"href":"https:\/\/www.hairstore.pl\/blog\/wp-json\/wp\/v2\/types\/post"}],"author":[{"embeddable":true,"href":"https:\/\/www.hairstore.pl\/blog\/wp-json\/wp\/v2\/users\/8"}],"replies":[{"embeddable":true,"href":"https:\/\/www.hairstore.pl\/blog\/wp-json\/wp\/v2\/comments?post=16744"}],"version-history":[{"count":5,"href":"https:\/\/www.hairstore.pl\/blog\/wp-json\/wp\/v2\/posts\/16744\/revisions"}],"predecessor-version":[{"id":16750,"href":"https:\/\/www.hairstore.pl\/blog\/wp-json\/wp\/v2\/posts\/16744\/revisions\/16750"}],"wp:featuredmedia":[{"embeddable":true,"href":"https:\/\/www.hairstore.pl\/blog\/wp-json\/wp\/v2\/media\/16746"}],"wp:attachment":[{"href":"https:\/\/www.hairstore.pl\/blog\/wp-json\/wp\/v2\/media?parent=16744"}],"wp:term":[{"taxonomy":"category","embeddable":true,"href":"https:\/\/www.hairstore.pl\/blog\/wp-json\/wp\/v2\/categories?post=16744"},{"taxonomy":"post_tag","embeddable":true,"href":"https:\/\/www.hairstore.pl\/blog\/wp-json\/wp\/v2\/tags?post=16744"},{"taxonomy":"yst_prominent_words","embeddable":true,"href":"https:\/\/www.hairstore.pl\/blog\/wp-json\/wp\/v2\/yst_prominent_words?post=16744"}],"curies":[{"name":"wp","href":"https:\/\/api.w.org\/{rel}","templated":true}]}}