{"id":16625,"date":"2021-02-05T12:48:07","date_gmt":"2021-02-05T11:48:07","guid":{"rendered":"https:\/\/www.hairstore.pl\/blog\/?p=16625"},"modified":"2021-02-05T12:48:07","modified_gmt":"2021-02-05T11:48:07","slug":"trwala-na-wlosy-hit-2021","status":"publish","type":"post","link":"https:\/\/www.hairstore.pl\/blog\/trwala-na-wlosy-hit-2021\/","title":{"rendered":"Wielki powr\u00f3t trwa\u0142ej? To b\u0119dzie hit 2021 roku!"},"content":{"rendered":"<p>Po latach wraca do \u0142ask. I chocia\u017c wydawa\u0142o si\u0119, \u017ce ju\u017c dawno zosta\u0142a zapomniana i pokry\u0142a si\u0119 kurzem, wszystko wskazuje na to, \u017ce stanie si\u0119 hitem 2021 roku. Trwa\u0142a na w\u0142osy &#8211; to w\u0142a\u015bnie o tym trendzie mowa.<\/p>\n<p><!--more--><\/p>\n<p>To ju\u017c pewne. Rok 2021 b\u0119dzie rokiem trwa\u0142ej ondulacji. Drobne loczki szturmem ju\u017c zdoby\u0142y \u015bwiat mody i Instagram, teraz czas na to, a\u017c zawojuj\u0105 ulice. G\u0142\u00f3wn\u0105 zalet\u0105 trwa\u0142ej jest fakt, \u017ce efekt lok\u00f3w nie znika po pierwszym myciu. Ju\u017c sama nazwa wskazuje, \u017ce jest to zabieg utrzymuj\u0105cy si\u0119 na w\u0142osach d\u0142ugo. A d\u0142ugo oznacza, \u017ce nawet 10 miesi\u0119cy.<\/p>\n<div class=\"article-menu-box\"><div class=\"article-menu-header\">W tym artykule:<\/div>\n        <ul class=\"article-menu\"><li>trwa\u0142a na w\u0142osy dawniej i dzi\u015b<\/li><li>galeria z inspiruj\u0105cymi fryzurami<\/li><li>na czym polega trwa\u0142a i czy jest dla ka\u017cdego<\/li><li>jak d\u0142ugo utrzymuje si\u0119 efekt trwa\u0142ej<\/li><\/ul><\/div>\n<h2>Ameryka\u0144scy styli\u015bci og\u0142aszaj\u0105: trwa\u0142a na w\u0142osach hitem na 2021!<\/h2>\n<p>Mocny, trwa\u0142y skr\u0119t wielu osobom kojarzy si\u0119 z nie\u015bmierteln\u0105 fryzur\u0105 babci, szalonym weselem ciotki albo plakatami z m\u0142od\u0105 Cher nad \u0142\u00f3\u017ckiem, jednak czas porzuci\u0107 te animozje. Ameryka\u0144scy styli\u015bci s\u0105 zgodni, \u017ce <strong>trwa\u0142a ondulacja to jedna z najmodniejszych fryzur w 2021 roku<\/strong>. Co jednak istotne, &#8222;trwa\u0142a XXI wieku&#8221; nie przypomina baranka &#8211; znacznie bli\u017cej jej do<strong> afro<\/strong>.<\/p>\n<p>Trend na wykonywanie trwa\u0142ej widoczny jest nie tylko w stanach Zjednoczonych. Spr\u0119\u017cynki z w\u0142os\u00f3w zawojowa\u0142y ju\u017c Europ\u0119, a fryzjerzy na ca\u0142ym \u015bwiecie coraz cz\u0119\u015bciej proponuj\u0105 ten zabieg swoim klientom. R\u00f3wnie\u017c w Polsce.<\/p>\n<p>Je\u015bli wi\u0119c zawsze marzy\u0142a ci si\u0119 burza drobnych lok\u00f3w na g\u0142owie, nie zastanawiaj si\u0119 d\u0142u\u017cej. To w\u0142a\u015bnie ten czas &#8211; odwied\u017a wi\u0119c swojego fryzjera i zaszalej. Bo trwa\u0142a powr\u00f3ci\u0142a z wielkim hukiem.<\/p>\n<h2>Jak to by\u0142o kiedy\u015b&#8230;<\/h2>\n<p>Przenie\u015bmy si\u0119 na chwil\u0119 do lat 80. i 90. XX wieku. To w\u0142a\u015bnie wtedy kr\u00f3lowa\u0142a trwa\u0142a, a tak\u0105 fryzur\u0119 nosi\u0142y gwiazdy estrady: Mariah Carey, Sandra, Cher, Madonna &#8211; czy na rodzimej scenie muzycznej Beata Kozidrak, wokalistka Bajm. R\u00f3wnie\u017c aktorki cz\u0119sto mo\u017cna by\u0142o ogl\u0105da\u0107 z charakterystycznym barankiem na g\u0142owie.<\/p>\n<figure id=\"attachment_16632\" aria-describedby=\"caption-attachment-16632\" style=\"width: 1200px\" class=\"wp-caption aligncenter\"><img decoding=\"async\" class=\"wp-image-16632 size-full\" src=\"https:\/\/www.hairstore.pl\/blog\/wp-content\/uploads\/2021\/02\/beata-kozidrak-lata-80.jpg\" alt=\"trwa\u0142a ondulacja, beata kozidrak, meg ryan, sandra\" width=\"1200\" height=\"675\" srcset=\"https:\/\/www.hairstore.pl\/blog\/wp-content\/uploads\/2021\/02\/beata-kozidrak-lata-80.jpg 800w, https:\/\/www.hairstore.pl\/blog\/wp-content\/uploads\/2021\/02\/beata-kozidrak-lata-80-300x169.jpg 300w, https:\/\/www.hairstore.pl\/blog\/wp-content\/uploads\/2021\/02\/beata-kozidrak-lata-80-1024x576.jpg 1024w, https:\/\/www.hairstore.pl\/blog\/wp-content\/uploads\/2021\/02\/beata-kozidrak-lata-80-768x432.jpg 768w\" sizes=\"(max-width: 1200px) 100vw, 1200px\" \/><figcaption id=\"caption-attachment-16632\" class=\"wp-caption-text\">\u0179r\u00f3d\u0142o: muzeumpiosenki.pl, harpersbazaar.com, glamourmagazine.com<\/figcaption><\/figure>\n<figure id=\"attachment_16633\" aria-describedby=\"caption-attachment-16633\" style=\"width: 1200px\" class=\"wp-caption aligncenter\"><img decoding=\"async\" class=\"wp-image-16633 size-full\" src=\"https:\/\/www.hairstore.pl\/blog\/wp-content\/uploads\/2021\/02\/madonna-lata-80.jpg\" alt=\"trwa\u0142a na w\u0142osy, madonna, cher, mariah carey\" width=\"1200\" height=\"675\" srcset=\"https:\/\/www.hairstore.pl\/blog\/wp-content\/uploads\/2021\/02\/madonna-lata-80.jpg 800w, https:\/\/www.hairstore.pl\/blog\/wp-content\/uploads\/2021\/02\/madonna-lata-80-300x169.jpg 300w, https:\/\/www.hairstore.pl\/blog\/wp-content\/uploads\/2021\/02\/madonna-lata-80-1024x576.jpg 1024w, https:\/\/www.hairstore.pl\/blog\/wp-content\/uploads\/2021\/02\/madonna-lata-80-768x432.jpg 768w\" sizes=\"(max-width: 1200px) 100vw, 1200px\" \/><figcaption id=\"caption-attachment-16633\" class=\"wp-caption-text\">\u0179r\u00f3d\u0142o: wikipedia.org, vogue.pl, glamourmagazine.com<\/figcaption><\/figure>\n<p>Po jakim\u015b czasie moda na trwa\u0142\u0105 przemin\u0119\u0142a &#8211; styl na baranka odszed\u0142 w zapomnienie, poza tym sam zabieg mocno niszczy\u0142 w\u0142osy. Dzisiaj powraca &#8211; oczywi\u015bcie preparaty zmieni\u0142y formu\u0142y i obecnie zabieg nie jest a\u017c tak inwazyjny, chocia\u017c w\u0142osy mo\u017ce os\u0142abi\u0107 czy pogorszy\u0107 ich kondycj\u0119. Inwazyjno\u015b\u0107 wsp\u00f3\u0142czesnej trwa\u0142ej mo\u017cna por\u00f3wna\u0107 do rozja\u015bniania &#8211; umiej\u0119tnie przeprowadzona nie sprowadzi tragedii na nasze w\u0142osy.<\/p>\n<p>Na trwa\u0142e loczki decyduj\u0105 si\u0119 r\u00f3wnie\u017c dzisiejsze <strong>gwiazdy<\/strong>, kt\u00f3re &#8211; trzeba przyzna\u0107 &#8211; wygl\u0105daj\u0105 w trwa\u0142ej przepi\u0119knie.<\/p>\n<figure id=\"attachment_16634\" aria-describedby=\"caption-attachment-16634\" style=\"width: 1200px\" class=\"wp-caption aligncenter\"><img decoding=\"async\" class=\"wp-image-16634 size-full\" src=\"https:\/\/www.hairstore.pl\/blog\/wp-content\/uploads\/2021\/02\/gwiazdy-w-lokach.jpg\" alt=\"camilla cabeilo, blake lively, charlize cheron\" width=\"1200\" height=\"675\" srcset=\"https:\/\/www.hairstore.pl\/blog\/wp-content\/uploads\/2021\/02\/gwiazdy-w-lokach.jpg 800w, https:\/\/www.hairstore.pl\/blog\/wp-content\/uploads\/2021\/02\/gwiazdy-w-lokach-300x169.jpg 300w, https:\/\/www.hairstore.pl\/blog\/wp-content\/uploads\/2021\/02\/gwiazdy-w-lokach-1024x576.jpg 1024w, https:\/\/www.hairstore.pl\/blog\/wp-content\/uploads\/2021\/02\/gwiazdy-w-lokach-768x432.jpg 768w\" sizes=\"(max-width: 1200px) 100vw, 1200px\" \/><figcaption id=\"caption-attachment-16634\" class=\"wp-caption-text\">\u0179r\u00f3d\u0142o: www.byrdie.com, stylecraze.com, theskincareedit<\/figcaption><\/figure>\n<h2>Trwa\u0142a ondulacja &#8211; inspiracje<\/h2>\n<p>Drobne loczki <strong>dodaj\u0105 obj\u0119to\u015bci<\/strong> w\u0142osom i wygl\u0105daj\u0105 cudownie zar\u00f3wno na d\u0142u\u017cszych, jak i kr\u00f3tszych w\u0142osach. Spr\u0119\u017cynki sprawiaj\u0105, \u017ce w\u0142os\u00f3w wydaje si\u0119 wi\u0119cej, a fryzura jest naprawd\u0119 bujna.<\/p>\n<p>Poza tym styling w\u0142os\u00f3w to skuteczny spos\u00f3b na zaoszcz\u0119dzenie czasu. Wszak odchodzi konieczno\u015b\u0107 uk\u0142adania w\u0142os\u00f3w czy kr\u0119cenia ich co ranek lok\u00f3wk\u0105. Efekty zabiegu utrzymuj\u0105 si\u0119 d\u0142ugo &#8211; do 10 miesi\u0119cy.<\/p>\n<figure id=\"attachment_16627\" aria-describedby=\"caption-attachment-16627\" style=\"width: 1200px\" class=\"wp-caption aligncenter\"><img decoding=\"async\" class=\"wp-image-16627 size-full\" src=\"https:\/\/www.hairstore.pl\/blog\/wp-content\/uploads\/2021\/02\/styling-wlosow.jpg\" alt=\"trwa\u0142a na w\u0142osy, trwa\u0142a efekty, styling w\u0142os\u00f3w\" width=\"1200\" height=\"675\" srcset=\"https:\/\/www.hairstore.pl\/blog\/wp-content\/uploads\/2021\/02\/styling-wlosow.jpg 800w, https:\/\/www.hairstore.pl\/blog\/wp-content\/uploads\/2021\/02\/styling-wlosow-300x169.jpg 300w, https:\/\/www.hairstore.pl\/blog\/wp-content\/uploads\/2021\/02\/styling-wlosow-1024x576.jpg 1024w, https:\/\/www.hairstore.pl\/blog\/wp-content\/uploads\/2021\/02\/styling-wlosow-768x432.jpg 768w\" sizes=\"(max-width: 1200px) 100vw, 1200px\" \/><figcaption id=\"caption-attachment-16627\" class=\"wp-caption-text\">\u0179r\u00f3d\u0142o: hadviser.com, amazon.com, byrdie.co.uk<\/figcaption><\/figure>\n<figure id=\"attachment_16628\" aria-describedby=\"caption-attachment-16628\" style=\"width: 1200px\" class=\"wp-caption aligncenter\"><img decoding=\"async\" class=\"wp-image-16628 size-full\" src=\"https:\/\/www.hairstore.pl\/blog\/wp-content\/uploads\/2021\/02\/trwala-efekty.jpg\" alt=\"trwa\u0142a na d\u0142ugich w\u0142osach, trwa\u0142a ondulacja, trwa\u0142a hitem 2021\" width=\"1200\" height=\"675\" srcset=\"https:\/\/www.hairstore.pl\/blog\/wp-content\/uploads\/2021\/02\/trwala-efekty.jpg 800w, https:\/\/www.hairstore.pl\/blog\/wp-content\/uploads\/2021\/02\/trwala-efekty-300x169.jpg 300w, https:\/\/www.hairstore.pl\/blog\/wp-content\/uploads\/2021\/02\/trwala-efekty-1024x576.jpg 1024w, https:\/\/www.hairstore.pl\/blog\/wp-content\/uploads\/2021\/02\/trwala-efekty-768x432.jpg 768w\" sizes=\"(max-width: 1200px) 100vw, 1200px\" \/><figcaption id=\"caption-attachment-16628\" class=\"wp-caption-text\">\u0179r\u00f3d\u0142o: hairlossdhtshampoo.com, sospedro.com, hadviser.com<\/figcaption><\/figure>\n<p>Co jednak wa\u017cne, w przypadku trwa\u0142ej (szczeg\u00f3lnie na d\u0142ugich w\u0142osach), musisz zarezerwowa\u0107 wi\u0119cej czasu na czesanie w\u0142os\u00f3w. Kr\u0119cone pasma trudniej rozczesa\u0107 &#8211; i trzeba wiedzie\u0107, jak to zrobi\u0107.<\/p>\n<p>Sprawd\u017a: <a href=\"https:\/\/www.hairstore.pl\/blog\/czym-czesac-krecone-wlosy\/\">Jak czesa\u0107 kr\u0119cone w\u0142osy?<\/a><\/p>\n<figure id=\"attachment_16629\" aria-describedby=\"caption-attachment-16629\" style=\"width: 1200px\" class=\"wp-caption aligncenter\"><img decoding=\"async\" class=\"wp-image-16629 size-full\" src=\"https:\/\/www.hairstore.pl\/blog\/wp-content\/uploads\/2021\/02\/trwala-na-krotkich-wlosach.jpg\" alt=\"trwa\u0142a na kr\u00f3tkich w\u0142osach, trwa\u0142a ondulacja efekty\" width=\"1200\" height=\"675\" srcset=\"https:\/\/www.hairstore.pl\/blog\/wp-content\/uploads\/2021\/02\/trwala-na-krotkich-wlosach.jpg 800w, https:\/\/www.hairstore.pl\/blog\/wp-content\/uploads\/2021\/02\/trwala-na-krotkich-wlosach-300x169.jpg 300w, https:\/\/www.hairstore.pl\/blog\/wp-content\/uploads\/2021\/02\/trwala-na-krotkich-wlosach-1024x576.jpg 1024w, https:\/\/www.hairstore.pl\/blog\/wp-content\/uploads\/2021\/02\/trwala-na-krotkich-wlosach-768x432.jpg 768w\" sizes=\"(max-width: 1200px) 100vw, 1200px\" \/><figcaption id=\"caption-attachment-16629\" class=\"wp-caption-text\">\u0179r\u00f3d\u0142o: samanthamariaofficial.com, amazon.com, elle.com<\/figcaption><\/figure>\n<figure id=\"attachment_16630\" aria-describedby=\"caption-attachment-16630\" style=\"width: 1200px\" class=\"wp-caption aligncenter\"><img decoding=\"async\" class=\"wp-image-16630 size-full\" src=\"https:\/\/www.hairstore.pl\/blog\/wp-content\/uploads\/2021\/02\/trwala-na-wlosy.jpg\" alt=\"trwa\u0142a na w\u0142osy, trwa\u0142a, styling w\u0142os\u00f3w, trwa\u0142a ondulacja\" width=\"1200\" height=\"675\" srcset=\"https:\/\/www.hairstore.pl\/blog\/wp-content\/uploads\/2021\/02\/trwala-na-wlosy.jpg 800w, https:\/\/www.hairstore.pl\/blog\/wp-content\/uploads\/2021\/02\/trwala-na-wlosy-300x169.jpg 300w, https:\/\/www.hairstore.pl\/blog\/wp-content\/uploads\/2021\/02\/trwala-na-wlosy-1024x576.jpg 1024w, https:\/\/www.hairstore.pl\/blog\/wp-content\/uploads\/2021\/02\/trwala-na-wlosy-768x432.jpg 768w\" sizes=\"(max-width: 1200px) 100vw, 1200px\" \/><figcaption id=\"caption-attachment-16630\" class=\"wp-caption-text\">\u0179r\u00f3d\u0142o: mujerde10.com, kahchear.blogspot.com, therighthairstyles.com<\/figcaption><\/figure>\n<h2>Trwa\u0142a na w\u0142osy &#8211; czy dla ka\u017cdego?<\/h2>\n<p>Czy na wykonanie zabiegu mo\u017ce zdecydowa\u0107 si\u0119 ka\u017cdy? Ostatecznej oceny stanu w\u0142os\u00f3w powinien dokona\u0107 fryzjer przed zabiegiem, jednak s\u0105 pewne og\u00f3lne zasady.<\/p>\n<p>Trwa\u0142a ondulacja jest zabiegiem chemicznym. Sk\u0142adniki zawarte w preparatach oddzia\u0142uj\u0105 na struktur\u0119 w\u0142osa i mog\u0105 prowadzi\u0107 do jego os\u0142abienia. W wyniki ondulacji zmienia si\u0119 skr\u0119t w\u0142os\u00f3w &#8211; powstaj\u0105 loczki, kt\u00f3re si\u0119 nie rozprostowuj\u0105.<\/p>\n<p><strong>Zabieg nie jest polecany osobom, kt\u00f3re maj\u0105 zniszczone w\u0142osy.<\/strong> Najpierw lepiej je od\u017cywi\u0107 i odbudowa\u0107, a potem &#8211; ze zdrowymi w\u0142osami &#8211; wr\u00f3ci\u0107 do fryzjera.<\/p>\n<p>Sprawd\u017a: <a href=\"https:\/\/www.hairstore.pl\/blog\/keratynowa-odbudowa-wlosow\/\">Jak wzmocni\u0107 w\u0142osy keratyn\u0105?<\/a><\/p>\n<h2>Na czym polega trwa\u0142a ondulacja?<\/h2>\n<p>Efekty znamy chyba wszyscy. Burza lok\u00f3w na g\u0142owie, kt\u00f3ra utrzymuje si\u0119 d\u0142ugi czas.<\/p>\n<p>Ale jak to mo\u017cliwe, \u017ce w\u0142osy nie prostuj\u0105 si\u0119?<\/p>\n<p>W preparatach u\u017cywanych do trwa\u0142ej ondulacji znajduj\u0105 si\u0119 <strong>silne sk\u0142adniki chemiczne<\/strong>, kt\u00f3re wnikaj\u0105 w \u015brodek w\u0142osa i zmieniaj\u0105 jego struktur\u0119. W\u0142osy staj\u0105 si\u0119 podatne na styling i mo\u017cna im nada\u0107 dowolny kszta\u0142t.<\/p>\n<p><strong>Jak to dzia\u0142a:<\/strong><\/p>\n<ol>\n<li>Fryzjer nak\u0142ada na w\u0142osy specjalny<a href=\"https:\/\/www.hairstore.pl\/trwala-i-styling-c666.html\"> preparat do trwa\u0142ej ondulacji<\/a>.<\/li>\n<li>W\u0142osy s\u0105 nakr\u0119cane na wa\u0142ki: grube, je\u015bli loki maj\u0105 by\u0107 delikatne lub cienkie, je\u015bli zale\u017cy nam na drobniutkich loczkach.<\/li>\n<li>Fryzjer u\u017cywa preparatu utrwalaj\u0105cego efekt.<\/li>\n<\/ol>\n<p>I gotowe, mo\u017cna cieszy\u0107 si\u0119 pi\u0119knymi lokami.<\/p>\n<p style=\"margin: 0in; font-family: Calibri; font-size: 11.0pt;\"><div id=\"hsbp-909f72eae05f665184db4c4382ee7b86\" class=\"hsbp\"><\/div><\/p>\n<p>Je\u015bli nie jeste\u015b gotowa na b\u0105d\u017a co b\u0105d\u017a inwazyjny zabieg, bo nie wiesz, czy b\u0119dziesz dobrze czu\u0107 si\u0119 w lokach, mo\u017cesz na pocz\u0105tek skorzysta\u0107 z naszych porad, jak samemu zrobi\u0107 fale na w\u0142osach w domu. <a href=\"https:\/\/www.hairstore.pl\/blog\/jak-zrobic-loki-na-wlosach\/\">Sprawd\u017a a\u017c 3 r\u00f3\u017cne sposoby na \u0142atwe kr\u0119cenie w\u0142os\u00f3w<\/a>.<\/p>\n<h2>Czy\u017cby trwa\u0142a mia\u0142a zast\u0105pi\u0107 afro loki?<\/h2>\n<p>Moda na drobne loczki przysz\u0142a ju\u017c do nas w 2018 roku, kiedy to obserwowali\u015bmy wielki boom na <a href=\"https:\/\/www.hairstore.pl\/blog\/afro-loki-trendy-2018\/\">afro loki<\/a>. Loczki z w\u0142os\u00f3w syntetycznych, nak\u0142adane na kilka tygodni na specjalnej siatce, pod kt\u00f3r\u0105 chowane s\u0105 naturalne w\u0142osy, znalaz\u0142y wielu zwolennik\u00f3w. Burza lok\u00f3w szczeg\u00f3lnie spodoba\u0142a si\u0119 osobom z cienkimi i delikatnymi w\u0142osami, kt\u00f3re znalaz\u0142y spos\u00f3b na cieszenie si\u0119 megaobj\u0119to\u015bci\u0105.<\/p>\n<p>Z czasem jednak pojawi\u0142o si\u0119 coraz wi\u0119cej g\u0142os\u00f3w, \u017ce loki afro nie s\u0105 w 100% bezpieczne dla w\u0142os\u00f3w. Obok dziewczyn, kt\u00f3re by\u0142y bardzo zadowolone, o swoich nienajlepszych do\u015bwiadczeniach zacz\u0119\u0142y pisa\u0107 te\u017c inne kobiety. Wskazywa\u0142y na problemy z piel\u0119gnacj\u0105 w\u0142os\u00f3w, os\u0142abienie, problemy sk\u00f3ry g\u0142owy czy do\u015b\u0107 sztuczny wygl\u0105d. Trudno jednoznacznie stwierdzi\u0107, \u017ce afro loki s\u0105 z\u0142e, jednak nie ka\u017cdemu ta technika przypad\u0142a do gustu.<\/p>\n<p>Przeczytaj: <a href=\"https:\/\/www.hairstore.pl\/blog\/fakty-i-mity-o-afrolokach\/\">Fakty i mity o afro lokach.<\/a><\/p>\n<p>Nadal jednak modne s\u0105 drobne loczki, a kobiety szukaj\u0105 nowych sposob\u00f3w na uzyskanie takiego efektu. Mo\u017cna kr\u0119ci\u0107 w\u0142osy na s\u0142omki albo u\u017cy\u0107 w\u0105skiej <a href=\"https:\/\/www.hairstore.pl\/lokowki-c21.html\">lok\u00f3wki do w\u0142os\u00f3w<\/a> &#8211; je\u015bli w\u0142osy s\u0105 podatne na kr\u0119cenie, efekt b\u0119dzie zadowalaj\u0105cy. Mo\u017cna te\u017c&#8230; pokusi\u0107 si\u0119 o trwa\u0142\u0105.<\/p>\n<p>To rozwi\u0105zanie wygodne, bo efekt stylingu utrzymuje si\u0119 nawet do 10 miesi\u0119cy. A to znacznie d\u0142u\u017cej ni\u017c afro loki (mo\u017cna je trzyma\u0107 na w\u0142osach do 11 tygodni), o kr\u0119ceniu w\u0142os\u00f3w lok\u00f3wk\u0105 nie wspominaj\u0105c.<\/p>\n<p>Co s\u0105dzicie o trwa\u0142ej na w\u0142osach? Czy jeste\u015bcie gotowi na wielki powr\u00f3t tego stylu? Planujecie zrobi\u0107 burz\u0119 loczk\u00f3w?<\/p>\n","protected":false},"excerpt":{"rendered":"<p>Po latach wraca do \u0142ask. I chocia\u017c wydawa\u0142o si\u0119, \u017ce ju\u017c dawno zosta\u0142a zapomniana i pokry\u0142a si\u0119 kurzem, wszystko wskazuje na to, \u017ce stanie si\u0119 hitem 2021 roku. Trwa\u0142a na w\u0142osy &#8211; to w\u0142a\u015bnie o tym trendzie mowa.<\/p>\n","protected":false},"author":8,"featured_media":16640,"comment_status":"open","ping_status":"open","sticky":false,"template":"","format":"standard","meta":{"footnotes":""},"categories":[9421],"tags":[3151,3],"yst_prominent_words":[3141,3143,1613,3169,1514,1512,1503,1501,720,704,717,735,2975,737],"class_list":["post-16625","post","type-post","status-publish","format-standard","has-post-thumbnail","hentry","category-trendy","tag-afro-loki","tag-stylizacja-wlosow"],"_links":{"self":[{"href":"https:\/\/www.hairstore.pl\/blog\/wp-json\/wp\/v2\/posts\/16625","targetHints":{"allow":["GET"]}}],"collection":[{"href":"https:\/\/www.hairstore.pl\/blog\/wp-json\/wp\/v2\/posts"}],"about":[{"href":"https:\/\/www.hairstore.pl\/blog\/wp-json\/wp\/v2\/types\/post"}],"author":[{"embeddable":true,"href":"https:\/\/www.hairstore.pl\/blog\/wp-json\/wp\/v2\/users\/8"}],"replies":[{"embeddable":true,"href":"https:\/\/www.hairstore.pl\/blog\/wp-json\/wp\/v2\/comments?post=16625"}],"version-history":[{"count":11,"href":"https:\/\/www.hairstore.pl\/blog\/wp-json\/wp\/v2\/posts\/16625\/revisions"}],"predecessor-version":[{"id":16644,"href":"https:\/\/www.hairstore.pl\/blog\/wp-json\/wp\/v2\/posts\/16625\/revisions\/16644"}],"wp:featuredmedia":[{"embeddable":true,"href":"https:\/\/www.hairstore.pl\/blog\/wp-json\/wp\/v2\/media\/16640"}],"wp:attachment":[{"href":"https:\/\/www.hairstore.pl\/blog\/wp-json\/wp\/v2\/media?parent=16625"}],"wp:term":[{"taxonomy":"category","embeddable":true,"href":"https:\/\/www.hairstore.pl\/blog\/wp-json\/wp\/v2\/categories?post=16625"},{"taxonomy":"post_tag","embeddable":true,"href":"https:\/\/www.hairstore.pl\/blog\/wp-json\/wp\/v2\/tags?post=16625"},{"taxonomy":"yst_prominent_words","embeddable":true,"href":"https:\/\/www.hairstore.pl\/blog\/wp-json\/wp\/v2\/yst_prominent_words?post=16625"}],"curies":[{"name":"wp","href":"https:\/\/api.w.org\/{rel}","templated":true}]}}