{"id":15841,"date":"2020-11-06T15:45:13","date_gmt":"2020-11-06T14:45:13","guid":{"rendered":"https:\/\/www.hairstore.pl\/blog\/?p=15841"},"modified":"2020-11-06T15:45:13","modified_gmt":"2020-11-06T14:45:13","slug":"fakty-i-mity-o-afrolokach","status":"publish","type":"post","link":"https:\/\/www.hairstore.pl\/blog\/fakty-i-mity-o-afrolokach\/","title":{"rendered":"Ca\u0142a prawda o afro lokach. Zebrali\u015bmy wasze w\u0105tpliwo\u015bci"},"content":{"rendered":"<p>Afro loki sta\u0142y si\u0119 niezwykle popularne w 2018 roku. Widzimy, \u017ce ten temat jest dla was wa\u017cny. Zwr\u00f3cili\u015bcie nasz\u0105 uwag\u0119 na problemy, jakie mog\u0105 wynika\u0107 z zak\u0142adania afro lok\u00f3w. Postarali\u015bmy si\u0119 zebra\u0107 wszystkie wasze w\u0105tpliwo\u015bci w jednym wpisie.<\/p>\n<p><!--more--><\/p>\n<p>O afrolokach zrobi\u0142o si\u0119 g\u0142o\u015bno w 2018 roku. Temat ten by\u0142 poruszany w telewizji, a o afro lokach m\u00f3wiono ch\u0119tnie w telewizjach \u015bniadaniowych. Pojawi\u0142o si\u0119 te\u017c wiele artyku\u0142\u00f3w w sieci na ten temat &#8211; r\u00f3wnie\u017c na naszym blogu. Na pocz\u0105tku wszyscy bardzo entuzjastycznie podchodzili do tej fryzury &#8211; mia\u0142a ona przede wszystkim pozwoli\u0107 na ukrycie \u0142ysiny i na uzyskanie burzy w\u0142os\u00f3w, nawet na kilka miesi\u0119cy. <strong>Pisali\u015bcie jednak do nas zwracaj\u0105c uwag\u0119 na problemy, jakie mog\u0105 wynika\u0107 z za\u0142o\u017cenia afro lok\u00f3w<\/strong>. Zebrali\u015bmy je w tym wpisie.<\/p>\n<div class=\"article-menu-box\"><div class=\"article-menu-header\">W tym artykule:<\/div>\n        <ul class=\"article-menu\"><li>na czym polegaj\u0105 afro loki<\/li><li>wady zak\u0142adania afro lok\u00f3w<\/li><li>zalety lok\u00f3w afro<\/li><\/ul><\/div>\n<h2>Dyskusja na temat afro lok\u00f3w<\/h2>\n<p>A lokach afro pisali\u015bmy dla was po raz pierwszy w listopadzie 2018 roku.<\/p>\n<p>W zasadzie afro loki to\u00a0<strong>doczepiane w\u0142osy syntetyczne<\/strong>, kt\u00f3re maj\u0105 imitowa\u0107 afro.\u00a0 Loki afro to <strong>drobne loczki, w naprawd\u0119 du\u017cej ilo\u015bci<\/strong>\u00a0\u2013 i to po\u0142\u0105czenie stanowi\u00a0<strong>efekt wow<\/strong>. W przypadku tej fryzury mo\u017cna m\u00f3wi\u0107 o burzy w\u0142os\u00f3w.<\/p>\n<p>Takie loki zak\u0142ada si\u0119 u fryzjera. O ile w 2018 roku ma\u0142o salon\u00f3w fryzjerskich oferowa\u0142o tak\u0105 us\u0142ug\u0119 (zaledwie kilka w Polsce), o tyle obecnie ju\u017c bez wi\u0119kszych problem\u00f3w mo\u017cna za\u0142o\u017cy\u0107 loki afro w wielu miastach w naszym kraju.<\/p>\n<p>Ale czy warto?<\/p>\n<p>Pod wpisami na naszym blogu pojawi\u0142a si\u0119 dyskusja czytelnik\u00f3w. <strong>Wiele z was zwraca uwag\u0119, \u017ce afroloki s\u0105 trudne w piel\u0119gnacji i mog\u0105 prowadzi\u0107 do problem\u00f3w z w\u0142osami. Inni z kolei s\u0105 zachwyceni t\u0105 fryzur\u0105.<\/strong><\/p>\n<p>Nie ukrywamy, \u017ce do tematu lok\u00f3w afro podchodzili\u015bmy sami z wielkim entuzjazmem &#8211; bez w\u0105tpliwo\u015bci burza lok\u00f3w, w r\u00f3\u017cnych kolorach, wygl\u0105daj\u0105 spektakularnie. Wasze wiadomo\u015bci jednak sprawi\u0142y, \u017ce chcemy pokaza\u0107 r\u00f3wnie\u017c drug\u0105 stron\u0119 medalu.<\/p>\n<h2>Jakie problemy mog\u0105 wynika\u0107 z za\u0142o\u017cenia afro lok\u00f3w?<\/h2>\n<p>Wczytali\u015bmy si\u0119 dok\u0142adnie w wasze wiadomo\u015bci i postanowili\u015bmy pokaza\u0107, \u017ce o ile afro loki wygl\u0105da spektakularnie, o tyle faktycznie niekoniecznie b\u0119d\u0105 si\u0119 nadawa\u0107 dla ka\u017cdego.<\/p>\n<p>Sprawd\u017a: <a href=\"https:\/\/www.hairstore.pl\/blog\/afro-loki-trendy-2018\/\">Afro loki &#8211; inspiracje i najwa\u017cniejsze informacje<\/a><\/p>\n<p>Ca\u0142a dyskusja o afrolokach zacz\u0119\u0142a si\u0119 od komentarza Kai:<\/p>\n<blockquote><p>Za\u0142o\u017cy\u0142am dwa razy. Pierwszy raz nosi\u0142am dwa tyg\u2026 \u0179le si\u0119 czu\u0142am w ciemnych. Nast\u0119pne nosi\u0142am 7 tyg\u2026. Po zdj\u0119ciu afrolok\u00f3w my\u015bla\u0142am , \u017ce oszaleje. Moje w\u0142osy wygl\u0105da\u0142y jakby je kto\u015b wyszarpa\u0142, przody bardzo przerzedzone. Cieszy\u0142am si\u0119 lokami kosztem w\u0142asnych w\u0142os\u00f3w. Us\u0142ysza\u0142am od innej fryzjerki\u2026 \u017ce nie powinnam by\u0107 zaskoczona bo ci\u0119\u017car sztucznych os\u0142abi\u0142 moje w\u0142osy.<\/p><\/blockquote>\n<p>Podobn\u0105 wiadomo\u015b\u0107 napisa\u0142a Karo:<\/p>\n<blockquote><p>Ja te\u017c nosi\u0142am dwa razy afro. Niestety bardzo ale to bardzo du\u017co moich w\u0142os\u00f3w wypad\u0142o. Jestem prawie \u0142ysa. \u017ba\u0142uj\u0119 i to bardzo. Dla kilka tygodni pi\u0119knych lok\u00f3w straci\u0142am moje w\u0142osy. A niby mia\u0142o by\u0107 nie szkodliwe. Strach pomy\u015ble\u0107 co by by\u0142o gdybym kolejne razy zak\u0142ada\u0142a.<\/p><\/blockquote>\n<p>Po pewnym czasie podobnych wiadomo\u015bci pojawi\u0142o si\u0119 wi\u0119cej &#8211; obok komentarzy zadowolonych klientek salon\u00f3w fryzjerskich.<\/p>\n<p><strong>Problemy z afro lokami, o jakich pisz\u0105 nasi czytelnicy:<\/strong><\/p>\n<ul>\n<li>wypadanie w\u0142os\u00f3w po \u015bci\u0105gni\u0119ciu w\u0142os\u00f3w syntetycznych<\/li>\n<li>je\u015bli loki s\u0105 za\u0142o\u017cone niedbale, wida\u0107 spod nich naturalne w\u0142osy, co wygl\u0105da nieestetycznie<\/li>\n<li>syntetyczne w\u0142osy do wykonania afrolok\u00f3w bywaj\u0105 nieprzyjemne w dotyku, sztywne i szorstkie<\/li>\n<li>problematyczne mo\u017ce by\u0107 mycie afrolok\u00f3w (powinno si\u0119 je my\u0107 delikatnymi kosmetykami bez SLS, na przyk\u0142ad dla dzieci, jednak niekt\u00f3re z was zg\u0142aszaj\u0105, \u017ce mimo przestrzegania tych zasad w\u0142osy po jakim\u015b czasie robi\u0105 si\u0119 matowe i szorstkie)<\/li>\n<li>czasami w\u0142osy si\u0119 ko\u0142tuni\u0105 (pami\u0119tajmy jednak, \u017ce nie powinno si\u0119 ich czesa\u0107, rozczesywa\u0107)<\/li>\n<li>\u015bci\u0105gni\u0119cie wymaga kolejnej wizyty u fryzjera, gdy\u017c samemu mo\u017cna sobie je po prostu &#8222;wyszarpa\u0107&#8221;<\/li>\n<li>mimo zapewnie\u0144, \u017ce afro loki mo\u017cna nosi\u0107 nawet kilka tygodni, wiele czytelniczek wskazuje, \u017ce mo\u017cna w nich wytrzyma\u0107 maksymalnie 3 tygodnie (potem pojawia si\u0119 nieestetyczny odrost, a w\u0142osy s\u0105 matowe i popl\u0105tane)<\/li>\n<\/ul>\n<p>Ruda pisze:<\/p>\n<blockquote><p>To nie do ko\u0144ca wszystko wygl\u0105da tak r\u00f3\u017cowo\u2026 ja w\u0142osy mia\u0142am jeden dzie\u0144. W \u015brod\u0119 za\u0142o\u017cone w czwartek \u015bci\u0105gn\u0105\u0142 mi je m\u00f3j m\u0105\u017c\u2026 \u0179le dobrany kolor, doczepiony tylko na czubku g\u0142owy sprawi\u0142, \u017ce za ka\u017cdym razem, gdy zawia\u0142 wiatr by\u0142o wida\u0107 \u017ce to sztuczne w\u0142osy, ich zapach jest okropny, do tego w dotyku s\u0105 bardzo ale to bardzo sztuczne, wcale nie wygl\u0105daj\u0105 naturalnie.<\/p><\/blockquote>\n<p>Czytaj\u0105c wiadomo\u015bci od was dochodzimy do wniosku, \u017ce istotne s\u0105 dwie rzeczy:<\/p>\n<ul>\n<li>materia\u0142, z jakiego wykonano afroloki (wspominacie te\u017c, \u017ce najlepsze s\u0105 takie z naturalnych w\u0142os\u00f3w, jednak ich za\u0142o\u017cenie to koszt kilku tysi\u0119cy z\u0142otych)<\/li>\n<li>spos\u00f3b piel\u0119gnacji<\/li>\n<\/ul>\n<p>Zasady piel\u0119gnacji nie zawsze s\u0105 jasne &#8211; a co wi\u0119cej, fryzjerzy nie zawsze s\u0105 zgodni, jak dba\u0107 o takie w\u0142osy. Pewnie wiele zale\u017cy od tego, z czego afro loki zosta\u0142y wykonane. Tak czy siak, podstaw\u0105 do tego, \u017ceby d\u0142ugo cieszy\u0107 si\u0119 pi\u0119knymi afro lokami, jest odpowiednie dbanie o nie &#8211; co wcale nie musi by\u0107 takie \u0142atwe.<\/p>\n<p><strong>Wa\u017cne, \u017ceby poprosi\u0107 swojego fryzjera o dok\u0142adne wytyczne i zasady, a potem bezwzgl\u0119dnie przestrzega\u0107 ich w domu.<\/strong><\/p>\n<h2>Afro loki nie takie straszne?<\/h2>\n<p>\u017beby by\u0107 sprawiedliwym, trzeba napisa\u0107, \u017ce zg\u0142osi\u0142y si\u0119 do nas r\u00f3wnie\u017c zadowolone kobiety, kt\u00f3re chwal\u0105 afro loki.<\/p>\n<p>Wiadomo\u015b\u0107 od Kasi:<\/p>\n<blockquote><p>W\u0142osy nosi\u0142am 14 tyg i by\u0142y ca\u0142y czas pi\u0119kne, jak kto\u015b nie s\u0142ucha jak o nie dba\u0107, to potem ma problem.<\/p><\/blockquote>\n<p>Paulina dodaje:<\/p>\n<blockquote><p>W\u0142osy mam ju\u017c za\u0142o\u017cone 3 raz i jestem w nich zakochana. Szczerze m\u00f3wi\u0105c jestem zszokowana tym co pisz\u0105 niekt\u00f3re Panie, \u017ce w\u0142osy s\u0105 okropne i po 3 dniach je \u015bci\u0105gn\u0119\u0142y!<br \/>\nPo pierwsze w\u0142osy wcale si\u0119 nie \u015bwiec\u0105 i nie wygl\u0105daj\u0105 sztucznie. Po drugie nie wiem co trzeba z nimi zrobi\u0107 \u017ceby si\u0119 pl\u0105ta\u0142y jak sugerowa\u0142 kto\u015b wy\u017cej.<\/p><\/blockquote>\n<p>W naszej ocenie warto przed za\u0142o\u017ceniem afro lok\u00f3w sprawdzi\u0107 dok\u0142adnie salon fryzjerski, kt\u00f3ry oferuje takie us\u0142ugi. Popro\u015bmy o portfolio i o dok\u0142adne wyt\u0142umaczenie, na czym polega zak\u0142adanie w\u0142os\u00f3w syntetycznych. Koniecznie dopytacie si\u0119 te\u017c, jak dok\u0142adnie dba\u0107 o takie w\u0142osy.<\/p>\n<p>Zapraszamy do dyskusji. Ch\u0119tnie poznamy wi\u0119cej waszych opinii na temat lok\u00f3w afro.<\/p>\n","protected":false},"excerpt":{"rendered":"<p>Afro loki sta\u0142y si\u0119 niezwykle popularne w 2018 roku. Widzimy, \u017ce ten temat jest dla was wa\u017cny. Zwr\u00f3cili\u015bcie nasz\u0105 uwag\u0119 na problemy, jakie mog\u0105 wynika\u0107 z zak\u0142adania afro lok\u00f3w. Postarali\u015bmy si\u0119 zebra\u0107 wszystkie wasze w\u0105tpliwo\u015bci w jednym wpisie.<\/p>\n","protected":false},"author":8,"featured_media":15842,"comment_status":"open","ping_status":"open","sticky":false,"template":"","format":"standard","meta":{"footnotes":""},"categories":[11],"tags":[3151],"yst_prominent_words":[3141,3143,3172,1613,3147,1484,3179,698,704,3166,717],"class_list":["post-15841","post","type-post","status-publish","format-standard","has-post-thumbnail","hentry","category-porady","tag-afro-loki"],"_links":{"self":[{"href":"https:\/\/www.hairstore.pl\/blog\/wp-json\/wp\/v2\/posts\/15841","targetHints":{"allow":["GET"]}}],"collection":[{"href":"https:\/\/www.hairstore.pl\/blog\/wp-json\/wp\/v2\/posts"}],"about":[{"href":"https:\/\/www.hairstore.pl\/blog\/wp-json\/wp\/v2\/types\/post"}],"author":[{"embeddable":true,"href":"https:\/\/www.hairstore.pl\/blog\/wp-json\/wp\/v2\/users\/8"}],"replies":[{"embeddable":true,"href":"https:\/\/www.hairstore.pl\/blog\/wp-json\/wp\/v2\/comments?post=15841"}],"version-history":[{"count":4,"href":"https:\/\/www.hairstore.pl\/blog\/wp-json\/wp\/v2\/posts\/15841\/revisions"}],"predecessor-version":[{"id":15846,"href":"https:\/\/www.hairstore.pl\/blog\/wp-json\/wp\/v2\/posts\/15841\/revisions\/15846"}],"wp:featuredmedia":[{"embeddable":true,"href":"https:\/\/www.hairstore.pl\/blog\/wp-json\/wp\/v2\/media\/15842"}],"wp:attachment":[{"href":"https:\/\/www.hairstore.pl\/blog\/wp-json\/wp\/v2\/media?parent=15841"}],"wp:term":[{"taxonomy":"category","embeddable":true,"href":"https:\/\/www.hairstore.pl\/blog\/wp-json\/wp\/v2\/categories?post=15841"},{"taxonomy":"post_tag","embeddable":true,"href":"https:\/\/www.hairstore.pl\/blog\/wp-json\/wp\/v2\/tags?post=15841"},{"taxonomy":"yst_prominent_words","embeddable":true,"href":"https:\/\/www.hairstore.pl\/blog\/wp-json\/wp\/v2\/yst_prominent_words?post=15841"}],"curies":[{"name":"wp","href":"https:\/\/api.w.org\/{rel}","templated":true}]}}