{"id":14900,"date":"2020-07-10T09:57:07","date_gmt":"2020-07-10T07:57:07","guid":{"rendered":"https:\/\/www.hairstore.pl\/blog\/?p=14900"},"modified":"2020-09-30T18:43:26","modified_gmt":"2020-09-30T16:43:26","slug":"wakacyjne-trendy-klos","status":"publish","type":"post","link":"https:\/\/www.hairstore.pl\/blog\/wakacyjne-trendy-klos\/","title":{"rendered":"W te wakacje rz\u0105dz\u0105 k\u0142osy! Zainspiruj si\u0119 galeri\u0105 fryzur"},"content":{"rendered":"<p>Upa\u0142, s\u0142o\u0144ce, wiatr znad morza&#8230; Wakacje s\u0105 cudowne, ale nie s\u0105 \u0142atwym czasem dla naszych w\u0142os\u00f3w. Je\u015bli chcesz wygl\u0105da\u0107 modnie, a przy tym zadba\u0107 o swoje w\u0142osy, postaw na r\u00f3\u017cne warkocze i plecionki. Dzisiaj polecamy k\u0142os, czyli najmodniejszy warkocz sezonu lato 2020.<\/p>\n<p><!--more--><\/p>\n<p>Warkocze bij\u0105 ostatnio rekordy popularno\u015bci. A w\u015br\u00f3d nich warto zwr\u00f3ci\u0107 uwag\u0119 na k\u0142os, zwany te\u017c fishtail braid. Ten <a href=\"https:\/\/www.hairstore.pl\/blog\/warkocze-pomysly-na-fryzury\/\">warkocz<\/a> jest naprawd\u0119 ciekawy i bez problemu zrobisz tak\u0105 fryzur\u0119 w domu &#8211; sama! Przygotowa\u0142am dla Ciebie zdj\u0119cia z inspiracjami i instrukcj\u0119 krok po kroku, jak zrobi\u0107 k\u0142os.<\/p>\n<ul class=\"article-menu article-menu-v2\">\n<li>inspiracje na wakacyjne fryzury<\/li>\n<li>instrukcja robienia k\u0142osa<\/li>\n<\/ul>\n<h2>Dobrze zrobiony k\u0142os to prawdziwy sztos!<\/h2>\n<p>K\u0142os to idealna fryzura na lato, szczeg\u00f3lnie je\u015bli masz d\u0142ugie w\u0142osy. Czemu? Bo zaplatanie w\u0142os\u00f3w w upa\u0142 to bardzo dobry pomys\u0142. Zaraz Ci to udowodni\u0119.<\/p>\n<p>Zwi\u0105zane i zaplecione w\u0142osy nie przyklejaj\u0105 si\u0119 do spoconej szyi, policzk\u00f3w czy plec\u00f3w. <strong>W takiej fryzurze po prostu jest wygodniej &#8211; i de facto ch\u0142odniej.<\/strong> Kitka nie zawsze jest dobrym rozwi\u0105zaniem, bo mocno zwi\u0105zane w\u0142osy &#8211; i to jeszcze na czubku g\u0142owy &#8211; s\u0105 bardzo napi\u0119te. A przez to mog\u0105 zacz\u0105\u0107 si\u0119 kruszy\u0107 i \u0142ama\u0107, nie wspominaj\u0105c o odkszta\u0142ceniach czy b\u00f3lu g\u0142owy. Plecionki sprawdzaj\u0105 si\u0119 znacznie lepiej. W\u0142osy nie majtaj\u0105 si\u0119, ale te\u017c nie s\u0105 napi\u0119te (je\u015bli ich za mocno nie zapleciesz). A wieczorem, gdy je rozpu\u015bci\u0107, b\u0119d\u0105 lekko falowane. Wystarczy dodatkowo spryska\u0107 je <a href=\"https:\/\/www.hairstore.pl\/tekstura-c675.html\">sprayem teksturyzuj\u0105cym<\/a> i beach waves gotowe.<\/p>\n<p>Sprawd\u017a: <a href=\"https:\/\/www.hairstore.pl\/blog\/beach-waves-trend-2020\/\">Jak zrobi\u0107 beach waves, czyli najmodniejszy look na lato?<\/a><\/p>\n<p>Zaplecione w\u0142osy s\u0105 te\u017c mniej nara\u017cone na negatywne dzia\u0142anie promieni s\u0142onecznych. A to do\u015b\u0107 istotne, bo s\u0142o\u0144ce mo\u017ce os\u0142abi\u0107 kolor pasm, doprowadzi\u0107 do ich matowienia, a nawet os\u0142abienia i przesuszenia.<\/p>\n<p>K\u0142os wygl\u0105da bardzo ciekawie. Zobacz zdj\u0119cia poni\u017cej i zainspiruj si\u0119. My ju\u017c jeste\u015bmy zainspirowani \ud83d\ude09 .<\/p>\n<figure id=\"attachment_14901\" aria-describedby=\"caption-attachment-14901\" style=\"width: 1200px\" class=\"wp-caption aligncenter\"><img decoding=\"async\" class=\"size-full wp-image-14901\" src=\"https:\/\/www.hairstore.pl\/blog\/wp-content\/uploads\/2020\/07\/klos-fryzura.jpg\" alt=\"fryzury z d\u0142ugich w\u0142os\u00f3w, pomys\u0142y na fryzury, pomys\u0142y na warkocze\" width=\"1200\" height=\"675\" srcset=\"https:\/\/www.hairstore.pl\/blog\/wp-content\/uploads\/2020\/07\/klos-fryzura.jpg 800w, https:\/\/www.hairstore.pl\/blog\/wp-content\/uploads\/2020\/07\/klos-fryzura-300x169.jpg 300w, https:\/\/www.hairstore.pl\/blog\/wp-content\/uploads\/2020\/07\/klos-fryzura-768x432.jpg 768w, https:\/\/www.hairstore.pl\/blog\/wp-content\/uploads\/2020\/07\/klos-fryzura-1024x576.jpg 1024w\" sizes=\"(max-width: 1200px) 100vw, 1200px\" \/><figcaption id=\"caption-attachment-14901\" class=\"wp-caption-text\">\u0179r\u00f3d\u0142o:\u00a0more.com,\u00a0society19.com,\u00a0wellaandgood.com<\/figcaption><\/figure>\n<p>Prawda, \u017ce k\u0142os daje wiele mo\u017cliwo\u015bci? Mo\u017cna go ple\u015b\u0107 na dole albo przy czubku g\u0142owy. Mo\u017ce by\u0107 &#8222;uporz\u0105dkowany&#8221; albo w stylu boho b\u0105d\u017a tzw. oszukany, wtedy zachwyca swoj\u0105 obj\u0119to\u015bci\u0105.<\/p>\n<figure id=\"attachment_14904\" aria-describedby=\"caption-attachment-14904\" style=\"width: 1200px\" class=\"wp-caption aligncenter\"><img decoding=\"async\" class=\"size-full wp-image-14904\" src=\"https:\/\/www.hairstore.pl\/blog\/wp-content\/uploads\/2020\/07\/warkocz-klos.jpg\" alt=\"pomys\u0142y na warkocze, fryzury na lato\" width=\"1200\" height=\"675\" srcset=\"https:\/\/www.hairstore.pl\/blog\/wp-content\/uploads\/2020\/07\/warkocz-klos.jpg 800w, https:\/\/www.hairstore.pl\/blog\/wp-content\/uploads\/2020\/07\/warkocz-klos-300x169.jpg 300w, https:\/\/www.hairstore.pl\/blog\/wp-content\/uploads\/2020\/07\/warkocz-klos-768x432.jpg 768w, https:\/\/www.hairstore.pl\/blog\/wp-content\/uploads\/2020\/07\/warkocz-klos-1024x576.jpg 1024w\" sizes=\"(max-width: 1200px) 100vw, 1200px\" \/><figcaption id=\"caption-attachment-14904\" class=\"wp-caption-text\">\u0179r\u00f3d\u0142o:\u00a0luxyhair.com,\u00a0sheridangregory.com,\u00a0thissillyugirlslife.com<\/figcaption><\/figure>\n<h2>K\u0142os w stylu boho to hit wakacji<\/h2>\n<p>Na wakacje zdecydowanie idealnie b\u0119dzie wygl\u0105da\u0107 <strong>k\u0142os w stylu boho<\/strong>. Letniego charakteru ca\u0142ej fryzurze dodadz\u0105 <strong>modne dodatki, jak chusty, opaski czy spinki<\/strong>. W k\u0142os nie musisz zaplata\u0107 te\u017c ca\u0142o\u015bci w\u0142os\u00f3w &#8211; ta plecionka daje naprawd\u0119 wiele mo\u017cliwo\u015bci i fajnie komponuje si\u0119 z r\u00f3\u017cnymi dodatkami.<\/p>\n<figure id=\"attachment_14903\" aria-describedby=\"caption-attachment-14903\" style=\"width: 1200px\" class=\"wp-caption aligncenter\"><img decoding=\"async\" class=\"size-full wp-image-14903\" src=\"https:\/\/www.hairstore.pl\/blog\/wp-content\/uploads\/2020\/07\/warkocze-na-wakacje.jpg\" alt=\"fryzury boho, k\u0142os boho, warkocz boho, styl boho\" width=\"1200\" height=\"675\" srcset=\"https:\/\/www.hairstore.pl\/blog\/wp-content\/uploads\/2020\/07\/warkocze-na-wakacje.jpg 800w, https:\/\/www.hairstore.pl\/blog\/wp-content\/uploads\/2020\/07\/warkocze-na-wakacje-300x169.jpg 300w, https:\/\/www.hairstore.pl\/blog\/wp-content\/uploads\/2020\/07\/warkocze-na-wakacje-768x432.jpg 768w, https:\/\/www.hairstore.pl\/blog\/wp-content\/uploads\/2020\/07\/warkocze-na-wakacje-1024x576.jpg 1024w\" sizes=\"(max-width: 1200px) 100vw, 1200px\" \/><figcaption id=\"caption-attachment-14903\" class=\"wp-caption-text\">\u0179r\u00f3d\u0142o:\u00a0wefashiontrends.com,\u00a0fabmood.com,\u00a0makkelijkekapsels.blogspot.com<\/figcaption><\/figure>\n<figure id=\"attachment_14906\" aria-describedby=\"caption-attachment-14906\" style=\"width: 1200px\" class=\"wp-caption aligncenter\"><img decoding=\"async\" class=\"size-full wp-image-14906\" src=\"https:\/\/www.hairstore.pl\/blog\/wp-content\/uploads\/2020\/07\/klos-boho.jpg\" alt=\"fryzury na lato, fryzury na wakacje\" width=\"1200\" height=\"675\" srcset=\"https:\/\/www.hairstore.pl\/blog\/wp-content\/uploads\/2020\/07\/klos-boho.jpg 800w, https:\/\/www.hairstore.pl\/blog\/wp-content\/uploads\/2020\/07\/klos-boho-300x169.jpg 300w, https:\/\/www.hairstore.pl\/blog\/wp-content\/uploads\/2020\/07\/klos-boho-768x432.jpg 768w, https:\/\/www.hairstore.pl\/blog\/wp-content\/uploads\/2020\/07\/klos-boho-1024x576.jpg 1024w\" sizes=\"(max-width: 1200px) 100vw, 1200px\" \/><figcaption id=\"caption-attachment-14906\" class=\"wp-caption-text\">\u0179r\u00f3d\u0142o:\u00a0jacquelyclark.com,\u00a0knotsvilla.com,\u00a0luxyhair.com<\/figcaption><\/figure>\n<p>\u017beby fryzura wygl\u0105da\u0142a nienagannie, zadbaj o odpowiedni\u0105 kondycj\u0119 w\u0142os\u00f3w. W lato szczeg\u00f3lnie polecamy <a href=\"https:\/\/www.hairstore.pl\/szampony_nawilzanie\">szampony nawil\u017caj\u0105ce<\/a>, a wisienk\u0105 na torcie b\u0119d\u0105 lekkie <a href=\"https:\/\/www.hairstore.pl\/polysk_mgielka\">kosmetyki nab\u0142yszczaj\u0105ce<\/a>, kt\u00f3re dodadz\u0105 pasmom subtelnego blasku.<\/p>\n<div id=\"hsbp-1\" class=\"hsbp\"><\/div>\n<p><script src=\"https:\/\/www.hairstore.pl\/produkty_wordpress.php?dst=hsbp-1&amp;prods=22337,8553,1229,19146,23044,16968,23107,22903,3745\" type=\"text\/javascript\"><\/script><\/p>\n<div id=\"hsbp-2\" class=\"hsbp\"><\/div>\n<p><script src=\"https:\/\/www.hairstore.pl\/produkty_wordpress.php?dst=hsbp-2&amp;prods=16797,14235,16486,14438,5152,8412,5120,22268,18199,3422\" type=\"text\/javascript\"><\/script><\/p>\n<p>Sprawd\u017a: <a href=\"https:\/\/www.hairstore.pl\/blog\/jak-dbac-o-wlosy-latem-2\/\">Jak dba\u0107 o w\u0142osy latem?<\/a><\/p>\n<figure id=\"attachment_14907\" aria-describedby=\"caption-attachment-14907\" style=\"width: 1200px\" class=\"wp-caption aligncenter\"><img decoding=\"async\" class=\"size-full wp-image-14907\" src=\"https:\/\/www.hairstore.pl\/blog\/wp-content\/uploads\/2020\/07\/wakacyjne-warkocze.jpg\" alt=\"zaplecione w\u0142osy, warkocze, warkocze na lato\" width=\"1200\" height=\"675\" srcset=\"https:\/\/www.hairstore.pl\/blog\/wp-content\/uploads\/2020\/07\/wakacyjne-warkocze.jpg 800w, https:\/\/www.hairstore.pl\/blog\/wp-content\/uploads\/2020\/07\/wakacyjne-warkocze-300x169.jpg 300w, https:\/\/www.hairstore.pl\/blog\/wp-content\/uploads\/2020\/07\/wakacyjne-warkocze-768x432.jpg 768w, https:\/\/www.hairstore.pl\/blog\/wp-content\/uploads\/2020\/07\/wakacyjne-warkocze-1024x576.jpg 1024w\" sizes=\"(max-width: 1200px) 100vw, 1200px\" \/><figcaption id=\"caption-attachment-14907\" class=\"wp-caption-text\">\u0179r\u00f3d\u0142o:\u00a0pouted.com,\u00a0brit.co,\u00a0styletips101.com<\/figcaption><\/figure>\n<h2>Jak zrobi\u0107 k\u0142osa?<\/h2>\n<p>Te zdj\u0119cia same zach\u0119caj\u0105 do tego, \u017ceby ju\u017c dzisiaj wypr\u00f3bowa\u0107 uczesania z k\u0142osem. Jak pisa\u0142am wcze\u015bniej, fryzura ta najlepiej wygl\u0105da na w\u0142osach d\u0142ugich &#8211; nie za mocno pocieniowanych. Sam\u0105 plecionk\u0119 robi si\u0119 do\u015b\u0107 podobnie jak warkocz dobierany. <strong>Dla u\u0142atwienia do\u0142\u0105czam rysunkow\u0105 instrukcj\u0119.<\/strong><\/p>\n<p><strong>Sprawd\u017a, jak zrobi\u0107 k\u0142os krok po kroku na infografice.<\/strong><\/p>\n<p><img decoding=\"async\" class=\"aligncenter size-full wp-image-14916\" src=\"https:\/\/www.hairstore.pl\/blog\/wp-content\/uploads\/2020\/07\/jak-zrobic-klos.jpg\" alt=\"jak zrobi\u0107 k\u0142os, k\u0142os krok po kroku, instrukcja robienia k\u0142osa\" width=\"1200\" height=\"675\" srcset=\"https:\/\/www.hairstore.pl\/blog\/wp-content\/uploads\/2020\/07\/jak-zrobic-klos.jpg 800w, https:\/\/www.hairstore.pl\/blog\/wp-content\/uploads\/2020\/07\/jak-zrobic-klos-300x169.jpg 300w, https:\/\/www.hairstore.pl\/blog\/wp-content\/uploads\/2020\/07\/jak-zrobic-klos-768x432.jpg 768w, https:\/\/www.hairstore.pl\/blog\/wp-content\/uploads\/2020\/07\/jak-zrobic-klos-1024x576.jpg 1024w\" sizes=\"(max-width: 1200px) 100vw, 1200px\" \/><\/p>\n<p>Jakie s\u0105 wasze ulubione fryzury na lato? K\u0142os, warkocz, a mo\u017ce <a href=\"https:\/\/www.hairstore.pl\/blog\/top-knot-na-lato\/\">top knot<\/a>? Dajcie zna\u0107 w komentarzach.<\/p>\n<div id=\"hsbp-3\" class=\"hsbp\"><\/div>\n<p><script src=\"https:\/\/www.hairstore.pl\/produkty_wordpress.php?dst=hsbp-3&amp;prods=20053,20239,15165,5151,20610,1716,20653,9709,15252\" type=\"text\/javascript\"><\/script><\/p>\n","protected":false},"excerpt":{"rendered":"<p>Upa\u0142, s\u0142o\u0144ce, wiatr znad morza&#8230; Wakacje s\u0105 cudowne, ale nie s\u0105 \u0142atwym czasem dla naszych w\u0142os\u00f3w. Je\u015bli chcesz wygl\u0105da\u0107 modnie, a przy tym zadba\u0107 o swoje w\u0142osy, postaw na r\u00f3\u017cne warkocze i plecionki. Dzisiaj polecamy k\u0142os, czyli najmodniejszy warkocz sezonu lato 2020.<\/p>\n","protected":false},"author":8,"featured_media":14902,"comment_status":"open","ping_status":"open","sticky":false,"template":"","format":"standard","meta":{"footnotes":""},"categories":[9421],"tags":[],"yst_prominent_words":[8093,1087,801,1408,3463,10907,10914,10913,6095,10915,1381,3160,10912,1251,704,717,10194,4103,10916,737],"class_list":["post-14900","post","type-post","status-publish","format-standard","has-post-thumbnail","hentry","category-trendy"],"_links":{"self":[{"href":"https:\/\/www.hairstore.pl\/blog\/wp-json\/wp\/v2\/posts\/14900","targetHints":{"allow":["GET"]}}],"collection":[{"href":"https:\/\/www.hairstore.pl\/blog\/wp-json\/wp\/v2\/posts"}],"about":[{"href":"https:\/\/www.hairstore.pl\/blog\/wp-json\/wp\/v2\/types\/post"}],"author":[{"embeddable":true,"href":"https:\/\/www.hairstore.pl\/blog\/wp-json\/wp\/v2\/users\/8"}],"replies":[{"embeddable":true,"href":"https:\/\/www.hairstore.pl\/blog\/wp-json\/wp\/v2\/comments?post=14900"}],"version-history":[{"count":10,"href":"https:\/\/www.hairstore.pl\/blog\/wp-json\/wp\/v2\/posts\/14900\/revisions"}],"predecessor-version":[{"id":14917,"href":"https:\/\/www.hairstore.pl\/blog\/wp-json\/wp\/v2\/posts\/14900\/revisions\/14917"}],"wp:featuredmedia":[{"embeddable":true,"href":"https:\/\/www.hairstore.pl\/blog\/wp-json\/wp\/v2\/media\/14902"}],"wp:attachment":[{"href":"https:\/\/www.hairstore.pl\/blog\/wp-json\/wp\/v2\/media?parent=14900"}],"wp:term":[{"taxonomy":"category","embeddable":true,"href":"https:\/\/www.hairstore.pl\/blog\/wp-json\/wp\/v2\/categories?post=14900"},{"taxonomy":"post_tag","embeddable":true,"href":"https:\/\/www.hairstore.pl\/blog\/wp-json\/wp\/v2\/tags?post=14900"},{"taxonomy":"yst_prominent_words","embeddable":true,"href":"https:\/\/www.hairstore.pl\/blog\/wp-json\/wp\/v2\/yst_prominent_words?post=14900"}],"curies":[{"name":"wp","href":"https:\/\/api.w.org\/{rel}","templated":true}]}}