{"id":14554,"date":"2020-06-08T10:40:18","date_gmt":"2020-06-08T08:40:18","guid":{"rendered":"https:\/\/www.hairstore.pl\/blog\/?p=14554"},"modified":"2020-11-25T15:08:52","modified_gmt":"2020-11-25T14:08:52","slug":"krystian-mieczkowski-wywiad","status":"publish","type":"post","link":"https:\/\/www.hairstore.pl\/blog\/krystian-mieczkowski-wywiad\/","title":{"rendered":"Ekologiczny salon fryzjerski &#8211; czy to przysz\u0142o\u015b\u0107? Wywiad z Krystianem Mieczkowskim"},"content":{"rendered":"<p>Trend eko jest bardzo mocno widoczny w r\u00f3\u017cnych dziedzinach \u017cycia. A czy mo\u017cna w tych duchu prowadzi\u0107 salon fryzjerski? Okazuje si\u0119, \u017ce tak. Udowadnia to stylista fryzur Krystian Mieczkowski.<\/p>\n<p><!--more--><\/p>\n<p>Ekologiczne kosmetyki, styl pracy zgodny z dbaniem o \u015brodowisko, spok\u00f3j i harmonia. Tak w\u0142a\u015bnie mo\u017cna opisa\u0107 przedsi\u0119wzi\u0119cie, kt\u00f3rego podj\u0105\u0142 si\u0119 Krystian Mieczkowski, za\u0142o\u017cyciel Mieczkowski Atelier w \u0141odzi. Jest to salon fryzjerski prowadzony w duchu ekologicznym. Zapraszamy na wywiad.<\/p>\n<h2>Wywiad z Krystianem Miecznikowskim, za\u0142o\u017cycielem ekologicznego atelier<\/h2>\n<p><img decoding=\"async\" class=\"aligncenter size-full wp-image-14561\" src=\"https:\/\/www.hairstore.pl\/blog\/wp-content\/uploads\/2020\/06\/krystian-mieczkowski-atelier.jpg\" alt=\"fryzjer krystian mieczkowski, fryzjer \u0142\u00f3d\u017a, ekologiczny salon fryzjerski\" width=\"1200\" height=\"675\" srcset=\"https:\/\/www.hairstore.pl\/blog\/wp-content\/uploads\/2020\/06\/krystian-mieczkowski-atelier.jpg 800w, https:\/\/www.hairstore.pl\/blog\/wp-content\/uploads\/2020\/06\/krystian-mieczkowski-atelier-300x169.jpg 300w, https:\/\/www.hairstore.pl\/blog\/wp-content\/uploads\/2020\/06\/krystian-mieczkowski-atelier-768x432.jpg 768w, https:\/\/www.hairstore.pl\/blog\/wp-content\/uploads\/2020\/06\/krystian-mieczkowski-atelier-1024x576.jpg 1024w\" sizes=\"(max-width: 1200px) 100vw, 1200px\" \/><\/p>\n<p><strong>Sk\u0105d pomys\u0142 na prowadzenie salonu w duchu ekologicznym?<\/strong><\/p>\n<p>Zacz\u0119\u0142o si\u0119 od tego, \u017ce chcieli\u015bmy stworzy\u0107 miejsce wyj\u0105tkowe. Pojawi\u0142 nam si\u0119 w g\u0142owach pomys\u0142, \u017ceby u\u015bwiadomi\u0107 kobietom, \u017ce pi\u0119kno tkwi w naturze. Wed\u0142ug nas warto my\u015ble\u0107 nie tylko o sobie, ale te\u017c o naszej planecie, o swoim zdrowiu, o szukaniu r\u00f3wnowagi. I te uniwersalne warto\u015bci postanowili\u015bmy po\u0142\u0105czy\u0107 ze sztuk\u0105 fryzjerstwa.<\/p>\n<p><strong>W jaki spos\u00f3b przejawia si\u0119 w Twoim salonie ekologiczne podej\u015bcie?<\/strong><\/p>\n<p>Na ka\u017cdym kroku, od koloru \u015bcian, kt\u00f3ry jest g\u0142\u0119boko zielony i wyciszaj\u0105cy, po kosmetyki o naturalnych sk\u0142adach. Pokazujemy kobietom, \u017ce o w\u0142osy mo\u017cna dba\u0107 przy u\u017cyciu naturalnych produkt\u00f3w. Je\u015bli farbujemy w\u0142osy, to nale\u017cy szuka\u0107 metod koloryzacji dobrych dla zdrowia i \u015brodowiska. My to robimy. Kosmetyk ma nie tylko dawa\u0107 efekt, ale ma te\u017c by\u0107 zdrowy i dlatego wybieramy produkty ekologiczne.<\/p>\n<p><strong>Jakie ekologiczne rozwi\u0105zania wprowadzi\u0142e\u015b?<\/strong><\/p>\n<p>Nie mamy klimatyzacji &#x1f60a; latem bywa ciep\u0142o, ale za to oszcz\u0119dzamy energi\u0119. Staramy si\u0119 obni\u017cy\u0107 temperatur\u0119 wody tak, by nadal by\u0142a przyjemna, ale \u017ceby nie marnowa\u0107 zbyt du\u017co energii do jej ogrzania. U\u017cywamy tylko naturalnych i zdrowych kosmetyk\u00f3w. Dbamy o segregowanie odpad\u00f3w. Podajemy r\u00f3wnie\u017c filtrowan\u0105 wod\u0119, bo to te\u017c ogranicza produkcj\u0119 plastiku.<\/p>\n<p><strong>Na co zwracaj\u0105 uwag\u0119 Klienci wybieraj\u0105c Tw\u00f3j salon?<\/strong><\/p>\n<p>Panie doceniaj\u0105 atmosfer\u0119, jaka u nas panuje. \u017byjemy bez po\u015bpiechu i w salonie nigdy nie narzucamy szybkiego tempa. Mieczkowski Atelier to miejsce do relaksu. Klientki lubi\u0105 nasze masa\u017ce g\u0142owy, kt\u00f3re s\u0105 wykonywane zawsze z dba\u0142o\u015bci\u0105. Mamy czas na rozmow\u0119, kaw\u0119 i odpoczynek. Klientki lubi\u0105 <a href=\"https:\/\/www.hairstore.pl\/biolage-m76.html\">kosmetyki Biolage<\/a>, kt\u00f3rych u\u017cywamy. Zwracaj\u0105 uwag\u0119 na wyj\u0105tkowe zapachy i opakowania &#8211; wygl\u0105daj\u0105 jak soki.<\/p>\n<p><strong>Jak oceniasz \u015bwiadomo\u015b\u0107 dzisiejszych konsument\u00f3w pod wzgl\u0119dem bycia eko?<\/strong><\/p>\n<p>My spotykamy si\u0119 z coraz wi\u0119ksz\u0105 \u015bwiadomo\u015bci\u0105, ale uwa\u017cam, \u017ce nadal d\u0142uga droga przed nami i musimy edukowa\u0107 osoby wok\u00f3\u0142 nas.<\/p>\n<p><img decoding=\"async\" class=\"aligncenter size-full wp-image-14562\" src=\"https:\/\/www.hairstore.pl\/blog\/wp-content\/uploads\/2020\/06\/ekologiczny-salon-fryzjerski-mieczkowski.jpg\" alt=\"atelier mieczkowski\" width=\"1200\" height=\"675\" srcset=\"https:\/\/www.hairstore.pl\/blog\/wp-content\/uploads\/2020\/06\/ekologiczny-salon-fryzjerski-mieczkowski.jpg 800w, https:\/\/www.hairstore.pl\/blog\/wp-content\/uploads\/2020\/06\/ekologiczny-salon-fryzjerski-mieczkowski-300x169.jpg 300w, https:\/\/www.hairstore.pl\/blog\/wp-content\/uploads\/2020\/06\/ekologiczny-salon-fryzjerski-mieczkowski-768x432.jpg 768w, https:\/\/www.hairstore.pl\/blog\/wp-content\/uploads\/2020\/06\/ekologiczny-salon-fryzjerski-mieczkowski-1024x576.jpg 1024w\" sizes=\"(max-width: 1200px) 100vw, 1200px\" \/><\/p>\n<p><strong>Co sprawi\u0142o, \u017ce zdecydowa\u0142e\u015b si\u0119 na mark\u0119 Biolage RAW?<\/strong><\/p>\n<p>To kosmetyki jedyne w swoim rodzaju. Analizowali\u015bmy ofert\u0119 rynku fryzjerskiego bardzo d\u0142ugo i zaufali\u015bmy tylko Biolage R.A.W. Prawdziwe sk\u0142ady, autentyczne podej\u015bcie i zdrowie to dewiza Biolage, i nasza te\u017c.\u00a0 Nale\u017cy nauczy\u0107 si\u0119 ich u\u017cywa\u0107, ale efekty s\u0105 wspania\u0142e i warto spr\u00f3bowa\u0107. Mimo, \u017ce tak du\u017co m\u00f3wi si\u0119 o ekologicznym podej\u015bciu do \u017cycia, nadal wielu fryzjer\u00f3w stosuje bardzo konwencjonalne i archaiczne rozwi\u0105zania. Biolage jest inne i to te\u017c nas przekona\u0142o. Chcemy si\u0119 wyr\u00f3\u017cnia\u0107.<\/p>\n<p><strong>W czym Biolage jest sp\u00f3jny z Twoim podej\u015bciem do bycia eko?<\/strong><\/p>\n<p>W\u0142a\u015bciwie we wszystkim. Bardzo odpowiada nam to poszukiwanie wci\u0105\u017c lepszych i wci\u0105\u017c zdrowszych rozwi\u0105za\u0144. W naszym Atelier te\u017c dbamy by nowoczesne i coraz lepsze rozwi\u0105zania by\u0142y zgodne z natur\u0105. Nie mo\u017cemy by\u0107 samolubni. Dbajmy o siebie i szukajmy nowych rozwi\u0105za\u0144, ale tak, by dba\u0107 te\u017c o natur\u0119.<\/p>\n<p><strong>Jakie s\u0105 Twoje ulubione produkty Biolage? Dlaczego w\u0142a\u015bnie te? Co je wyr\u00f3\u017cnia?<\/strong><\/p>\n<p>Seria Biolage RAW to co\u015b, co kochamy. Naturalna, zdrowa, daje efekty na w\u0142osach jak \u017cadne inne kosmetyki, a przy tym bez tej ca\u0142ej wszechobecnej chemii. Wygl\u0105d tych kosmetyk\u00f3w jest genialny. Mamy czasem wra\u017cenie, \u017ce s\u0105 one cz\u0119\u015bci\u0105 wystroju wn\u0119trza w naszym salonie. Bardzo wa\u017cn\u0105 cz\u0119\u015bci\u0105.<\/p>\n<p><strong>Jak budujesz \u015bwiadomo\u015b\u0107 swoich klient\u00f3w dotycz\u0105c\u0105 tego rodzaju piel\u0119gnacji?<\/strong><\/p>\n<p>Przede wszystkim rozmawiamy z nimi. Przy okazji spotkania zawsze jest rozmowa, d\u0142uga rozmowa &#x1f60a; ale staramy si\u0119 te\u017c by\u0107 w social mediach, tak, \u017ceby trafi\u0107 do szerokiego grona os\u00f3b. Jeste\u015bmy te\u017c edukatorami i staramy si\u0119 zmienia\u0107 podej\u015bcie innych fryzjer\u00f3w, by zarazi\u0107 ich mi\u0142o\u015bci\u0105 do natury.<\/p>\n<p><strong>Jakie produkty pokochali Twoi Klienci i najch\u0119tniej po nie wracaj\u0105?<\/strong><\/p>\n<p>Klienci pokochali ten pomys\u0142, \u017ce naturalno\u015b\u0107 to nie tylko moda ale to te\u017c zdrowie i efekt na w\u0142osach. Klienci wybieraj\u0105 serie Biolage RAW w zale\u017cno\u015bci od rodzaju w\u0142os\u00f3w. Cz\u0119sto decyduj\u0105 si\u0119 na seri\u0119 nawil\u017caj\u0105c\u0105 z miodem NOURISH. Nasze klientki bardzo \u015bwiadomie podchodz\u0105 do tematu piel\u0119gnacji w domu. Cz\u0119sto wybieraj\u0105 te\u017c szampony i od\u017cywki na bazie aloesu z serii HYDRA SOURCE.<\/p>\n<p><strong>Jak\u0105 rad\u0119 da\u0142by\u015b komu\u015b, kto chcia\u0142by pracowa\u0107 w naturalnym duchu?<\/strong><\/p>\n<p>Po pierwsze warto. Bo nie mo\u017cemy traktowa\u0107 naszej planety jako swojej w\u0142asno\u015bci. Musimy dba\u0107 o nasze miejsce na ziemi. Ponadto satysfakcja jest ogromna, bo wtedy nasze \u017cycie staje si\u0119 bogatsze. Nie chodzi ju\u017c tylko o biznes, ale o edukacj\u0119 i wp\u0142yw na osoby, kt\u00f3re spotykamy. Razem zmieniamy \u015bwiat na lepszy!<\/p>\n","protected":false},"excerpt":{"rendered":"<p>Trend eko jest bardzo mocno widoczny w r\u00f3\u017cnych dziedzinach \u017cycia. A czy mo\u017cna w tych duchu prowadzi\u0107 salon fryzjerski? Okazuje si\u0119, \u017ce tak. Udowadnia to stylista fryzur Krystian Mieczkowski.<\/p>\n","protected":false},"author":2,"featured_media":14560,"comment_status":"open","ping_status":"open","sticky":false,"template":"","format":"standard","meta":{"footnotes":""},"categories":[11351],"tags":[11372,54,538],"yst_prominent_words":[10611,2508,10606,10602,10605,10609,10613,5084,5860,10614,5741,10604,766,10617,10616,10615,2028,1837,3605,10603],"class_list":["post-14554","post","type-post","status-publish","format-standard","has-post-thumbnail","hentry","category-dla-fryzjera","tag-eko","tag-naturalna-pielegnacja-wlosow","tag-salon-fryzjerski"],"_links":{"self":[{"href":"https:\/\/www.hairstore.pl\/blog\/wp-json\/wp\/v2\/posts\/14554","targetHints":{"allow":["GET"]}}],"collection":[{"href":"https:\/\/www.hairstore.pl\/blog\/wp-json\/wp\/v2\/posts"}],"about":[{"href":"https:\/\/www.hairstore.pl\/blog\/wp-json\/wp\/v2\/types\/post"}],"author":[{"embeddable":true,"href":"https:\/\/www.hairstore.pl\/blog\/wp-json\/wp\/v2\/users\/2"}],"replies":[{"embeddable":true,"href":"https:\/\/www.hairstore.pl\/blog\/wp-json\/wp\/v2\/comments?post=14554"}],"version-history":[{"count":10,"href":"https:\/\/www.hairstore.pl\/blog\/wp-json\/wp\/v2\/posts\/14554\/revisions"}],"predecessor-version":[{"id":14566,"href":"https:\/\/www.hairstore.pl\/blog\/wp-json\/wp\/v2\/posts\/14554\/revisions\/14566"}],"wp:featuredmedia":[{"embeddable":true,"href":"https:\/\/www.hairstore.pl\/blog\/wp-json\/wp\/v2\/media\/14560"}],"wp:attachment":[{"href":"https:\/\/www.hairstore.pl\/blog\/wp-json\/wp\/v2\/media?parent=14554"}],"wp:term":[{"taxonomy":"category","embeddable":true,"href":"https:\/\/www.hairstore.pl\/blog\/wp-json\/wp\/v2\/categories?post=14554"},{"taxonomy":"post_tag","embeddable":true,"href":"https:\/\/www.hairstore.pl\/blog\/wp-json\/wp\/v2\/tags?post=14554"},{"taxonomy":"yst_prominent_words","embeddable":true,"href":"https:\/\/www.hairstore.pl\/blog\/wp-json\/wp\/v2\/yst_prominent_words?post=14554"}],"curies":[{"name":"wp","href":"https:\/\/api.w.org\/{rel}","templated":true}]}}