{"id":14250,"date":"2020-05-05T15:20:31","date_gmt":"2020-05-05T13:20:31","guid":{"rendered":"https:\/\/www.hairstore.pl\/blog\/?p=14250"},"modified":"2020-09-30T18:43:27","modified_gmt":"2020-09-30T16:43:27","slug":"warkocze-pomysly-na-fryzury","status":"publish","type":"post","link":"https:\/\/www.hairstore.pl\/blog\/warkocze-pomysly-na-fryzury\/","title":{"rendered":"A\u017c 6 fryzur z warkoczami, kt\u00f3re musisz wypr\u00f3bowa\u0107!"},"content":{"rendered":"<p>Warkocze to teraz hit! Ta fryzura nie jest zarezerwowana tylko dla posiadaczek d\u0142ugich w\u0142os\u00f3w. Zebra\u0142am dla was a\u017c 6 r\u00f3\u017cnych pomys\u0142\u00f3w na fryzury z warkoczy. Musicie je wypr\u00f3bowa\u0107 koniecznie tej wiosny!<\/p>\n<p><!--more--><\/p>\n<p>Warkocze&#8230; Kto ich nie nosi\u0142 chocia\u017c raz w \u017cyciu? Wi\u0119kszo\u015b\u0107 dziewczynek na pewnym etapie swojego \u017cycia chodzi\u0142a w warkoczach. Nic dziwnego, bo to bardzo uniwersalna fryzura. Wygodna, bo w\u0142osy si\u0119 nie majtaj\u0105, wi\u0119c jest idealna do zabawy. A przy okazji w\u0142osy si\u0119 nie pl\u0105cz\u0105. W doros\u0142ym \u017cyciu coraz wi\u0119cej dziewczyn wraca do warkoczy. I to niekoniecznie tych w stylu Zosi z <em>Pana Tadeusza<\/em> \ud83d\ude42 .<\/p>\n<ul class=\"article-menu\">\n<li>na jakie okazje nadaje si\u0119 warkocz<\/li>\n<li>a\u017c 6 pomys\u0142\u00f3w na fryzury z warkoczami<\/li>\n<li>jak zaple\u015b\u0107 idealny warkocz<\/li>\n<\/ul>\n<h2>Warkocze, ach warkocze&#8230;<\/h2>\n<p>Warkocze to doskona\u0142a fryzura na co dzie\u0144 &#8211; praktycznie na ka\u017cd\u0105 okazj\u0119! I to zar\u00f3wno dla w\u0142os\u00f3w d\u0142u\u017cszych, jak i kr\u00f3tszych, o czym si\u0119 zaraz przekonacie.<strong> Za co kochamy warkocze? Oj, lista jest do\u015b\u0107 d\u0142uga.<\/strong> Przede wszystkim za wygod\u0119 &#8211; bo zaplecione w warkocz w\u0142osy nie pl\u0105cz\u0105 si\u0119, nie hacz\u0105, nie s\u0105 rozwiewane przez wiatr. Poza tym w\u0142osy w warkoczu mniej si\u0119 niszcz\u0105 &#8211; o ile warkocz jest za mocno zapleciony. Zaplecione w\u0142osy s\u0105 znacznie mniej nara\u017cone na szarpanie, przycinanie (np. zamkiem od kurtki) czy wyrywanie. No i <strong>warkocz to idealna fryzura niemal wsz\u0119dzie<\/strong>:<\/p>\n<ul>\n<li>do pracy<\/li>\n<li>na randk\u0119 (szczeg\u00f3lnie w romantycznej wersji z koron\u0105)<\/li>\n<li>na si\u0142owni\u0119 czy do biegania (i og\u00f3lnie do uprawiania sportu)<\/li>\n<li>do spania (zaplecione w\u0142osy mniej si\u0119 niszcz\u0105 podczas snu)<\/li>\n<\/ul>\n<p>Sprawd\u017a: <a href=\"https:\/\/www.hairstore.pl\/blog\/ekspresowa-porada-jak-dbac-o-wlosy-w-nocy\/\">Jak dba\u0107 o w\u0142osy podczas snu.<\/a><\/p>\n<p>A je\u015bli dodasz do warkocza kilka po\u0142yskuj\u0105cych drobiazg\u00f3w, jak per\u0142y, to zyskasz fryzur\u0119 w stylu glamour, idealn\u0105 na bal, wesele czy inn\u0105 podnios\u0142\u0105 uroczysto\u015b\u0107.<\/p>\n<p>Sprawd\u017a: <a href=\"https:\/\/www.hairstore.pl\/blog\/kucyki-glamour\/\">Fryzury w stylu glamour z per\u0142ami i innymi dodatkami.<\/a><\/p>\n<p><strong>W sezonie wiosna\/lato 2020 warkocze to hit!<\/strong> I w\u0142a\u015bnie dlatego przygotowa\u0142am dla was galeri\u0119 z inspiracjami. Wybra\u0142am 6 najpopularniejszych i niezwykle uroczych styl\u00f3w. Jestem pewna, \u017ce ka\u017cda z was znajdzie w tej galerii co\u015b dla siebie.<\/p>\n<figure id=\"attachment_14259\" aria-describedby=\"caption-attachment-14259\" style=\"width: 1200px\" class=\"wp-caption aligncenter\"><img decoding=\"async\" class=\"size-full wp-image-14259\" src=\"https:\/\/www.hairstore.pl\/blog\/wp-content\/uploads\/2020\/05\/piekne-warkocze.jpg\" alt=\"warkocze, warkocz, warkocze fryzury, warkocze 2020, damskie fryzury, fryzury 2020 d\u0142ugie w\u0142osy\" width=\"1200\" height=\"675\" srcset=\"https:\/\/www.hairstore.pl\/blog\/wp-content\/uploads\/2020\/05\/piekne-warkocze.jpg 800w, https:\/\/www.hairstore.pl\/blog\/wp-content\/uploads\/2020\/05\/piekne-warkocze-300x169.jpg 300w, https:\/\/www.hairstore.pl\/blog\/wp-content\/uploads\/2020\/05\/piekne-warkocze-768x432.jpg 768w, https:\/\/www.hairstore.pl\/blog\/wp-content\/uploads\/2020\/05\/piekne-warkocze-1024x576.jpg 1024w\" sizes=\"(max-width: 1200px) 100vw, 1200px\" \/><figcaption id=\"caption-attachment-14259\" class=\"wp-caption-text\">\u0179r\u00f3d\u0142o:\u00a0diydarlin.co,\u00a0pinteola.com,\u00a0thechalkboardmag.com<\/figcaption><\/figure>\n<h2>Warkocze z kr\u00f3tkich w\u0142os\u00f3w<\/h2>\n<p>Zaczn\u0119 od petardy, o kt\u00f3rej pisa\u0142am wcze\u015bniej. Czyli od warkoczy z kr\u00f3tkich w\u0142os\u00f3w. Bo wcale nie musisz mie\u0107 w\u0142os\u00f3w do pasa, \u017ceby ple\u015b\u0107 warkocze. Te kr\u00f3tsze te\u017c doskonale si\u0119 do tego nadaj\u0105. <strong>Najwygodniej b\u0119dzie zaple\u015b\u0107 dwa warkocze po bokach &#8211; w ten spos\u00f3b \u0142atwiej z\u0142apiesz wszystkie w\u0142osy.<\/strong> I ma\u0142y trik dla ciebie &#8211; \u017ceby kosmyki nie ucieka\u0142y z warkocza, u\u017cyj fluidu wyg\u0142adzaj\u0105cego. Mo\u017cesz te\u017c ca\u0142o\u015b\u0107 utrwali\u0107 <a href=\"https:\/\/www.hairstore.pl\/lakiery-c1334.html\">lakierem do w\u0142os\u00f3w<\/a>.<\/p>\n<figure id=\"attachment_14253\" aria-describedby=\"caption-attachment-14253\" style=\"width: 1200px\" class=\"wp-caption aligncenter\"><img decoding=\"async\" class=\"size-full wp-image-14253\" src=\"https:\/\/www.hairstore.pl\/blog\/wp-content\/uploads\/2020\/05\/warkocze-krotkie-wlosy.jpg\" alt=\"kr\u00f3tkie warkocze, warkocze bokserskie, warkocze po bokach, warkocze z kr\u00f3tkich w\u0142os\u00f3w\" width=\"1200\" height=\"675\" srcset=\"https:\/\/www.hairstore.pl\/blog\/wp-content\/uploads\/2020\/05\/warkocze-krotkie-wlosy.jpg 800w, https:\/\/www.hairstore.pl\/blog\/wp-content\/uploads\/2020\/05\/warkocze-krotkie-wlosy-300x169.jpg 300w, https:\/\/www.hairstore.pl\/blog\/wp-content\/uploads\/2020\/05\/warkocze-krotkie-wlosy-768x432.jpg 768w, https:\/\/www.hairstore.pl\/blog\/wp-content\/uploads\/2020\/05\/warkocze-krotkie-wlosy-1024x576.jpg 1024w\" sizes=\"(max-width: 1200px) 100vw, 1200px\" \/><figcaption id=\"caption-attachment-14253\" class=\"wp-caption-text\">\u0179r\u00f3d\u0142o:\u00a0stylecraze.com, number4hair.com,\u00a0wefashiontrends.com<\/figcaption><\/figure>\n<div id=\"hsbp-1\" class=\"hsbp\"><\/div>\n<p><script src=\"https:\/\/www.hairstore.pl\/produkty_wordpress.php?dst=hsbp-1&amp;prods=2654,5735,17952,5381,15924,16741,12969\" type=\"text\/javascript\"><\/script><\/p>\n<h2><\/h2>\n<h2>Warkocze bokserskie<\/h2>\n<p>Wersj\u0119 z warkoczami po bokach mo\u017cna te\u017c zrobi\u0107 na d\u0142ugich w\u0142osach. Oczywi\u015bcie \u017cadna doros\u0142a kobieta nie chce wygl\u0105da\u0107 jak Pippi Langstrump, dlatego proponuj\u0119 warkocze w wersji dobieranej. Taka fryzura idealnie sprawdzi si\u0119 na si\u0142owni, ale te\u017c mo\u017ce by\u0107 \u015bwietnym dope\u0142nieniem bardziej rockowego outfitu.<\/p>\n<figure id=\"attachment_14254\" aria-describedby=\"caption-attachment-14254\" style=\"width: 1200px\" class=\"wp-caption aligncenter\"><img decoding=\"async\" class=\"size-full wp-image-14254\" src=\"https:\/\/www.hairstore.pl\/blog\/wp-content\/uploads\/2020\/05\/warkocze-po-bokach.jpg\" alt=\"warkocze bokserskie, warkocze z d\u0142ugich w\u0142os\u00f3w, d\u0142ugie warkocze, warkocz dobierany, warkocze pomys\u0142y na fryzury\" width=\"1200\" height=\"675\" srcset=\"https:\/\/www.hairstore.pl\/blog\/wp-content\/uploads\/2020\/05\/warkocze-po-bokach.jpg 800w, https:\/\/www.hairstore.pl\/blog\/wp-content\/uploads\/2020\/05\/warkocze-po-bokach-300x169.jpg 300w, https:\/\/www.hairstore.pl\/blog\/wp-content\/uploads\/2020\/05\/warkocze-po-bokach-768x432.jpg 768w, https:\/\/www.hairstore.pl\/blog\/wp-content\/uploads\/2020\/05\/warkocze-po-bokach-1024x576.jpg 1024w\" sizes=\"(max-width: 1200px) 100vw, 1200px\" \/><figcaption id=\"caption-attachment-14254\" class=\"wp-caption-text\">\u0179r\u00f3d\u0142o:\u00a0thetrendspotter.net,\u00a0lifeonwaller.com,\u00a0society19.com<\/figcaption><\/figure>\n<p>Tzw. <strong>bokserskie warkocze<\/strong> s\u0105 idealne do stylizacji streatwearowych i codziennych. Mo\u017cesz te\u017c zostawi\u0107 wi\u0119cej rozpuszczonych w\u0142os\u00f3w i osi\u0105gn\u0105\u0107 bardziej romantyczny look. Dodaj nieco koloru i brokatu dla efekty fryzury jak z szalonego festiwalu muzycznego. Albo postaw na wersj\u0119 eleganck\u0105, idealn\u0105 na wielk\u0105 uroczysto\u015b\u0107.<\/p>\n<div id=\"hsbp-2\" class=\"hsbp\"><\/div>\n<p><script src=\"https:\/\/www.hairstore.pl\/produkty_wordpress.php?dst=hsbp-2&amp;prods=21371,21372,21373,21366,21365,21369\" type=\"text\/javascript\"><\/script><\/p>\n<h2>B\u0105belkowe warkocze<\/h2>\n<p>Pami\u0119tacie <strong>b\u0105belkowe warkocze<\/strong>? Pisa\u0142am o nich ju\u017c w tamtym roku. Na wiosn\u0119 znowu powracaj\u0105! B\u0105belkowe warkocze (inaczej oszukane warkocze, pull trough) sprawiaj\u0105, \u017ce w\u0142os\u00f3w wydaje si\u0119 wi\u0119cej &#8211; wi\u0119c jest to \u015bwietna opcja dla posiadaczek cienkich w\u0142os\u00f3w. I wbrew pozorom taka fryzura jest bardzo \u0142atwa do wykonania. Je\u015bli potrzebujesz pomocy, <a href=\"https:\/\/www.hairstore.pl\/blog\/oszukany-warkocz-czyli-idealna-fryzura-do-pracy-i-na-impreze\/\">sprawd\u017a nasz artyku\u0142 z galeri\u0105 i instrukcj\u0105, jak zrobi\u0107 b\u0105belkowy warkocz.<\/a><\/p>\n<figure id=\"attachment_14255\" aria-describedby=\"caption-attachment-14255\" style=\"width: 1200px\" class=\"wp-caption aligncenter\"><img decoding=\"async\" class=\"size-full wp-image-14255\" src=\"https:\/\/www.hairstore.pl\/blog\/wp-content\/uploads\/2020\/05\/warkocze-babelkowe.jpg\" alt=\"oszukany warkocz, warkocz pull through\" width=\"1200\" height=\"675\" srcset=\"https:\/\/www.hairstore.pl\/blog\/wp-content\/uploads\/2020\/05\/warkocze-babelkowe.jpg 800w, https:\/\/www.hairstore.pl\/blog\/wp-content\/uploads\/2020\/05\/warkocze-babelkowe-300x169.jpg 300w, https:\/\/www.hairstore.pl\/blog\/wp-content\/uploads\/2020\/05\/warkocze-babelkowe-768x432.jpg 768w, https:\/\/www.hairstore.pl\/blog\/wp-content\/uploads\/2020\/05\/warkocze-babelkowe-1024x576.jpg 1024w\" sizes=\"(max-width: 1200px) 100vw, 1200px\" \/><figcaption id=\"caption-attachment-14255\" class=\"wp-caption-text\">\u0179r\u00f3d\u0142o:\u00a0alexgaboury.com,\u00a0luxyhair.com,\u00a0alexgaboury.com<\/figcaption><\/figure>\n<h2>Warkocze i koczki<\/h2>\n<p>Ta wersja szczeg\u00f3lnie mi si\u0119 podoba. Warkocze z koczkami wygl\u0105daj\u0105 moim zdaniem niezwykle uroczo. A waszym? Czy takie uczesanie trafia w wasz gust? Jestem ciekawa waszego zdania. B\u0105d\u017a co b\u0105d\u017a ta wersja warkoczy to bardzo ciekawa propozycja fryzury.<\/p>\n<figure id=\"attachment_14256\" aria-describedby=\"caption-attachment-14256\" style=\"width: 1200px\" class=\"wp-caption aligncenter\"><img decoding=\"async\" class=\"size-full wp-image-14256\" src=\"https:\/\/www.hairstore.pl\/blog\/wp-content\/uploads\/2020\/05\/warkocze-z-koczkiem.jpg\" alt=\"warkocze pomys\u0142y na fryzury, fryzury damskie, fryzury z d\u0142ugich w\u0142os\u00f3w\" width=\"1200\" height=\"675\" srcset=\"https:\/\/www.hairstore.pl\/blog\/wp-content\/uploads\/2020\/05\/warkocze-z-koczkiem.jpg 800w, https:\/\/www.hairstore.pl\/blog\/wp-content\/uploads\/2020\/05\/warkocze-z-koczkiem-300x169.jpg 300w, https:\/\/www.hairstore.pl\/blog\/wp-content\/uploads\/2020\/05\/warkocze-z-koczkiem-768x432.jpg 768w, https:\/\/www.hairstore.pl\/blog\/wp-content\/uploads\/2020\/05\/warkocze-z-koczkiem-1024x576.jpg 1024w\" sizes=\"(max-width: 1200px) 100vw, 1200px\" \/><figcaption id=\"caption-attachment-14256\" class=\"wp-caption-text\">\u0179r\u00f3d\u0142o:\u00a0zefinka.com,\u00a0latest-hairstyles.com,\u00a0archzine.com<\/figcaption><\/figure>\n<figure id=\"attachment_14257\" aria-describedby=\"caption-attachment-14257\" style=\"width: 1200px\" class=\"wp-caption aligncenter\"><img decoding=\"async\" class=\"size-full wp-image-14257\" src=\"https:\/\/www.hairstore.pl\/blog\/wp-content\/uploads\/2020\/05\/modne-warkocze.jpg\" alt=\"pomys\u0142y na damskie fryzury, fryzury dla kobiet 2020, fryzury z d\u0142ugich w\u0142os\u00f3, fryzury d\u0142ugie w\u0142osy, warkocze\" width=\"1200\" height=\"675\" srcset=\"https:\/\/www.hairstore.pl\/blog\/wp-content\/uploads\/2020\/05\/modne-warkocze.jpg 800w, https:\/\/www.hairstore.pl\/blog\/wp-content\/uploads\/2020\/05\/modne-warkocze-300x169.jpg 300w, https:\/\/www.hairstore.pl\/blog\/wp-content\/uploads\/2020\/05\/modne-warkocze-768x432.jpg 768w, https:\/\/www.hairstore.pl\/blog\/wp-content\/uploads\/2020\/05\/modne-warkocze-1024x576.jpg 1024w\" sizes=\"(max-width: 1200px) 100vw, 1200px\" \/><figcaption id=\"caption-attachment-14257\" class=\"wp-caption-text\">\u0179r\u00f3d\u0142o:\u00a0weddinghairstyles.us,\u00a0glupub.com,\u00a0roolee.com<\/figcaption><\/figure>\n<h2>Do warkocza dodaj apaszk\u0119<\/h2>\n<p>Bardzo cz\u0119sto bywa tak, \u017ce dodanie do fryzury jednego dodatku potrafi zdzia\u0142a\u0107 cuda. I taka jest w\u0142a\u015bnie moja ostatnia propozycja na modne fryzury w warkoczy. Dodaj do swojej plecionki apaszk\u0119 i ju\u017c \ud83d\ude42 . Taki prosty trik sprawia, \u017ce z pozoru nudny warkocz zyskuje nowe oblicze. To niezwykle miejski look, bardzo dziewcz\u0119cy, a zarazem zgody z najnowszymi trendami.<\/p>\n<figure id=\"attachment_14260\" aria-describedby=\"caption-attachment-14260\" style=\"width: 1200px\" class=\"wp-caption aligncenter\"><img decoding=\"async\" class=\"size-full wp-image-14260\" src=\"https:\/\/www.hairstore.pl\/blog\/wp-content\/uploads\/2020\/05\/warkocze-z-apaszka.jpg\" alt=\"warkocze z apaszk\u0105, fryzury z warkoczami, modne fryzury, fryzury damskie, trendy 2020\" width=\"1200\" height=\"675\" srcset=\"https:\/\/www.hairstore.pl\/blog\/wp-content\/uploads\/2020\/05\/warkocze-z-apaszka.jpg 800w, https:\/\/www.hairstore.pl\/blog\/wp-content\/uploads\/2020\/05\/warkocze-z-apaszka-300x169.jpg 300w, https:\/\/www.hairstore.pl\/blog\/wp-content\/uploads\/2020\/05\/warkocze-z-apaszka-768x432.jpg 768w, https:\/\/www.hairstore.pl\/blog\/wp-content\/uploads\/2020\/05\/warkocze-z-apaszka-1024x576.jpg 1024w\" sizes=\"(max-width: 1200px) 100vw, 1200px\" \/><figcaption id=\"caption-attachment-14260\" class=\"wp-caption-text\">\u0179r\u00f3d\u0142o:\u00a0jomdah.com,\u00a0\u00a0society19.com,\u00a0academytrend.com<\/figcaption><\/figure>\n<p>Podoba Ci si\u0119 warkocz z apaszk\u0105? Ten dodatek mo\u017cesz zestawia\u0107 te\u017c z wieloma innymi fryzurami. Sprawd\u017a nasz\u0105 galeri\u0119: <a href=\"https:\/\/www.hairstore.pl\/blog\/chusta-fryzury-na-lato\/\">Urocze fryzury z apaszk\u0105<\/a>.<\/p>\n<h2>Zosta\u0144 kr\u00f3low\u0105 stylu z koron\u0105 z warkoczy<\/h2>\n<p>Ostatnia propozycja jest niezwykle romantyczna. Chodzi o warkocz zapleciony naoko\u0142o g\u0142owy tak, \u017ceby tworzy\u0142 koron\u0119. To klasyczna fryzura, kt\u00f3ra ci\u0105gle znajduje swoje zwolenniczki.<\/p>\n<figure id=\"attachment_14258\" aria-describedby=\"caption-attachment-14258\" style=\"width: 1200px\" class=\"wp-caption aligncenter\"><img decoding=\"async\" class=\"size-full wp-image-14258\" src=\"https:\/\/www.hairstore.pl\/blog\/wp-content\/uploads\/2020\/05\/warkocze-korona.jpg\" alt=\"korona w warkoczy, warkocz, warkocze\" width=\"1200\" height=\"675\" srcset=\"https:\/\/www.hairstore.pl\/blog\/wp-content\/uploads\/2020\/05\/warkocze-korona.jpg 800w, https:\/\/www.hairstore.pl\/blog\/wp-content\/uploads\/2020\/05\/warkocze-korona-300x169.jpg 300w, https:\/\/www.hairstore.pl\/blog\/wp-content\/uploads\/2020\/05\/warkocze-korona-768x432.jpg 768w, https:\/\/www.hairstore.pl\/blog\/wp-content\/uploads\/2020\/05\/warkocze-korona-1024x576.jpg 1024w\" sizes=\"(max-width: 1200px) 100vw, 1200px\" \/><figcaption id=\"caption-attachment-14258\" class=\"wp-caption-text\">\u0179r\u00f3d\u0142o:\u00a0lilostyle.com,\u00a0thezoereport.com,\u00a0society19.com<\/figcaption><\/figure>\n<h2>Kilka trik\u00f3w na warkocz idealny<\/h2>\n<p>Wiadomo, \u017ce zdj\u0119cia to jedno, a efekt to drugie. Czasami trudno idealnie skopiowa\u0107 fryzur\u0119 ze zdj\u0119cia. Chc\u0119 wam to u\u0142atwi\u0107, dlatego zebra\u0142am kilka trik\u00f3w, kt\u00f3re z pewno\u015bci\u0105 pozwol\u0105 na osi\u0105gni\u0119cie warkocza idealnego &#8211; albo powa\u017cne zbli\u017cenie si\u0119 do tego celu.<\/p>\n<ul>\n<li>Masz problem z baby hair? Spryskaj szczoteczk\u0119 do z\u0119b\u00f3w lakierem do w\u0142os\u00f3w i przyg\u0142ad\u017a odstaj\u0105ce ko\u0142o czo\u0142a w\u0142oski. Mo\u017cesz te\u017c u\u017cy\u0107 specjalnego sztyftu do w\u0142os\u00f3w.<\/li>\n<li>Je\u015bli trudno Ci zrobi\u0107 warkocz, podziel w\u0142osy na trzy pasma i ka\u017cde zwi\u0105\u017c ma\u0142\u0105 gumeczk\u0105 (np. recepturk\u0105). Dzi\u0119ki temu znacznie \u0142atwiej je zapleciesz, a poszczeg\u00f3lne sekcje nie b\u0119d\u0105 Ci si\u0119 pl\u0105ta\u0107. Na koniec przetnij gumeczki no\u017cyczkami i wyci\u0105gnij z w\u0142os\u00f3w.<\/li>\n<li>Chcesz osi\u0105gn\u0105\u0107 dodatkow\u0105 obj\u0119to\u015b\u0107? Dzie\u0144 wcze\u015bniej zakr\u0119\u0107 w\u0142osy (rekomenduj\u0119 grubsze fale). Na drugi dzie\u0144 mo\u017cesz zrezygnowa\u0107 z ich mycia, tylko zaple\u015b\u0107 lu\u017any warkocz z takich p\u00f3\u0142rozprostowanych pasm. Efekt grubego warkocza gwarantowany! A poza tym to szybki spos\u00f3b na fryzur\u0119 do pracy, je\u015bli rano zaspa\u0142a\u015b i nie masz czasu umy\u0107 w\u0142os\u00f3w.<\/li>\n<\/ul>\n<p>Macie jakie\u015b sprawdzone sposoby na idealne warkocze? Podzielcie si\u0119 swoimi trikami w komentarzach.<\/p>\n<div id=\"hsbp-3\" class=\"hsbp\"><\/div>\n<p><script src=\"https:\/\/www.hairstore.pl\/produkty_wordpress.php?dst=hsbp-3&amp;prods=20732,9302,18059,15017,1238,15586\" type=\"text\/javascript\"><\/script><\/p>\n","protected":false},"excerpt":{"rendered":"<p>Warkocze to teraz hit! Ta fryzura nie jest zarezerwowana tylko dla posiadaczek d\u0142ugich w\u0142os\u00f3w. Zebra\u0142am dla was a\u017c 6 r\u00f3\u017cnych pomys\u0142\u00f3w na fryzury z warkoczy. Musicie je wypr\u00f3bowa\u0107 koniecznie tej wiosny!<\/p>\n","protected":false},"author":8,"featured_media":14267,"comment_status":"open","ping_status":"open","sticky":false,"template":"","format":"standard","meta":{"footnotes":""},"categories":[9421],"tags":[4739],"yst_prominent_words":[4737,801,784,3025,10198,10200,796,3160,791,8538,1251,4740,4736,10190,704,717,10193,10194,10199,737],"class_list":["post-14250","post","type-post","status-publish","format-standard","has-post-thumbnail","hentry","category-trendy","tag-dlugie-wlosy"],"_links":{"self":[{"href":"https:\/\/www.hairstore.pl\/blog\/wp-json\/wp\/v2\/posts\/14250","targetHints":{"allow":["GET"]}}],"collection":[{"href":"https:\/\/www.hairstore.pl\/blog\/wp-json\/wp\/v2\/posts"}],"about":[{"href":"https:\/\/www.hairstore.pl\/blog\/wp-json\/wp\/v2\/types\/post"}],"author":[{"embeddable":true,"href":"https:\/\/www.hairstore.pl\/blog\/wp-json\/wp\/v2\/users\/8"}],"replies":[{"embeddable":true,"href":"https:\/\/www.hairstore.pl\/blog\/wp-json\/wp\/v2\/comments?post=14250"}],"version-history":[{"count":10,"href":"https:\/\/www.hairstore.pl\/blog\/wp-json\/wp\/v2\/posts\/14250\/revisions"}],"predecessor-version":[{"id":14269,"href":"https:\/\/www.hairstore.pl\/blog\/wp-json\/wp\/v2\/posts\/14250\/revisions\/14269"}],"wp:featuredmedia":[{"embeddable":true,"href":"https:\/\/www.hairstore.pl\/blog\/wp-json\/wp\/v2\/media\/14267"}],"wp:attachment":[{"href":"https:\/\/www.hairstore.pl\/blog\/wp-json\/wp\/v2\/media?parent=14250"}],"wp:term":[{"taxonomy":"category","embeddable":true,"href":"https:\/\/www.hairstore.pl\/blog\/wp-json\/wp\/v2\/categories?post=14250"},{"taxonomy":"post_tag","embeddable":true,"href":"https:\/\/www.hairstore.pl\/blog\/wp-json\/wp\/v2\/tags?post=14250"},{"taxonomy":"yst_prominent_words","embeddable":true,"href":"https:\/\/www.hairstore.pl\/blog\/wp-json\/wp\/v2\/yst_prominent_words?post=14250"}],"curies":[{"name":"wp","href":"https:\/\/api.w.org\/{rel}","templated":true}]}}