{"id":1404,"date":"2014-08-26T11:38:40","date_gmt":"2014-08-26T09:38:40","guid":{"rendered":"http:\/\/blog.hairstore.pl\/?p=1404"},"modified":"2026-03-25T12:15:56","modified_gmt":"2026-03-25T11:15:56","slug":"nowa-seria-indola-kera-restore","status":"publish","type":"post","link":"https:\/\/www.hairstore.pl\/blog\/nowa-seria-indola-kera-restore\/","title":{"rendered":"Nowa seria Indola Kera Restore"},"content":{"rendered":"<p>Pojawi\u0142a si\u0119 w\u0142a\u015bnie ca\u0142kiem nowa seria <a href=\"https:\/\/www.hairstore.pl\/kera-restore-c1036.html\">Indola Kera Restore<\/a>\u00a0dla w\u0142os\u00f3w zniszczonych, uwra\u017cliwionych i zm\u0119czonych zabiegami chemicznymi. Kosmetyki z tej linii zawieraj\u0105 mikro keratyn\u0119, kt\u00f3ra ma zbawienny wp\u0142yw na zniszczone w\u0142osy.<\/p>\n<p><!--more--><\/p>\n<p>W\u0142osy zniszczone r\u00f3\u017cnymi zabiegami chemicznymi s\u0105 wyra\u017anie os\u0142abione oraz maj\u0105 ubytki w korze. W efekcie s\u0105 podatne na z\u0142amania i dalsze zniszczenia. Dzi\u0119ki mikro keratynie, kt\u00f3ra zawarta jest w kosmetykach <a href=\"https:\/\/www.hairstore.pl\/kera-restore-c1036.html\">Indola Kera Restore<\/a> nawet te najbardziej uszkodzone staj\u0105 si\u0119 ponownie witalne. Wynika to z uzupe\u0142nienia ubytk\u00f3w w ich strukturze na poziomie kom\u00f3rkowym.<\/p>\n<h2>Jakie s\u0105 efekty u\u017cywania Indola Kera Restore?<\/h2>\n<p>W efekcie w\u0142osy zn\u00f3w s\u0105 spr\u0119\u017cyste, zdrowe i mocne. W tej serii znajdziesz szampon, od\u017cywk\u0119, mask\u0119 oraz serum w sprayu. Produkty cechuje lekka konsystencja, kt\u00f3ra nie obci\u0105\u017ca w\u0142os\u00f3w. \u015awietnie sprawdz\u0105 si\u0119 w codziennej piel\u0119gnacji.<\/p>\n<p><img decoding=\"async\" class=\"alignnone size-full wp-image-1500\" src=\"https:\/\/www.hairstore.pl\/blog\/wp-content\/uploads\/2014\/08\/indola-kera-restore-przed-i-po.jpg\" alt=\"indola-kera-restore-przed-i-po\" width=\"720\" height=\"405\" \/><\/p>\n<p>&nbsp;<\/p>\n","protected":false},"excerpt":{"rendered":"<p>Pojawi\u0142a si\u0119 w\u0142a\u015bnie ca\u0142kiem nowa seria Indola Kera Restore\u00a0dla w\u0142os\u00f3w zniszczonych, uwra\u017cliwionych i zm\u0119czonych zabiegami chemicznymi. Kosmetyki z tej linii zawieraj\u0105 mikro keratyn\u0119, kt\u00f3ra ma zbawienny wp\u0142yw na zniszczone w\u0142osy.<\/p>\n","protected":false},"author":5,"featured_media":6828,"comment_status":"open","ping_status":"closed","sticky":false,"template":"","format":"standard","meta":{"footnotes":""},"categories":[2],"tags":[8],"yst_prominent_words":[7182,2469,2126,7176,7175,7179,7177,7183,7180,704,717,7181,7178,2051],"class_list":["post-1404","post","type-post","status-publish","format-standard","has-post-thumbnail","hentry","category-aktualnosci","tag-sposob-na-piekne-wlosy"],"_links":{"self":[{"href":"https:\/\/www.hairstore.pl\/blog\/wp-json\/wp\/v2\/posts\/1404","targetHints":{"allow":["GET"]}}],"collection":[{"href":"https:\/\/www.hairstore.pl\/blog\/wp-json\/wp\/v2\/posts"}],"about":[{"href":"https:\/\/www.hairstore.pl\/blog\/wp-json\/wp\/v2\/types\/post"}],"author":[{"embeddable":true,"href":"https:\/\/www.hairstore.pl\/blog\/wp-json\/wp\/v2\/users\/5"}],"replies":[{"embeddable":true,"href":"https:\/\/www.hairstore.pl\/blog\/wp-json\/wp\/v2\/comments?post=1404"}],"version-history":[{"count":6,"href":"https:\/\/www.hairstore.pl\/blog\/wp-json\/wp\/v2\/posts\/1404\/revisions"}],"predecessor-version":[{"id":27095,"href":"https:\/\/www.hairstore.pl\/blog\/wp-json\/wp\/v2\/posts\/1404\/revisions\/27095"}],"wp:featuredmedia":[{"embeddable":true,"href":"https:\/\/www.hairstore.pl\/blog\/wp-json\/wp\/v2\/media\/6828"}],"wp:attachment":[{"href":"https:\/\/www.hairstore.pl\/blog\/wp-json\/wp\/v2\/media?parent=1404"}],"wp:term":[{"taxonomy":"category","embeddable":true,"href":"https:\/\/www.hairstore.pl\/blog\/wp-json\/wp\/v2\/categories?post=1404"},{"taxonomy":"post_tag","embeddable":true,"href":"https:\/\/www.hairstore.pl\/blog\/wp-json\/wp\/v2\/tags?post=1404"},{"taxonomy":"yst_prominent_words","embeddable":true,"href":"https:\/\/www.hairstore.pl\/blog\/wp-json\/wp\/v2\/yst_prominent_words?post=1404"}],"curies":[{"name":"wp","href":"https:\/\/api.w.org\/{rel}","templated":true}]}}