{"id":13988,"date":"2020-03-26T11:23:07","date_gmt":"2020-03-26T10:23:07","guid":{"rendered":"https:\/\/www.hairstore.pl\/blog\/?p=13988"},"modified":"2020-09-30T18:43:28","modified_gmt":"2020-09-30T16:43:28","slug":"odswiez-kolor-wlosow-z-indola","status":"publish","type":"post","link":"https:\/\/www.hairstore.pl\/blog\/odswiez-kolor-wlosow-z-indola\/","title":{"rendered":"Zr\u00f3b to sama. Jak od\u015bwie\u017cy\u0107 kolor w\u0142os\u00f3w w domu? Porad udziela ekspert Indola"},"content":{"rendered":"<p>Na co dzie\u0144 chodzimy do fryzjera i od\u015bwie\u017camy kolor swojej fryzury oddaj\u0105c j\u0105 w r\u0119ce profesjonalisty. Obecnie zostajemy w domu, nie mo\u017cemy wybra\u0107 si\u0119 do salonu. Nasze w\u0142osy rosn\u0105, a kolor na d\u0142ugo\u015bci i ko\u0144cach zmienia si\u0119 i blaknie. Mam dla Was sprawdzony spos\u00f3b na od\u015bwie\u017cenie w\u0142os\u00f3w samemu, nie wychodz\u0105c z domu.<!--more--><\/p>\n<h2>Pierwszy krok &#8211; jak ciemny ma by\u0107 kolor<\/h2>\n<p>Najwa\u017cniejsze jest ustalenie, jak ciemny ma by\u0107 kolor. Przy w\u0142osach br\u0105zowych proponujemy zdecydowa\u0107 si\u0119 na produkt w tonacji nieco ciemniejszej ni\u017c ten obecny. Taki wyb\u00f3r pog\u0142\u0119bi odcie\u0144 fryzury i pozwoli lekko zatuszowa\u0107 w\u0142osy bia\u0142e. Tutaj nie b\u00f3jcie si\u0119 si\u0119gn\u0105\u0107 po kolor antracytowy czy czarny. Istotne jest tak\u017ce, jakiej finalnej tonacji oczekujemy, ciep\u0142ej czy ch\u0142odnej? Odcienie z\u0142ote b\u0119d\u0105 dawa\u0142y na w\u0142osach efekt z\u0142ocistej po\u015bwiaty i dodatkowego po\u0142ysku. Odcienie ch\u0142odne s\u0105 natomiast bardziej matowe.<\/p>\n<p>Podczas podejmowania decyzji o kolorze finalnym kieruj si\u0119 przede wszystkim tym, w jakim odcieniu i kolorze b\u0119dzie Ci do twarzy. Tutaj mo\u017cesz wykona\u0107 pewien prosty eksperyment. <strong>Sp\u00f3jrz na wewn\u0119trzn\u0105 cz\u0119\u015b\u0107 swojego przedramienia. Je\u017celi odcie\u0144 sk\u00f3ry jest blady \u2013 optymalny b\u0119dzie do Ciebie odcie\u0144 ch\u0142odny lub delikatnie ciep\u0142y kierunek kolorystyczny. Je\u017celi jednak Twoja sk\u00f3ra jest brzoskwiniowa i ciemniejsza \u2013 odcienie miodowe i br\u0105zy oka\u017c\u0105 si\u0119 strza\u0142em w dziesi\u0105tk\u0119.<\/strong><\/p>\n<h2>Krok drugi &#8211; wyb\u00f3r produktu<\/h2>\n<p>Wybierz produkt, kt\u00f3ry da po\u017c\u0105dany efekt kolorystyczny i sprawi, \u017ce Twoje w\u0142osy b\u0119d\u0105 wypiel\u0119gnowane i b\u0142yszcz\u0105ce. Tutaj sprawdz\u0105 si\u0119 na przyk\u0142ad <a href=\"https:\/\/www.hairstore.pl\/indola-color-blaster-odzywka-koloryzujaca-300ml-p17927.html\">od\u017cywki z pigmentami Colorblaster<\/a> lub <a href=\"https:\/\/www.hairstore.pl\/indola-profession-pianka-koloryzujaca-do-wlosow-200ml-p3272.html\">pianki koloryzuj\u0105ce Color Styling Mousse od Indola<\/a>. S\u0105 to sprytne rozwi\u0105zania pozwalaj\u0105ce na personalizacj\u0119 wygl\u0105du, jak podczas na\u0142o\u017cenia filtra na Instagramie.<\/p>\n<p><strong>Od\u017cywk\u0119 pigmentuj\u0105c\u0105 nak\u0142adamy w pierwszej kolejno\u015bci na lini\u0119 odrostu. Zalecamy nak\u0142adanie produktu p\u0119dzlem.<\/strong> Im dok\u0142adniej produkt zostanie rozprowadzony na w\u0142osach, tym r\u00f3wniejszy b\u0119dzie kolor po sp\u0142ukaniu. Je\u015bli masz w\u0142osy siwe, zwr\u00f3\u0107 na nie szczeg\u00f3ln\u0105 uwag\u0119. Nie oszcz\u0119dzaj produktu. Pokryj w\u0142osy grub\u0105 warstw\u0105 od\u017cywki. Je\u015bli masz w\u0142osy delikatne i nie s\u0105 one siwe, zwr\u00f3\u0107 uwag\u0119, aby produkt nadmiernie nie styka\u0142 si\u0119 ze sk\u00f3r\u0105 g\u0142owy. Cienkie w\u0142osy mog\u0105 przy pierwszej aplikacji wymaga\u0107 uwa\u017cnego sp\u0142ukania produktu, aby po wymodelowaniu pozosta\u0142y spr\u0119\u017cyste i uniesione u nasady.<\/p>\n<div id=\"hsbp-1\" class=\"hsbp\"><\/div>\n<p><script src=\"https:\/\/www.hairstore.pl\/produkty_wordpress.php?dst=hsbp-1&amp;prods=17927,3272,17175,15551,15564,15561\" type=\"text\/javascript\"><\/script><\/p>\n<p><strong>Nast\u0119pnie przechodzimy do aplikacji od\u017cywki na d\u0142ugo\u015b\u0107 w\u0142os\u00f3w<\/strong>. Produkt nale\u017cy aplikowa\u0107 w r\u0119kawiczkach nak\u0142adaj\u0105c #colorblaster na umyte szamponem i osuszone r\u0119cznikiem w\u0142osy. Pomy\u015bl te\u017c przed przyst\u0105pieniem do od\u015bwie\u017cania koloru o ochronie ubra\u0144 i zabezpieczaniu sk\u00f3ry g\u0142owy przed plamami.<\/p>\n<p>Nanie\u015b na lini\u0119 zarostu oraz uszy krem ochronny. W ten spos\u00f3b unikniesz efektu ciemnej obw\u00f3dki na sk\u00f3rze. Produkt zostawiamy na w\u0142osach na minimum 10 minut, a\u017c do momentu osi\u0105gni\u0119cia po\u017c\u0105danego rezultatu nat\u0119\u017cenia koloru. Im cz\u0119\u015bciej #colorblaster b\u0119dzie nak\u0142adany, tym rezultat ko\u0144cowy b\u0119dzie intensywniejszy. Po up\u0142ywie czasu dzia\u0142ania nale\u017cy produkt obficie sp\u0142uka\u0107.<\/p>\n<p><img decoding=\"async\" class=\"aligncenter size-full wp-image-13996\" src=\"https:\/\/www.hairstore.pl\/blog\/wp-content\/uploads\/2020\/03\/farbowanie-wlosow-z-indola.jpg\" alt=\"farbowanie w\u0142os\u00f3w z indola, od\u015bwie\u017canie koloru z indola, od\u017cywki indola, indola color blaster\" width=\"1200\" height=\"675\" srcset=\"https:\/\/www.hairstore.pl\/blog\/wp-content\/uploads\/2020\/03\/farbowanie-wlosow-z-indola.jpg 800w, https:\/\/www.hairstore.pl\/blog\/wp-content\/uploads\/2020\/03\/farbowanie-wlosow-z-indola-300x169.jpg 300w, https:\/\/www.hairstore.pl\/blog\/wp-content\/uploads\/2020\/03\/farbowanie-wlosow-z-indola-768x432.jpg 768w, https:\/\/www.hairstore.pl\/blog\/wp-content\/uploads\/2020\/03\/farbowanie-wlosow-z-indola-1024x576.jpg 1024w\" sizes=\"(max-width: 1200px) 100vw, 1200px\" \/><\/p>\n<h2>Krok trzeci &#8211; wyb\u00f3r odcienia od\u017cywki<\/h2>\n<p>Jak wybra\u0107 odpowiedni odcie\u0144 od\u017cywki pigmentuj\u0105cej?<\/p>\n<p>Brunetkom, naturalnym blondynkom raz rudzielcom polecamy odcienie Mayfair oraz Sierra. Sprawdz\u0105 si\u0119 one do w\u0142os\u00f3w na poziomie ciemnego i jasnego br\u0105zu. Odcie\u0144 Crema polecamy dla ciemnych i jasnych blondynek.<\/p>\n<p>Jakie pigmenty znajduj\u0105 si\u0119 w poszczeg\u00f3lnych odcieniach #Colorblaster\u00f3w? Mayfair zawiera pigmenty czerwone i niweluje ch\u0142odne, zielonkawe odcienie. Crema bazuje na dzia\u0142aniu ciep\u0142ych miodowych pigment\u00f3w i roz\u015bwietla kolor wyj\u015bciowy. Sierra to odcie\u0144 czekoladowego br\u0105zu. Mo\u017cna j\u0105 \u0142\u0105czy\u0107 z Crem\u0105 dla uzyskania efektu roz\u015bwietlonego piaskowego odcienia na jasnych blondach.<\/p>\n<p>Je\u015bli odcie\u0144 od\u017cywki jest zbyt intensywny i obawiasz si\u0119 jego efektu, ka\u017cdy z #colorblaster\u00f3w mo\u017cesz po\u0142\u0105czy\u0107 1:1 ze standardow\u0105 od\u017cywk\u0105 do w\u0142os\u00f3w. Postaw na wag\u0119 kuchenn\u0105 miseczk\u0119 do piel\u0119gnacji i odmierz 10g wybranego #colorblastera. Dodaj do tej ilo\u015bci tyle samo swojej od\u017cywki do w\u0142os\u00f3w, kt\u00f3rej u\u017cywasz. W ten spos\u00f3b moc pigment\u00f3w b\u0119dzie o po\u0142ow\u0119 mniejsza. Efekt mo\u017cesz w pe\u0142ni dostosowa\u0107 do swoich potrzeb.<\/p>\n<p>W\u0142osy po dekoloryzacji i mocno rozja\u015bnione maj\u0105 tendencj\u0119 do wy\u017c\u00f3\u0142cania si\u0119 lub przybieraj\u0105 nieco rudawy odcie\u0144. Zastosowanie #colorblaster w odcieniu Juno zneutralizuje ten efekt fioletowymi pigmentami. W utrzymaniu ch\u0142odnego odcienia w\u0142os\u00f3w na d\u0142u\u017cej polecamy stosowanie szamponu wzmacniaj\u0105cego w\u0142osy i och\u0142adzaj\u0105cego ich kolor <a href=\"https:\/\/www.hairstore.pl\/indola-blond-addict-instacool-szampon-do-chlodnych-odcieni-blondu-250ml-p17175.html\">Instacool Blond Addict<\/a>.<\/p>\n<p>M\u0119\u017cczyznom polecamy #colorblaster Arden. To najciemniejszy odcie\u0144 z gamy. Na w\u0142osach b\u0119dzie widoczna grafitowa po\u015bwiata, a bia\u0142e w\u0142osy zostan\u0105 delikatnie przypr\u00f3szone. Co wa\u017cne, to rozwi\u0105zanie r\u00f3wnomiernie wyp\u0142ukuje si\u0119 z m\u0119skich fryzur.<\/p>\n<p>Do w\u0142os\u00f3w mocno rozja\u015bnionych przewidziano dodatkowo odcienie festiwalowe w mocnych kolorach Willow (r\u00f3\u017cowy), Valencia (mi\u0119towy), Lark (siwy), Clarendon (chabrowy). Jest to propozycja dla lubi\u0105cych, gdy kolor ich w\u0142os\u00f3w rzuca si\u0119 w oczy i jest wyrazisty. Zalet\u0105 jest mocny po\u0142ysk. Odcienie mog\u0105 utrzymywa\u0107 si\u0119 na w\u0142osach nawet d\u0142u\u017cej ni\u017c 10 my\u0107.<\/p>\n<p><strong>Ile od\u017cywki potrzebuj\u0119 na moje w\u0142osy?<\/strong> 20ml wystarczy do od\u015bwie\u017cenia w\u0142os\u00f3w do ramion. W zale\u017cno\u015bci od d\u0142ugo\u015bci i g\u0119sto\u015bci w\u0142os\u00f3w ilo\u015bci mog\u0105 by\u0107 r\u00f3\u017cne. Trwa\u0142o\u015b\u0107 efektu ko\u0144cowego zale\u017cy od odcienia, kondycji w\u0142os\u00f3w i ich struktury, ilo\u015bci naniesionego produktu oraz czasu dzia\u0142ania.<\/p>\n<h2>Krok czwarty<\/h2>\n<p><strong>Od\u017cywki pigmentuj\u0105ce nie maj\u0105 mocy farbowania, ale s\u0105 w stanie tuszowa\u0107 bia\u0142e w\u0142osy do 30%.<\/strong> Na w\u0142osach rozja\u015bnianych efekt ich dzia\u0142ania mo\u017ce by\u0107 widoczny ju\u017c po 2 minutach. Po up\u0142ywie czasu dzia\u0142ania w\u0142osy nale\u017cy sp\u0142uka\u0107 i traktowa\u0107 wod\u0105 do momentu, kiedy woda z nich sp\u0142ywaj\u0105ca b\u0119dzie przezroczysta. W nast\u0119pnej kolejno\u015bci przechodzimy do standardowej stylizacji w\u0142os\u00f3w. Po zastosowaniu #colorblaster od Indola nie nak\u0142adamy na nie ju\u017c innego preparatu od\u017cywiaj\u0105cego w\u0142osy.<\/p>\n<p>#Colorblaster to wyj\u0105tkowy produkt do piel\u0119gnacji i koloryzacji. Unikalne, drobne pigmenty koloru s\u0105 osadzone w piel\u0119gnacyjnej bazie, by zapewni\u0107 super \u0142atw\u0105 i dok\u0142adn\u0105 aplikacj\u0119. W\u0142osy myjemy szamponem przed na\u0142o\u017ceniem preparatu. Nie ma potrzeby stosowania szamponu po. Od\u015bwie\u017cony kolor b\u0119dzie widoczny. W\u0142osy pozostan\u0105 mi\u0119kkie, b\u0142yszcz\u0105ce i spr\u0119\u017cyste. Pami\u0119tajmy, o dok\u0142adnym wyp\u0142ukaniu od\u017cywki od sk\u00f3ry g\u0142owy, aby fryzura pozosta\u0142a \u015bwie\u017ca, a w\u0142osy uniesione u nasady i sypkie.<\/p>\n<h2>Przed\u0142u\u017c trwa\u0142o\u015b\u0107 koloru<\/h2>\n<p>Je\u015bli zale\u017cy Ci na jak najd\u0142u\u017cszym utrzymaniu efektu dzia\u0142ania #Colorblaster, stosuj <a href=\"https:\/\/www.hairstore.pl\/indola-color-szampon-do-wlosow-farbowanych-300ml-p15551.html\">Indola Szampon do W\u0142os\u00f3w Farbowanych<\/a> i\u00a0 <a href=\"https:\/\/www.hairstore.pl\/indola-color-odzywka-do-wlosow-farbowanych-300ml-p15564.html\">Od\u017cywk\u0119<\/a> lub <a href=\"https:\/\/www.hairstore.pl\/indola-color-maska-do-wlosow-farbowanych-200ml-p15561.html\">Mask\u0119<\/a>. Indola\u00a0 Szampon Oczyszczaj\u0105cy przyjdzie Ci z pomoc\u0105, je\u015bli chcesz szybciej usun\u0105\u0107 kolor z w\u0142os\u00f3w. Ta zasada dzia\u0142a tak\u017ce przy standardowej koloryzacji permanentnej. Szybko\u015b\u0107 wyp\u0142ukiwania si\u0119 produktu zale\u017cy od odcienia bazowego i kondycji w\u0142os\u00f3w.<\/p>\n<p><img decoding=\"async\" class=\"aligncenter size-full wp-image-13995\" src=\"https:\/\/www.hairstore.pl\/blog\/wp-content\/uploads\/2020\/03\/kosmetyki-indola-efekty.jpg\" alt=\"indola, kosmetyki indola, przed\u0142u\u017canie koloru\" width=\"1200\" height=\"675\" srcset=\"https:\/\/www.hairstore.pl\/blog\/wp-content\/uploads\/2020\/03\/kosmetyki-indola-efekty.jpg 800w, https:\/\/www.hairstore.pl\/blog\/wp-content\/uploads\/2020\/03\/kosmetyki-indola-efekty-300x169.jpg 300w, https:\/\/www.hairstore.pl\/blog\/wp-content\/uploads\/2020\/03\/kosmetyki-indola-efekty-768x432.jpg 768w, https:\/\/www.hairstore.pl\/blog\/wp-content\/uploads\/2020\/03\/kosmetyki-indola-efekty-1024x576.jpg 1024w\" sizes=\"(max-width: 1200px) 100vw, 1200px\" \/><\/p>\n<h2>Wa\u017cne!<\/h2>\n<p>Produkty do koloryzacji w\u0142os\u00f3w mog\u0105 powodowa\u0107 powa\u017cne reakcje alergiczne. Zapoznaj si\u0119 z instrukcjami i post\u0119puj zgodnie z nimi . Ten produkt nie jest przeznaczony dla os\u00f3b poni\u017cej 16 roku \u017cycia. Tymczasowe tatua\u017ce z \u201cczarnej henny\u201d mog\u0105 zwi\u0119ksza\u0107 ryzyko alergii. Nie nale\u017cy farbowa\u0107 w\u0142os\u00f3w, je\u015bli:<br \/>\nmasz wysypk\u0119 na twarzy lub wra\u017cliw\u0105, podra\u017cnion\u0105 lub uszkodzon\u0105 sk\u00f3r\u0119 g\u0142owy.<\/p>\n<ul>\n<li>Je\u015bli do\u015bwiadczy\u0142e\u015b jakiejkolwiek reakcji po farbowaniu w\u0142os\u00f3w<\/li>\n<li>Do\u015bwiadczy\u0142e\u015b reakcji na tymczasowy tatua\u017c z \u201cczarnej henny\u201d w przesz\u0142o\u015bci<\/li>\n<li>Nie stosowa\u0107 do farbowania rz\u0119s ani brwi<\/li>\n<li>Przechowuj poza zasi\u0119giem dzieci<\/li>\n<\/ul>\n<div class=\"ebook-download-box\">\n<div class=\"ebook-download-header\">\n<div class=\"ebook-download-header-text\">Mamy dla Ciebie <span class=\"ebook-download-header-text-bold\">darmowego e-booka<\/span>. Wystarczy jedno klikni\u0119cie.<\/div>\n<div class=\"ebook-cover\"><img decoding=\"async\" src=\"https:\/\/www.hairstore.pl\/blog\/wp-content\/uploads\/2020\/04\/okladka_odzywki.jpg\" \/><\/p>\n<div><span class=\"ebook-pages\">8<\/span><span class=\"ebook-pages-txt\">stron<\/span><\/div>\n<\/div>\n<\/div>\n<div class=\"ebook-download-title\">Jak u\u017cywa\u0107 od\u017cywek koloryzuj\u0105cych?<\/div>\n<div class=\"ebook-download-cta\"><a href=\"https:\/\/www.hairstore.pl\/blog\/wp-content\/uploads\/2020\/04\/Od%C5%BCywki-koloryzuj%C4%85ce.pdf\" target=\"_blank\" rel=\"noopener noreferrer\">Pobierz za darmo<\/a><\/div>\n<\/div>\n","protected":false},"excerpt":{"rendered":"<p>Na co dzie\u0144 chodzimy do fryzjera i od\u015bwie\u017camy kolor swojej fryzury oddaj\u0105c j\u0105 w r\u0119ce profesjonalisty. Obecnie zostajemy w domu, nie mo\u017cemy wybra\u0107 si\u0119 do salonu. Nasze w\u0142osy rosn\u0105, a kolor na d\u0142ugo\u015bci i ko\u0144cach zmienia si\u0119 i blaknie. Mam dla Was sprawdzony spos\u00f3b na od\u015bwie\u017cenie w\u0142os\u00f3w samemu, nie wychodz\u0105c z domu.<\/p>\n","protected":false},"author":2,"featured_media":13994,"comment_status":"open","ping_status":"open","sticky":false,"template":"","format":"standard","meta":{"footnotes":""},"categories":[11],"tags":[16,207],"yst_prominent_words":[9824,9827,9818,9830,722,3070,4260,9823,2219,2899,2240,9821,1623,9819,9822,9816,720,704,717,9820],"class_list":["post-13988","post","type-post","status-publish","format-standard","has-post-thumbnail","hentry","category-porady","tag-farbowanie-wlosow","tag-indola"],"_links":{"self":[{"href":"https:\/\/www.hairstore.pl\/blog\/wp-json\/wp\/v2\/posts\/13988","targetHints":{"allow":["GET"]}}],"collection":[{"href":"https:\/\/www.hairstore.pl\/blog\/wp-json\/wp\/v2\/posts"}],"about":[{"href":"https:\/\/www.hairstore.pl\/blog\/wp-json\/wp\/v2\/types\/post"}],"author":[{"embeddable":true,"href":"https:\/\/www.hairstore.pl\/blog\/wp-json\/wp\/v2\/users\/2"}],"replies":[{"embeddable":true,"href":"https:\/\/www.hairstore.pl\/blog\/wp-json\/wp\/v2\/comments?post=13988"}],"version-history":[{"count":10,"href":"https:\/\/www.hairstore.pl\/blog\/wp-json\/wp\/v2\/posts\/13988\/revisions"}],"predecessor-version":[{"id":15481,"href":"https:\/\/www.hairstore.pl\/blog\/wp-json\/wp\/v2\/posts\/13988\/revisions\/15481"}],"wp:featuredmedia":[{"embeddable":true,"href":"https:\/\/www.hairstore.pl\/blog\/wp-json\/wp\/v2\/media\/13994"}],"wp:attachment":[{"href":"https:\/\/www.hairstore.pl\/blog\/wp-json\/wp\/v2\/media?parent=13988"}],"wp:term":[{"taxonomy":"category","embeddable":true,"href":"https:\/\/www.hairstore.pl\/blog\/wp-json\/wp\/v2\/categories?post=13988"},{"taxonomy":"post_tag","embeddable":true,"href":"https:\/\/www.hairstore.pl\/blog\/wp-json\/wp\/v2\/tags?post=13988"},{"taxonomy":"yst_prominent_words","embeddable":true,"href":"https:\/\/www.hairstore.pl\/blog\/wp-json\/wp\/v2\/yst_prominent_words?post=13988"}],"curies":[{"name":"wp","href":"https:\/\/api.w.org\/{rel}","templated":true}]}}