{"id":13983,"date":"2020-03-25T17:10:08","date_gmt":"2020-03-25T16:10:08","guid":{"rendered":"https:\/\/www.hairstore.pl\/blog\/?p=13983"},"modified":"2026-03-25T14:44:49","modified_gmt":"2026-03-25T13:44:49","slug":"konsultacje-online-farbowanie-wlosow","status":"publish","type":"post","link":"https:\/\/www.hairstore.pl\/blog\/konsultacje-online-farbowanie-wlosow\/","title":{"rendered":"Konsultacje online z ekspertem Schwarzkopf! Poznaj tajniki farbowania w\u0142os\u00f3w"},"content":{"rendered":"<p>Mamy dla was gor\u0105ce wie\u015bci! Ju\u017c w ten czwartek na naszym kanale na YouTube odb\u0119d\u0105 si\u0119 konsultacje online z ekspertem marki Schwarzkopf Professional, Bart\u0142omiejem Laczem. Koniecznie do\u0142\u0105czcie do naszego wydarzenia! To \u015bwietna mo\u017cliwo\u015b\u0107 na czerpanie wiedzy od specjalisty w swojej dziedzinie.<\/p>\n<p><!--more--><\/p>\n<p>Ju\u017c jutro zapraszamy na nasz kana\u0142 na YouTube. Specjalnie dla was o podstawach koloryzacji Igora Royal opowie ekspert Schwarzkopf Professional &#8211; Bart\u0142omiej Lacz. Konsultacje online to doskona\u0142y spos\u00f3b na to, \u017ceby poszerzy\u0107 swoj\u0105 wiedz\u0119 i dowiedzie\u0107 si\u0119 od najlepszych, jak poprawnie farbowa\u0107 w\u0142osy.<\/p>\n<h2>O czym b\u0119dzie szkolenie z ekspertem?<\/h2>\n<p>Podczas szkolenia online dowiesz si\u0119 mi\u0119dzy innymi:<\/p>\n<ul>\n<li>jakie s\u0105 podstawy koloryzacji Igora Royal<\/li>\n<li>co oznacza numeracja przy profesjonalnych farbach do w\u0142os\u00f3w<\/li>\n<li>jakie znaczenie ma w\u0142a\u015bciwie dobrany deweloper<\/li>\n<li>na czym polega technologia High Definition<\/li>\n<\/ul>\n<p>To naprawd\u0119 ogromna dawka wiedzy! Szkolenie b\u0119dzie trwa\u0142o oko\u0142o 35 minut. Na czacie b\u0119dziecie mie\u0107 mo\u017cliwo\u015b\u0107 zadawania pyta\u0144, na kt\u00f3re odpowie zaproszony przez nas ekspert.<\/p>\n<p>Z kim si\u0119 jutro widzimy? \ud83d\ude42 . <a href=\"https:\/\/www.youtube.com\/channel\/UCwN98vyFZ8bPWYF7Cd0EgOQ?view_as=subscriber\">Do wydarzenia mo\u017cecie do\u0142\u0105czy\u0107 klikaj\u0105c w link albo film poni\u017cej<\/a>. Koniecznie zaznaczcie dzwoneczek z przypomnieniem o szkoleniu.<\/p>\n<p><iframe loading=\"lazy\" src=\"https:\/\/www.youtube.com\/embed\/zyXD4X6HwDM\" width=\"560\" height=\"315\" frameborder=\"0\" allowfullscreen=\"allowfullscreen\"><\/iframe><\/p>\n","protected":false},"excerpt":{"rendered":"<p>Mamy dla was gor\u0105ce wie\u015bci! Ju\u017c w ten czwartek na naszym kanale na YouTube odb\u0119d\u0105 si\u0119 konsultacje online z ekspertem marki Schwarzkopf Professional, Bart\u0142omiejem Laczem. Koniecznie do\u0142\u0105czcie do naszego wydarzenia! To \u015bwietna mo\u017cliwo\u015b\u0107 na czerpanie wiedzy od specjalisty w swojej dziedzinie.<\/p>\n","protected":false},"author":8,"featured_media":13984,"comment_status":"open","ping_status":"open","sticky":false,"template":"","format":"standard","meta":{"footnotes":""},"categories":[2],"tags":[16,144],"yst_prominent_words":[9807,2467,7823,1669,9811,9812,1067,9809,9808,2733,9810,9828,7795,2198,5460,9813,9815,9804],"class_list":["post-13983","post","type-post","status-publish","format-standard","has-post-thumbnail","hentry","category-aktualnosci","tag-farbowanie-wlosow","tag-schwarzkopf"],"_links":{"self":[{"href":"https:\/\/www.hairstore.pl\/blog\/wp-json\/wp\/v2\/posts\/13983","targetHints":{"allow":["GET"]}}],"collection":[{"href":"https:\/\/www.hairstore.pl\/blog\/wp-json\/wp\/v2\/posts"}],"about":[{"href":"https:\/\/www.hairstore.pl\/blog\/wp-json\/wp\/v2\/types\/post"}],"author":[{"embeddable":true,"href":"https:\/\/www.hairstore.pl\/blog\/wp-json\/wp\/v2\/users\/8"}],"replies":[{"embeddable":true,"href":"https:\/\/www.hairstore.pl\/blog\/wp-json\/wp\/v2\/comments?post=13983"}],"version-history":[{"count":5,"href":"https:\/\/www.hairstore.pl\/blog\/wp-json\/wp\/v2\/posts\/13983\/revisions"}],"predecessor-version":[{"id":27137,"href":"https:\/\/www.hairstore.pl\/blog\/wp-json\/wp\/v2\/posts\/13983\/revisions\/27137"}],"wp:featuredmedia":[{"embeddable":true,"href":"https:\/\/www.hairstore.pl\/blog\/wp-json\/wp\/v2\/media\/13984"}],"wp:attachment":[{"href":"https:\/\/www.hairstore.pl\/blog\/wp-json\/wp\/v2\/media?parent=13983"}],"wp:term":[{"taxonomy":"category","embeddable":true,"href":"https:\/\/www.hairstore.pl\/blog\/wp-json\/wp\/v2\/categories?post=13983"},{"taxonomy":"post_tag","embeddable":true,"href":"https:\/\/www.hairstore.pl\/blog\/wp-json\/wp\/v2\/tags?post=13983"},{"taxonomy":"yst_prominent_words","embeddable":true,"href":"https:\/\/www.hairstore.pl\/blog\/wp-json\/wp\/v2\/yst_prominent_words?post=13983"}],"curies":[{"name":"wp","href":"https:\/\/api.w.org\/{rel}","templated":true}]}}