{"id":13854,"date":"2020-03-13T13:49:50","date_gmt":"2020-03-13T12:49:50","guid":{"rendered":"https:\/\/www.hairstore.pl\/blog\/?p=13854"},"modified":"2020-09-30T18:43:28","modified_gmt":"2020-09-30T16:43:28","slug":"dezynfekcja-a-skora-dloni","status":"publish","type":"post","link":"https:\/\/www.hairstore.pl\/blog\/dezynfekcja-a-skora-dloni\/","title":{"rendered":"Dezynfekujesz r\u0119ce? Nie zapomnij o ich nawil\u017caniu i nat\u0142uszczaniu"},"content":{"rendered":"<p>Cz\u0119ste mycie, a przede wszystkim dezynfekowanie r\u0105k sprawia, \u017ce d\u0142onie bardzo szybko staj\u0105 si\u0119 przesuszone, szorstkie, zaczynaj\u0105 sw\u0119dzie\u0107, a nawet p\u0119ka\u0107. Warto bardzo szybko zacz\u0105\u0107 stosowa\u0107 kremy nawil\u017caj\u0105ce do d\u0142oni, \u017ceby zapobiec tej sytuacji.<\/p>\n<p><!--more--><\/p>\n<p>Myjesz r\u0119ce kilka razy dziennie? U\u017cywasz silnych \u015brodk\u00f3w do dezynfekcji na bazie alkoholu? To nie pozostaje oboj\u0119tne dla Twoich d\u0142oni. Silne \u015brodki do dezynfekcji zabijaj\u0105 bakterie i wirusy, ale naruszaj\u0105 r\u00f3wnie\u017c dobr\u0105 flor\u0119 bakteryjn\u0105 na d\u0142oniach. W efekcie r\u0119ce staj\u0105 si\u0119 szorstkie, przesuszone, a z czasem dochodzi do mikrouszkodze\u0144. Co zrobi\u0107, \u017ceby tak si\u0119 nie sta\u0142o? Stosuj duet &#8211; p\u0142yn do dezynfekcji i <a href=\"https:\/\/www.hairstore.pl\/kremy-do-rak-c1212.html\">krem do r\u0105k<\/a>, najlepiej nawil\u017caj\u0105cy.<\/p>\n<ul class=\"article-menu\">\n<li>czy dezynfekcja jest niebezpieczna dla sk\u00f3ry d\u0142oni?<\/li>\n<li>jak cz\u0119sto my\u0107 d\u0142onie?<\/li>\n<li>czym najlepiej my\u0107 r\u0119ce?<\/li>\n<li>jak chroni\u0107 sk\u00f3r\u0119 d\u0142oni przed wysuszeniem i podra\u017cnieniami<\/li>\n<\/ul>\n<h2>Jak dezynfekcja r\u0105k wp\u0142ywa na sk\u00f3r\u0119?<\/h2>\n<p>Z pewno\u015bci\u0105 cz\u0119ste mycie r\u0105k &#8211; <a href=\"https:\/\/www.hairstore.pl\/mydla-c1231.html\">myd\u0142em czy \u017celem antybakteryjnym<\/a> &#8211; nie pozostaje oboj\u0119tne dla sk\u00f3ry d\u0142oni. Co wi\u0119cej, czyszczenie powierzchni silnymi \u015brodkami odka\u017caj\u0105cymi, bez r\u0119kawiczek, dodatkowo podra\u017cnia i przesusza d\u0142onie. Dezynfekcja, ale r\u00f3wnie\u017c ci\u0105g\u0142e mycie r\u0105k myd\u0142em, sprawia, \u017ce<strong> sk\u00f3ra staje si\u0119 szorstka, sucha, dochodzi do podra\u017cnie\u0144 czy zaka\u017ce\u0144<\/strong>. Co wi\u0119cej, w kosmetykach znajduj\u0105 si\u0119 konserwanty, kt\u00f3re w nadmiernych ilo\u015bciach mog\u0105 bardzo mocno podra\u017cnia\u0107 sk\u00f3r\u0119. A w\u0142a\u015bnie z tak\u0105 sytuacj\u0105 mamy do czynienia, je\u015bli myjemy r\u0119ce co kilkadziesi\u0105t minut. Wyj\u0105tkiem b\u0119d\u0105 myd\u0142a naturalne, bez konserwant\u00f3w.<\/p>\n<p>Je\u015bli cz\u0119sto myjesz r\u0119ce i stosujesz \u015brodki do dezynfekcji, szybko zauwa\u017cysz, \u017ce sk\u00f3ra b\u0119dzie piek\u0142a, zacznie sw\u0119dzie\u0107 i b\u0119dzie sucha.\u00a0 W takim wypadku konieczne najprawdopodobniej b\u0119dzie udanie si\u0119 do dermatologa.<\/p>\n<p>Rozwi\u0105zaniem tej sytuacji jest zdrowy rozs\u0105dek.<\/p>\n<div id=\"hsbp-1\" class=\"hsbp\"><\/div>\n<p><script src=\"https:\/\/www.hairstore.pl\/produkty_wordpress.php?dst=hsbp-1&amp;prods=10841,12295,18446,18438,16370,18264\" type=\"text\/javascript\"><\/script><\/p>\n<h2>Jak cz\u0119sto i czym my\u0107 r\u0119ce?<\/h2>\n<p>W sytuacji epidemii czy pandemii albo nawet wzmo\u017conej cz\u0119stotliwo\u015bci zachorowa\u0144, warto cz\u0119\u015bciej my\u0107 r\u0119ce. Cho\u0107 trzeba jasno i wyra\u017anie powiedzie\u0107 &#8211; r\u0119ce myjemy zawsze, niezale\u017cnie od tego, czy szaleje jaka\u015b choroba, czy nie. Myjemy, ale nie co 30 minut. Umiar to s\u0142owo klucz.<\/p>\n<p>Zalecania s\u0105 nast\u0119puj\u0105ce. D\u0142onie nale\u017cy dok\u0142adnie my\u0107 myd\u0142em przed toalet\u0105, po toalecie, przed jedzeniem, po wizycie w sklepie, a tak\u017ce profilaktycznie po dotkni\u0119ciu klamki. Warto umy\u0107 d\u0142onie po wizycie w windzie. <strong>Wa\u017cne, \u017ceby niepotrzebnie nie dotyka\u0107 twarzy &#8211; nie drap si\u0119 po twarzy, nie odgarniaj w\u0142os\u00f3w z czo\u0142a<\/strong>.<\/p>\n<p>W\u0142a\u015bnie dlatego, \u017ce ostatnio tak cz\u0119sto myjemy r\u0119ce, warto zwr\u00f3ci\u0107 uwag\u0119 na to, czym je myjemy. Wybieraj lepsze myd\u0142a, z delikatniejszymi sk\u0142adami, najlepiej nawil\u017caj\u0105ce czy regeneruj\u0105ce. Stosuj \u017cele antybakteryjne, ale z umiarem.<\/p>\n<p>Mo\u017cesz stosowa\u0107 te\u017c domowe \u017cele antybakteryjne. <a href=\"https:\/\/www.hairstore.pl\/blog\/domowy-plyn-do-dezynfekcji\/\">Sprawd\u017a, jak zrobi\u0107 p\u0142yn antybakteryjny w domu<\/a>. Przygotowali\u015bmy r\u00f3wnie\u017c przepis na \u017cel antybakteryjny bez u\u017cycia alkoholu &#8211; na bazie olejk\u00f3w eterycznych.<\/p>\n<p>Najlepsze myd\u0142a do mycia r\u0105k to te najzwyklejsze, bezbarwne, bez zapachu czy hipoalergiczne. Staraj si\u0119 ogranicza\u0107 myd\u0142a ze sztucznymi substancjami, kt\u00f3re przy zwi\u0119kszonej znacznie ilo\u015bci mog\u0105 po prostu podra\u017cni\u0107 sk\u00f3r\u0119.<\/p>\n<p>Co do \u017celi antybakteryjnych, z pewno\u015bci\u0105 nie da si\u0119 unikn\u0105\u0107 ich stosowania. Ale pami\u0119tajmy, \u017ce \u017cele antybakteryjne nie zast\u0105pi\u0105 myd\u0142a. Stosuj tego typu preparaty, gdy przebywasz poza domem, na przyk\u0142ad w pracy. Po powrocie do domu jednak umyj r\u0119ce myd\u0142em, \u017ceby zmy\u0107 resztki preparat\u00f3w antybakteryjnych.<\/p>\n<p><img decoding=\"async\" class=\"aligncenter size-full wp-image-13828\" src=\"https:\/\/www.hairstore.pl\/blog\/wp-content\/uploads\/2020\/03\/jak-dezynfekowac-rece.jpg\" alt=\"jak dezynfekowa\u0107 r\u0119ce, jak my\u0107 r\u0119ce\" width=\"1200\" height=\"1641\" srcset=\"https:\/\/www.hairstore.pl\/blog\/wp-content\/uploads\/2020\/03\/jak-dezynfekowac-rece.jpg 800w, https:\/\/www.hairstore.pl\/blog\/wp-content\/uploads\/2020\/03\/jak-dezynfekowac-rece-219x300.jpg 219w, https:\/\/www.hairstore.pl\/blog\/wp-content\/uploads\/2020\/03\/jak-dezynfekowac-rece-768x1050.jpg 768w, https:\/\/www.hairstore.pl\/blog\/wp-content\/uploads\/2020\/03\/jak-dezynfekowac-rece-749x1024.jpg 749w\" sizes=\"(max-width: 1200px) 100vw, 1200px\" \/><\/p>\n<h2>Nawil\u017caj i nat\u0142uszczaj d\u0142onie. Koniecznie!<\/h2>\n<p>Trzeba te\u017c zadba\u0107 o d\u0142onie &#8211; i to zanim pojawi\u0105 si\u0119 problemy ze sk\u00f3r\u0105. W okresie cz\u0119stego mycia r\u0105k i dezynfekcji, stosuj kremy nawil\u017caj\u0105ce i regeneruj\u0105ce. Na noc stosuj kuracje regeneruj\u0105ce. <strong>Nadmierna higiena r\u0105k prowadzi\u0107 mo\u017ce do wyja\u0142owienia i wysuszenia sk\u00f3ry &#8211; i dlatego trzeba profilaktycznie stosowa\u0107 kremy do r\u0105k<\/strong>.<\/p>\n<div id=\"hsbp-2\" class=\"hsbp\"><\/div>\n<p><script src=\"https:\/\/www.hairstore.pl\/produkty_wordpress.php?dst=hsbp-2&amp;prods=3548,18357,17244,21608,3623,21580,19687\" type=\"text\/javascript\"><\/script><br \/>\nO czym warto pami\u0119ta\u0107?<\/p>\n<p>Bardzo wa\u017cne, \u017ceby stara\u0107 si\u0119 nie dotyka\u0107 twarzy d\u0142o\u0144mi. Na r\u0119kach zostaj\u0105 resztki substancji antybakteryjnych czy krem\u00f3w, nawet je\u015bli ich nie czujesz. A poniewa\u017c mo\u017cna wr\u0119cz powiedzie\u0107 o namno\u017ceniu takich substancji na r\u0119kach, stanowi to zagro\u017cenie dla delikatnej sk\u00f3ry twarzy. S<strong>ubstancje konserwuj\u0105ce zawarte w \u017celach i p\u0142ynach antybakteryjnych ze sklepu, ale tak\u017ce w niekt\u00f3rych myd\u0142ach do r\u0105k, mog\u0105 podra\u017cni\u0107 sk\u00f3r\u0119 twarzy. Z czasem mo\u017ce doj\u015b\u0107 do uczulenia, podra\u017cnienia czy nawet chor\u00f3b dermatologicznych<\/strong>.<\/p>\n<p>Pami\u0119taj:<\/p>\n<ul>\n<li>Staraj si\u0119 wybiera\u0107 produkty bez konserwant\u00f3w.<\/li>\n<li>Zachowaj umiar w stosowaniu \u017celi antybakteryjnych.<\/li>\n<li>Myj dok\u0142adnie r\u0119ce, najlepiej myd\u0142ami z jak najprostszym sk\u0142adem.<\/li>\n<li>Nie dotykaj d\u0142o\u0144mi niepotrzebnie twarzy.<\/li>\n<li>Pami\u0119taj o nat\u0142uszczaniu i nawil\u017caniu. Stosuj kremy do r\u0105k i kuracje.<\/li>\n<\/ul>\n<p>Musimy zda\u0107 sobie spraw\u0119, \u017ce wysuszona i wyja\u0142owiona sk\u00f3ra mo\u017ce zacz\u0105\u0107 p\u0119ka\u0107. A to kolei stwarza <strong>ryzyko zaka\u017ce\u0144<\/strong>. Umiar, zdrowy rozs\u0105dek i odpowiedzialne podej\u015bcie do higieny i bezpiecze\u0144stwa &#8211; to w\u0142a\u015bnie o tym powinni\u015bmy przede wszystkim pami\u0119ta\u0107.<\/p>\n","protected":false},"excerpt":{"rendered":"<p>Cz\u0119ste mycie, a przede wszystkim dezynfekowanie r\u0105k sprawia, \u017ce d\u0142onie bardzo szybko staj\u0105 si\u0119 przesuszone, szorstkie, zaczynaj\u0105 sw\u0119dzie\u0107, a nawet p\u0119ka\u0107. Warto bardzo szybko zacz\u0105\u0107 stosowa\u0107 kremy nawil\u017caj\u0105ce do d\u0142oni, \u017ceby zapobiec tej sytuacji.<\/p>\n","protected":false},"author":8,"featured_media":13859,"comment_status":"open","ping_status":"open","sticky":false,"template":"","format":"standard","meta":{"footnotes":""},"categories":[11],"tags":[],"yst_prominent_words":[6836,9636,9640,9634,9630,9561,9623,9622,9632,9627,9637,7236,9624,3139,9641,9626,9635,9642,9633,9638],"class_list":["post-13854","post","type-post","status-publish","format-standard","has-post-thumbnail","hentry","category-porady"],"_links":{"self":[{"href":"https:\/\/www.hairstore.pl\/blog\/wp-json\/wp\/v2\/posts\/13854","targetHints":{"allow":["GET"]}}],"collection":[{"href":"https:\/\/www.hairstore.pl\/blog\/wp-json\/wp\/v2\/posts"}],"about":[{"href":"https:\/\/www.hairstore.pl\/blog\/wp-json\/wp\/v2\/types\/post"}],"author":[{"embeddable":true,"href":"https:\/\/www.hairstore.pl\/blog\/wp-json\/wp\/v2\/users\/8"}],"replies":[{"embeddable":true,"href":"https:\/\/www.hairstore.pl\/blog\/wp-json\/wp\/v2\/comments?post=13854"}],"version-history":[{"count":9,"href":"https:\/\/www.hairstore.pl\/blog\/wp-json\/wp\/v2\/posts\/13854\/revisions"}],"predecessor-version":[{"id":14069,"href":"https:\/\/www.hairstore.pl\/blog\/wp-json\/wp\/v2\/posts\/13854\/revisions\/14069"}],"wp:featuredmedia":[{"embeddable":true,"href":"https:\/\/www.hairstore.pl\/blog\/wp-json\/wp\/v2\/media\/13859"}],"wp:attachment":[{"href":"https:\/\/www.hairstore.pl\/blog\/wp-json\/wp\/v2\/media?parent=13854"}],"wp:term":[{"taxonomy":"category","embeddable":true,"href":"https:\/\/www.hairstore.pl\/blog\/wp-json\/wp\/v2\/categories?post=13854"},{"taxonomy":"post_tag","embeddable":true,"href":"https:\/\/www.hairstore.pl\/blog\/wp-json\/wp\/v2\/tags?post=13854"},{"taxonomy":"yst_prominent_words","embeddable":true,"href":"https:\/\/www.hairstore.pl\/blog\/wp-json\/wp\/v2\/yst_prominent_words?post=13854"}],"curies":[{"name":"wp","href":"https:\/\/api.w.org\/{rel}","templated":true}]}}