{"id":13605,"date":"2020-02-10T09:43:51","date_gmt":"2020-02-10T08:43:51","guid":{"rendered":"https:\/\/www.hairstore.pl\/blog\/?p=13605"},"modified":"2020-09-30T18:43:29","modified_gmt":"2020-09-30T16:43:29","slug":"oscary-2020-fryzury","status":"publish","type":"post","link":"https:\/\/www.hairstore.pl\/blog\/oscary-2020-fryzury\/","title":{"rendered":"Oscary 2020: przegl\u0105d fryzur. Czyli jak w tym roku gwiazdy zadawa\u0142y szyku na czerwonym dywanie?"},"content":{"rendered":"<p>Co prawda Polska w tym roku musia\u0142a obej\u015b\u0107 si\u0119 smakiem, bo film Janka Komasy &#8222;Bo\u017ce Cia\u0142o&#8221; nie zdoby\u0142 statuetki, jednak\u017ce sama gala rozdania Oscar\u00f3w\u00a0 tak czy siak stanowi nie lada gratk\u0119 nie tylko dla fan\u00f3w kina. Co roku jest to r\u00f3wnie\u017c \u015bwietna okazja, \u017ceby ogl\u0105da\u0107 pi\u0119kne kreacje &#8211; bardziej lub mniej wymy\u015blne &#8211; czy te\u017c fryzury. My oczywi\u015bcie, jak mo\u017cecie si\u0119 domy\u015bla\u0107, skupili\u015bmy uwag\u0119 na fryzurach. I mamy dla Was \u015bwie\u017c\u0105 porcj\u0119 zdj\u0119\u0107 prosto z rozdania Oscar\u00f3w 2020.<\/p>\n<p><!--more--><\/p>\n<p>Oscary 2020 ju\u017c za nami. W tym roku wielki sukces odni\u00f3s\u0142 Jan Komasa. Nie ma w\u0105tpliwo\u015bci, \u017ce znalezienie si\u0119 w\u015br\u00f3d nominowanych jest ogromnym wyr\u00f3\u017cnieniem, a brak statuetki nie umniejsza tego\u017c sukcesu. My jednak najlepiej znamy si\u0119 na w\u0142osach, dlatego czym pr\u0119dzej przygotowali\u015bmy dla Was <strong>zestawienie fryzur z Oscar\u00f3w 2020<\/strong>. Zdradzimy tylko, \u017ce w tym roku by\u0142o do\u015b\u0107&#8230; zachowawczo i nikt nie zaszokowa\u0142 wymy\u015bln\u0105 czy dziwn\u0105 fryzur\u0105. No mo\u017ce poza Billie Eilish. Z drugiej strony jednak ta piosenkarka z pewno\u015bci\u0105 bardziej by zaszokowa\u0142a, gdyby zdecydowa\u0142a si\u0119 na tradycyjn\u0105 sukienk\u0119 i eleganck\u0105 fryzur\u0119. Do jej nietypowego image&#8217;u jeste\u015bmy chyba wszyscy przyzwyczajeni.<\/p>\n<h2>Oscary 2020- fryzury z kr\u00f3tkich w\u0142os\u00f3w<\/h2>\n<p>Zacznijmy od kr\u00f3tkich w\u0142os\u00f3w. Zdecydowanie bajecznie wygl\u0105da\u0142a Natalie Portman. Gwiazda zdecydowa\u0142a si\u0119 na lekkie fale i przedzia\u0142ek na \u015brodku. Jej look mo\u017cna okre\u015bli\u0107 nawet jako majestatyczny.<\/p>\n<p><strong>Chcesz wygl\u0105da\u0107 jak Natalie Portman?<\/strong> <a href=\"https:\/\/www.hairstore.pl\/blog\/jak-zrobic-loki-na-wlosach\/\">Sprawd\u017a jak zrobi\u0107 fale na w\u0142osach<\/a>.<\/p>\n<p>Charlize Theron postawi\u0142a na g\u0142adkie w\u0142osy i przedzia\u0142ek na boku. Na &#8222;b\u0142yszczenie&#8221; i podobn\u0105, nieco ulizan\u0105 fryzur\u0119 zdecydowa\u0142a si\u0119 r\u00f3wnie\u017c Caitriona Balfe.Nam ten look bardzo przypomina trend, o kt\u00f3rym jaki\u015b czas temu pisali\u015bmy &#8211; <a href=\"https:\/\/www.hairstore.pl\/blog\/glass-hair-czyli-goracy-trend-na-jesien\/\">glass hair<\/a>.<\/p>\n<figure id=\"attachment_13606\" aria-describedby=\"caption-attachment-13606\" style=\"width: 1200px\" class=\"wp-caption aligncenter\"><img decoding=\"async\" class=\"wp-image-13606 size-full\" src=\"https:\/\/www.hairstore.pl\/blog\/wp-content\/uploads\/2020\/02\/fryzury-oscary.jpg\" alt=\"oscary 2020, fryzury kr\u00f3tkie w\u0142osy\" width=\"1200\" height=\"675\" srcset=\"https:\/\/www.hairstore.pl\/blog\/wp-content\/uploads\/2020\/02\/fryzury-oscary.jpg 800w, https:\/\/www.hairstore.pl\/blog\/wp-content\/uploads\/2020\/02\/fryzury-oscary-300x169.jpg 300w, https:\/\/www.hairstore.pl\/blog\/wp-content\/uploads\/2020\/02\/fryzury-oscary-768x432.jpg 768w, https:\/\/www.hairstore.pl\/blog\/wp-content\/uploads\/2020\/02\/fryzury-oscary-1024x576.jpg 1024w\" sizes=\"(max-width: 1200px) 100vw, 1200px\" \/><figcaption id=\"caption-attachment-13606\" class=\"wp-caption-text\">\u0179r\u00f3d\u0142o: vogue.pl<\/figcaption><\/figure>\n<h2>Fryzury z d\u0142ugich w\u0142os\u00f3w na rozdaniu Oscar\u00f3w 2020<\/h2>\n<p>Je\u015bli chodzi o d\u0142ugie w\u0142osy, w tym roku dominowa\u0142y <strong>proste, rozpuszczone w\u0142os<\/strong>y. Gwiazdy raczej nie decydowa\u0142y si\u0119 na wymy\u015blne upi\u0119cia, postawi\u0142y na klasyczny look. Spojrze\u0107 mo\u017cna chocia\u017cby na Penelope Cruz czy Lily Aldridge. Z kolei Margot Robbie wybra\u0142a delikatne fale w stylu Hollywood.<\/p>\n<p><strong>Szykujesz si\u0119 na wielkie wyj\u015bcie? Chcesz wygl\u0105da\u0107 jak gwiazda? Zainspiruj si\u0119 nasz\u0105 galeri\u0119 z fryzurami<\/strong>: <a href=\"https:\/\/www.hairstore.pl\/blog\/loki-w-stylu-hollywood\/\">Loki i fale w stylu Hollywood<\/a>.<\/p>\n<figure id=\"attachment_13607\" aria-describedby=\"caption-attachment-13607\" style=\"width: 1200px\" class=\"wp-caption aligncenter\"><img decoding=\"async\" class=\"wp-image-13607 size-full\" src=\"https:\/\/www.hairstore.pl\/blog\/wp-content\/uploads\/2020\/02\/dlugie-wlosy-fryzury-oscary-2020.jpg\" alt=\"d\u0142ugie wlosy, fryzury na oscarach, oscary 2020\" width=\"1200\" height=\"675\" srcset=\"https:\/\/www.hairstore.pl\/blog\/wp-content\/uploads\/2020\/02\/dlugie-wlosy-fryzury-oscary-2020.jpg 800w, https:\/\/www.hairstore.pl\/blog\/wp-content\/uploads\/2020\/02\/dlugie-wlosy-fryzury-oscary-2020-300x169.jpg 300w, https:\/\/www.hairstore.pl\/blog\/wp-content\/uploads\/2020\/02\/dlugie-wlosy-fryzury-oscary-2020-768x432.jpg 768w, https:\/\/www.hairstore.pl\/blog\/wp-content\/uploads\/2020\/02\/dlugie-wlosy-fryzury-oscary-2020-1024x576.jpg 1024w\" sizes=\"(max-width: 1200px) 100vw, 1200px\" \/><figcaption id=\"caption-attachment-13607\" class=\"wp-caption-text\">\u0179r\u00f3d\u0142o: vogue.pl<\/figcaption><\/figure>\n<p>Na czerwonym dywanie pojawi\u0142o si\u0119 te\u017c kilka upi\u0119\u0107, przy czym na pr\u00f3\u017cno by\u0142o szuka\u0107 spektakularnych kok\u00f3w czy pi\u00f3r we w\u0142osach. Je\u015bli upi\u0119cia, to raczej klasyczne i stonowane, jak u Gal Gadot czy\u00a0Scarlett Johansson albo Grety Gerwing. Na nieco inn\u0105 fryzur\u0119 zdecydowa\u0142a si\u0119 Florence Pugh &#8211; nam przypomina ona niedba\u0142y <a href=\"https:\/\/www.hairstore.pl\/blog\/proste-i-szybkie-fryzury\/\">top knot<\/a>. Z kolei Margaret Qualley udowodni\u0142a, \u017ce warkocze nadal s\u0105 modne i jeszcze d\u0142ugo nie przejd\u0105 do lamusa.<\/p>\n<p>Nie spos\u00f3b nie wspomnie\u0107 o Billie Eilish, kt\u00f3ra tradycyjnie ju\u017c wyr\u00f3\u017cnia\u0142a si\u0119 z t\u0142umu. Obok jej kolorowych w\u0142os\u00f3w (<a href=\"https:\/\/www.hairstore.pl\/blog\/kolorowe-odrosty-trend-2020\/\">o kolorowych odrostach pisali\u015bmy ju\u017c jaki\u015b czas temu<\/a>) nie spos\u00f3b przej\u015b\u0107 oboj\u0119tnie.<\/p>\n<figure id=\"attachment_13609\" aria-describedby=\"caption-attachment-13609\" style=\"width: 1200px\" class=\"wp-caption aligncenter\"><img decoding=\"async\" class=\"wp-image-13609 size-full\" src=\"https:\/\/www.hairstore.pl\/blog\/wp-content\/uploads\/2020\/02\/dziwne-wlosy-fryzury-oscary.jpg\" alt=\"oscary 2020 fryzury\" width=\"1200\" height=\"675\" srcset=\"https:\/\/www.hairstore.pl\/blog\/wp-content\/uploads\/2020\/02\/dziwne-wlosy-fryzury-oscary.jpg 800w, https:\/\/www.hairstore.pl\/blog\/wp-content\/uploads\/2020\/02\/dziwne-wlosy-fryzury-oscary-300x169.jpg 300w, https:\/\/www.hairstore.pl\/blog\/wp-content\/uploads\/2020\/02\/dziwne-wlosy-fryzury-oscary-768x432.jpg 768w, https:\/\/www.hairstore.pl\/blog\/wp-content\/uploads\/2020\/02\/dziwne-wlosy-fryzury-oscary-1024x576.jpg 1024w\" sizes=\"(max-width: 1200px) 100vw, 1200px\" \/><figcaption id=\"caption-attachment-13609\" class=\"wp-caption-text\">\u0179r\u00f3d\u0142o: vogue.pl, elle.pl<\/figcaption><\/figure>\n<figure id=\"attachment_13610\" aria-describedby=\"caption-attachment-13610\" style=\"width: 1200px\" class=\"wp-caption aligncenter\"><img decoding=\"async\" class=\"wp-image-13610 size-full\" src=\"https:\/\/www.hairstore.pl\/blog\/wp-content\/uploads\/2020\/02\/oscary-2020.jpg\" alt=\"fryzury oscary 2020. oscary 2020, fryzury gwiazd\" width=\"1200\" height=\"675\" srcset=\"https:\/\/www.hairstore.pl\/blog\/wp-content\/uploads\/2020\/02\/oscary-2020.jpg 800w, https:\/\/www.hairstore.pl\/blog\/wp-content\/uploads\/2020\/02\/oscary-2020-300x169.jpg 300w, https:\/\/www.hairstore.pl\/blog\/wp-content\/uploads\/2020\/02\/oscary-2020-768x432.jpg 768w, https:\/\/www.hairstore.pl\/blog\/wp-content\/uploads\/2020\/02\/oscary-2020-1024x576.jpg 1024w\" sizes=\"(max-width: 1200px) 100vw, 1200px\" \/><figcaption id=\"caption-attachment-13610\" class=\"wp-caption-text\">\u0179r\u00f3d\u0142o: vogue.pl, glamour.pl<\/figcaption><\/figure>\n<h2>A mo\u017ce dodatki?<\/h2>\n<p>W\u015br\u00f3d fryzur z dodatkami nasz\u0105 uwag\u0119 zwr\u00f3ci\u0142y szczeg\u00f3lnie trzy uczesania. Na pocz\u0105tek Lucy Boynton z per\u0142ami we w\u0142osach &#8211; misternie wplecionymi w przedzia\u0142ek. Pami\u0119tacie pewnie, \u017ce ju\u017c jaki\u015b czas temu wskazywali\u015bmy, \u017ce <a href=\"https:\/\/www.hairstore.pl\/blog\/kucyki-glamour\/\">per\u0142y s\u0105 jednym z najmodniejszych dodatk\u00f3w do w\u0142os\u00f3w ostatnich miesi\u0119cy<\/a>.<\/p>\n<figure id=\"attachment_13608\" aria-describedby=\"caption-attachment-13608\" style=\"width: 1200px\" class=\"wp-caption aligncenter\"><img decoding=\"async\" class=\"wp-image-13608 size-full\" src=\"https:\/\/www.hairstore.pl\/blog\/wp-content\/uploads\/2020\/02\/fryzuey-oscary-2020.jpg\" alt=\"fryzury oscary 2020\" width=\"1200\" height=\"675\" srcset=\"https:\/\/www.hairstore.pl\/blog\/wp-content\/uploads\/2020\/02\/fryzuey-oscary-2020.jpg 800w, https:\/\/www.hairstore.pl\/blog\/wp-content\/uploads\/2020\/02\/fryzuey-oscary-2020-300x169.jpg 300w, https:\/\/www.hairstore.pl\/blog\/wp-content\/uploads\/2020\/02\/fryzuey-oscary-2020-768x432.jpg 768w, https:\/\/www.hairstore.pl\/blog\/wp-content\/uploads\/2020\/02\/fryzuey-oscary-2020-1024x576.jpg 1024w\" sizes=\"(max-width: 1200px) 100vw, 1200px\" \/><figcaption id=\"caption-attachment-13608\" class=\"wp-caption-text\">\u0179r\u00f3d\u0142o: vogue.pl. elle.pl<\/figcaption><\/figure>\n<p>Nieco przewrotn\u0105 fryzur\u0119 w tym roku wybra\u0142a Salma Hayek. Na jej g\u0142owie zago\u015bci\u0142 wi\u0119kszy kok i co\u015b w rodzaju diademu. Przewrotnie, bo w tym roku na rozdaniu Oscar\u00f3w najcz\u0119\u015bciej widzieli\u015bmy raczej &#8222;spokojne&#8221;, tradycyjne fryzury. Salma, w bia\u0142ej kreacji, na Oscarach 2020 wygl\u0105da\u0142a za to niczym grecka bogini, kt\u00f3ra na chwil\u0119 zesz\u0142a z Olimpu, \u017ceby bawi\u0107 si\u0119 ze \u015bmiertelnikami.<\/p>\n<p>Bardzo ciekawie prezentowa\u0142a si\u0119 r\u00f3wnie\u017c America Ferrera. Do swoich ciemnych, prostych w\u0142os\u00f3w doda\u0142a z\u0142ot\u0105 opask\u0119, kt\u00f3ra \u015bwietnie wsp\u00f3\u0142gra\u0142a z czerwon\u0105 sukni\u0105. Musicie przyzna\u0107, \u017ce aktorka cudownie prezentowa\u0142a si\u0119 na rozdaniu Oscar\u00f3w 2020.<\/p>\n<p>A Wam jaka fryzura z gali oscarowej podoba\u0142a si\u0119 najbardziej? Co my\u015blicie o trendzie, kt\u00f3ry obserwujemy ju\u017c od jakiego\u015b czasu &#8211; a mianowicie o odchodzeniu od dziwacznych, wymy\u015blnych fryzur?<\/p>\n<p>Ciekawe, jak gwiazdy zaskocz\u0105 nas za rok.<\/p>\n","protected":false},"excerpt":{"rendered":"<p>Co prawda Polska w tym roku musia\u0142a obej\u015b\u0107 si\u0119 smakiem, bo film Janka Komasy &#8222;Bo\u017ce Cia\u0142o&#8221; nie zdoby\u0142 statuetki, jednak\u017ce sama gala rozdania Oscar\u00f3w\u00a0 tak czy siak stanowi nie lada gratk\u0119 nie tylko dla fan\u00f3w kina. Co roku jest to r\u00f3wnie\u017c \u015bwietna okazja, \u017ceby ogl\u0105da\u0107 pi\u0119kne kreacje &#8211; bardziej lub mniej wymy\u015blne &#8211; czy te\u017c [&hellip;]<\/p>\n","protected":false},"author":8,"featured_media":13611,"comment_status":"open","ping_status":"open","sticky":false,"template":"","format":"standard","meta":{"footnotes":""},"categories":[2],"tags":[],"yst_prominent_words":[8776,8063,9196,9195,9188,3025,9194,5005,9185,9193,5006,9190,9191,1793,9201,9200,704,737,9198,9199],"class_list":["post-13605","post","type-post","status-publish","format-standard","has-post-thumbnail","hentry","category-aktualnosci"],"_links":{"self":[{"href":"https:\/\/www.hairstore.pl\/blog\/wp-json\/wp\/v2\/posts\/13605","targetHints":{"allow":["GET"]}}],"collection":[{"href":"https:\/\/www.hairstore.pl\/blog\/wp-json\/wp\/v2\/posts"}],"about":[{"href":"https:\/\/www.hairstore.pl\/blog\/wp-json\/wp\/v2\/types\/post"}],"author":[{"embeddable":true,"href":"https:\/\/www.hairstore.pl\/blog\/wp-json\/wp\/v2\/users\/8"}],"replies":[{"embeddable":true,"href":"https:\/\/www.hairstore.pl\/blog\/wp-json\/wp\/v2\/comments?post=13605"}],"version-history":[{"count":3,"href":"https:\/\/www.hairstore.pl\/blog\/wp-json\/wp\/v2\/posts\/13605\/revisions"}],"predecessor-version":[{"id":13614,"href":"https:\/\/www.hairstore.pl\/blog\/wp-json\/wp\/v2\/posts\/13605\/revisions\/13614"}],"wp:featuredmedia":[{"embeddable":true,"href":"https:\/\/www.hairstore.pl\/blog\/wp-json\/wp\/v2\/media\/13611"}],"wp:attachment":[{"href":"https:\/\/www.hairstore.pl\/blog\/wp-json\/wp\/v2\/media?parent=13605"}],"wp:term":[{"taxonomy":"category","embeddable":true,"href":"https:\/\/www.hairstore.pl\/blog\/wp-json\/wp\/v2\/categories?post=13605"},{"taxonomy":"post_tag","embeddable":true,"href":"https:\/\/www.hairstore.pl\/blog\/wp-json\/wp\/v2\/tags?post=13605"},{"taxonomy":"yst_prominent_words","embeddable":true,"href":"https:\/\/www.hairstore.pl\/blog\/wp-json\/wp\/v2\/yst_prominent_words?post=13605"}],"curies":[{"name":"wp","href":"https:\/\/api.w.org\/{rel}","templated":true}]}}