{"id":13435,"date":"2020-01-13T11:51:37","date_gmt":"2020-01-13T10:51:37","guid":{"rendered":"https:\/\/www.hairstore.pl\/blog\/?p=13435"},"modified":"2020-09-30T18:43:45","modified_gmt":"2020-09-30T16:43:45","slug":"kokardy-do-wlosow","status":"publish","type":"post","link":"https:\/\/www.hairstore.pl\/blog\/kokardy-do-wlosow\/","title":{"rendered":"TREND ALERT: Kokardy do w\u0142os\u00f3w wracaj\u0105 do \u0142ask. To b\u0119dzie hit 2020 roku!"},"content":{"rendered":"<p>Po frotkach do w\u0142os\u00f3w, spinkach i apaszkach przysz\u0142a pora na kolejny powr\u00f3t. Ot\u00f3\u017c jednym z najmodniejszych dodatk\u00f3w tego roku b\u0119d\u0105&#8230; kokardy do w\u0142os\u00f3w. I je\u015bli do tej pory ten dodatek kojarzy\u0142 Ci si\u0119 raczej z wysok\u0105 kitk\u0105 i dziewczynkami w kolan\u00f3wkach i sp\u00f3dniczkach, zatrzymaj si\u0119 na chwil\u0119. Poka\u017cemy Ci, jak modnie nosi\u0107 kokardy do w\u0142os\u00f3w i jak sprawi\u0107, \u017ceby ten dodatek sta\u0142 si\u0119 Twoim ulubionym.<\/p>\n<p><!--more--><\/p>\n<p>Nosi\u0142a\u015b w dzieci\u0144stwie kokardy? Ja tak, to by\u0142 jeden z ulubionych dodatk\u00f3w do w\u0142os\u00f3w mojej mamy. Dowodami w tej sprawie s\u0105 liczne zdj\u0119cia w rodzinnym albumie pyzatej dziewczynki u\u015bmiechni\u0119tej od ucha do ucha z dwiema kitkami przewi\u0105zanymi ogromnymi kokardami. Nosi\u0142am dwa kolory &#8211; niebieskie i czerwone kokardy. Takie z aksamitu, \u015bliskie, oczywi\u015bcie d\u0142ugie, widoczne z daleka. Raz za zrobienie mi fryzury zabra\u0142 si\u0119 tata. Zrobi\u0142 mi kitk\u0119 na samym czubku g\u0142owy (mistrz, podszed\u0142 do tego zadania jak prawdziwy in\u017cynier!) i oczywi\u015bcie przewi\u0105za\u0142 j\u0105 ogromn\u0105 kokard\u0105. Szli\u015bmy wtedy do cyrku. To by\u0142a jedna z pierwszych wypraw do cyrku w moim \u017cyciu! I c\u00f3\u017c, powiem tak &#8211; ta ekstrawagancka fryzura idealnie nadawa\u0142a si\u0119 do cyrku. Dzisiaj na szcz\u0119\u015bcie ju\u017c wiem, jak nosi\u0107 kokardy. I ch\u0119tnie Ci to poka\u017c\u0119.<\/p>\n<ul class=\"article-menu article-menu-v2\">\n<li>jakie kokardy do w\u0142os\u00f3w s\u0105 modne w 2020 roku<\/li>\n<li>jak nosi\u0107 kokardy do w\u0142os\u00f3w<\/li>\n<li>pomys\u0142y na modne upi\u0119cia, kucyki i inne damskie fryzury<\/li>\n<\/ul>\n<h2>Wielki powr\u00f3t retro dodatk\u00f3w do w\u0142os\u00f3w<\/h2>\n<p>Ju\u017c w poprzednim roku wida\u0107 by\u0142o, \u017ce dodatki retro do w\u0142os\u00f3w, kt\u00f3re doskonale znamy ze swojego dzieci\u0144stwa, powracaj\u0105. Na wybiegach modowych, ale te\u017c na uroczystych galach &#8211; a przede wszystkim w social mediach &#8211; zacz\u0119\u0142y najpierw pojawia\u0107 si\u0119 <a href=\"https:\/\/www.hairstore.pl\/blog\/trend-alert-ozdobne-spinki-czyli-jak-nosic-najmodniejszy-dodatek-sezonu-wiosna-lato-2019\/\">spinki do w\u0142os\u00f3w<\/a>, potem przysz\u0142a <a href=\"https:\/\/www.hairstore.pl\/blog\/chusta-fryzury-na-lato\/\">moda na apaszki jak dodatek do letnich fryzur<\/a>, a w ko\u0144cu nasta\u0142 czas starych, dobrych <a href=\"https:\/\/www.hairstore.pl\/blog\/frotka-do-wlosow-trendy-2019\/\">frotek<\/a>. Lubimy wraca\u0107 do tego, co by\u0142o, a moda zatacza ko\u0142o. Stare dodatki, kt\u00f3re dumnie nosi\u0142y\u015bmy na w\u0142osach w drodze do szko\u0142y z kolorowym plecakiem w pieski czy kotki, dzisiaj poddawane s\u0105 dekonstrukcji, redefinicji &#8211; i wychodzi z tego co\u015b naprawd\u0119 ciekawego.<\/p>\n<p>Podobnie sprawa ma si\u0119 z kokardami do w\u0142os\u00f3w. <strong>To ci\u0105gle tradycyjne kokardy, jednak noszone i wi\u0105zane nieco inaczej<\/strong>. Raczej trudno dzi\u015b zobaczy\u0107 kobiet\u0119 z dwiema kitkami po bokach i ogromnymi, po\u0142yskuj\u0105cymi w s\u0142o\u0144cu kokardami (na podw\u00f3rku by\u0142am gwiazd\u0105!). <strong>Kr\u00f3luj\u0105 kokardy z zamszu i innych mi\u0119kkich materia\u0142\u00f3w, raczej cienkie i d\u0142u\u017csze, cho\u0107 nie zawsze<\/strong>.<\/p>\n<p>Przyjrzyjmy si\u0119 temu bli\u017cej. Zbadajmy kokardowe szale\u0144stwo. Dokona\u0142am przegl\u0105du fryzur z kokardami do w\u0142os\u00f3w, a gar\u015b\u0107 inspiracji umie\u015bci\u0142am poni\u017cej. Jestem pewna, \u017ce przynajmniej niekt\u00f3re z tych fryzur Ci si\u0119 spodobaj\u0105 i zapragniesz ma\u0142ego powrotu do dzieci\u0144stwa. Kokardy w doros\u0142ej wersji wygl\u0105daj\u0105 naprawd\u0119 szykownie.<\/p>\n<figure id=\"attachment_13437\" aria-describedby=\"caption-attachment-13437\" style=\"width: 1200px\" class=\"wp-caption aligncenter\"><img decoding=\"async\" class=\"size-full wp-image-13437\" src=\"https:\/\/www.hairstore.pl\/blog\/wp-content\/uploads\/2020\/01\/fryzury-z-kokarda.jpg\" alt=\"kokardy do w\u0142os\u00f3w, trendy 2020, fryzury z kokard\u0105\" width=\"1200\" height=\"675\" srcset=\"https:\/\/www.hairstore.pl\/blog\/wp-content\/uploads\/2020\/01\/fryzury-z-kokarda.jpg 800w, https:\/\/www.hairstore.pl\/blog\/wp-content\/uploads\/2020\/01\/fryzury-z-kokarda-300x169.jpg 300w, https:\/\/www.hairstore.pl\/blog\/wp-content\/uploads\/2020\/01\/fryzury-z-kokarda-768x432.jpg 768w, https:\/\/www.hairstore.pl\/blog\/wp-content\/uploads\/2020\/01\/fryzury-z-kokarda-1024x576.jpg 1024w\" sizes=\"(max-width: 1200px) 100vw, 1200px\" \/><figcaption id=\"caption-attachment-13437\" class=\"wp-caption-text\">\u0179r\u00f3d\u0142o:\u00a0weddingforward.com,\u00a0southernliving.com,\u00a0galmeetsglam.com<\/figcaption><\/figure>\n<h2>Kokardy do w\u0142os\u00f3w &#8211; najmodniejszy dodatek tego roku!<\/h2>\n<p>Rok 2020 to zdecydowanie czas kokard! Widzimy je w social mediach, na wybiegach, na blogach modowych. I nic dziwnego, bo dodatek ten dodaje uroku, jest niezwykle kobiecy, staje si\u0119 przys\u0142owiow\u0105 kropk\u0105 nad i &#8211; przy czym &#8222;i&#8221; to Twoja nieziemska fryzura.<\/p>\n<p>A jak mo\u017cna nosi\u0107 kokardy? W zasadzie jak tylko chcesz! <strong>Kokarda do w\u0142os\u00f3w uzupe\u0142ni kitk\u0119, kucyk, upi\u0119cie, warkocz, mo\u017ce by\u0107 te\u017c u\u017cyta w charakterze spinki na w\u0142osach rozpuszczonych<\/strong>. Spokojnie, zaraz wszystko Ci poka\u017c\u0119.<\/p>\n<figure id=\"attachment_13438\" aria-describedby=\"caption-attachment-13438\" style=\"width: 1200px\" class=\"wp-caption aligncenter\"><img decoding=\"async\" class=\"size-full wp-image-13438\" src=\"https:\/\/www.hairstore.pl\/blog\/wp-content\/uploads\/2020\/01\/kokarda-rude-wlosy.jpg\" alt=\"fryzury z kokard\u0105 do w\u0142os\u00f3w, fryzury dla dlugich w\u0142os\u00f3w, jak modnie nosi\u0107 kokard\u0119\" width=\"1200\" height=\"675\" srcset=\"https:\/\/www.hairstore.pl\/blog\/wp-content\/uploads\/2020\/01\/kokarda-rude-wlosy.jpg 800w, https:\/\/www.hairstore.pl\/blog\/wp-content\/uploads\/2020\/01\/kokarda-rude-wlosy-300x169.jpg 300w, https:\/\/www.hairstore.pl\/blog\/wp-content\/uploads\/2020\/01\/kokarda-rude-wlosy-768x432.jpg 768w, https:\/\/www.hairstore.pl\/blog\/wp-content\/uploads\/2020\/01\/kokarda-rude-wlosy-1024x576.jpg 1024w\" sizes=\"(max-width: 1200px) 100vw, 1200px\" \/><figcaption id=\"caption-attachment-13438\" class=\"wp-caption-text\">\u0179r\u00f3d\u0142o:\u00a0brit.co,\u00a0lazygirl.neuefrisuren.club,\u00a0glaminati.com<\/figcaption><\/figure>\n<h2>Upi\u0119cia i kokardy &#8211; pokochasz to po\u0142\u0105czenie<\/h2>\n<p>Kokarda stanowi doskona\u0142y dodatek do upi\u0119\u0107 do w\u0142os\u00f3w. Z jednej strony ca\u0142a fryzura staje si\u0119 ciekawsza, a z drugiej jakby l\u017cejsza. <strong>Kokarda dodaje uroku, kobieco\u015bci, delikatno\u015bci<\/strong>. W przypadku upi\u0119\u0107 najlepiej sprawdz\u0105 si\u0119 mniejsze kokardy. Te cienkie albo tradycyjne, w formie spinki.<\/p>\n<figure id=\"attachment_13439\" aria-describedby=\"caption-attachment-13439\" style=\"width: 1200px\" class=\"wp-caption aligncenter\"><img decoding=\"async\" class=\"size-full wp-image-13439\" src=\"https:\/\/www.hairstore.pl\/blog\/wp-content\/uploads\/2020\/01\/upiecia-z-kokardami.jpg\" alt=\"upi\u0119cia z kokard\u0105, kokardy do upi\u0119\u0107, fryzury z kokard\u0105\" width=\"1200\" height=\"675\" srcset=\"https:\/\/www.hairstore.pl\/blog\/wp-content\/uploads\/2020\/01\/upiecia-z-kokardami.jpg 800w, https:\/\/www.hairstore.pl\/blog\/wp-content\/uploads\/2020\/01\/upiecia-z-kokardami-300x169.jpg 300w, https:\/\/www.hairstore.pl\/blog\/wp-content\/uploads\/2020\/01\/upiecia-z-kokardami-768x432.jpg 768w, https:\/\/www.hairstore.pl\/blog\/wp-content\/uploads\/2020\/01\/upiecia-z-kokardami-1024x576.jpg 1024w\" sizes=\"(max-width: 1200px) 100vw, 1200px\" \/><figcaption id=\"caption-attachment-13439\" class=\"wp-caption-text\">\u0179r\u00f3d\u0142o:\u00a0culturacolevtiva.com,\u00a0sumcoco.com,\u00a0alexgaboury.com<\/figcaption><\/figure>\n<p>Kok i kokarda? To brzmi \u015bwietnie. A wygl\u0105da jeszcze lepiej. <strong>Dzi\u0119ki kokardzie taki kok zaczyna wygl\u0105da\u0107 elegancko, a mo\u017ce nawet troch\u0119 nonszalancko<\/strong>. Wszystko zale\u017cy od tego, jaki rodzaj kokardy wybierzesz. Musisz przyzna\u0107, \u017ce na ostatnim zdj\u0119ciu fryzura wygl\u0105da bardzo elegancko i szykownie. A tak naprawd\u0119 do starannie upi\u0119tego koka wystarczy\u0142o doda\u0107 zamszow\u0105 kokard\u0119. Widzisz, ten dodatek potrafi zdzia\u0142a\u0107 cuda.<\/p>\n<figure id=\"attachment_13440\" aria-describedby=\"caption-attachment-13440\" style=\"width: 1200px\" class=\"wp-caption aligncenter\"><img decoding=\"async\" class=\"size-full wp-image-13440\" src=\"https:\/\/www.hairstore.pl\/blog\/wp-content\/uploads\/2020\/01\/kok-z-kokarda.jpg\" alt=\"eleganckie koki, modne koki\" width=\"1200\" height=\"675\" srcset=\"https:\/\/www.hairstore.pl\/blog\/wp-content\/uploads\/2020\/01\/kok-z-kokarda.jpg 800w, https:\/\/www.hairstore.pl\/blog\/wp-content\/uploads\/2020\/01\/kok-z-kokarda-300x169.jpg 300w, https:\/\/www.hairstore.pl\/blog\/wp-content\/uploads\/2020\/01\/kok-z-kokarda-768x432.jpg 768w, https:\/\/www.hairstore.pl\/blog\/wp-content\/uploads\/2020\/01\/kok-z-kokarda-1024x576.jpg 1024w\" sizes=\"(max-width: 1200px) 100vw, 1200px\" \/><figcaption id=\"caption-attachment-13440\" class=\"wp-caption-text\">\u0179r\u00f3d\u0142o:\u00a0sugarlovechic.com,\u00a0agilshome.com,\u00a0alexgaboury.com<\/figcaption><\/figure>\n<h2>Troch\u0119 blasku, nieco szyku&#8230;<\/h2>\n<p>Teraz modne s\u0105 przede wszystkim proste kokardy. Jednokolorowe, bez wzork\u00f3w, wi\u0119ksze b\u0105d\u017a mniejsze. Mo\u017cna jednak\u017ce pokusi\u0107 si\u0119 r\u00f3wnie\u017c o kokard\u0119 z dodatkami &#8211; jakim\u015b kamyczkiem, pere\u0142k\u0105. Taka kokarda do w\u0142os\u00f3w pewnie nie nadaje si\u0119 na co dzie\u0144 (do pracy czy na spacer), jednak ju\u017c na wieczornym spotkaniu z przyjaci\u00f3\u0142mi albo na uroczysto\u015bci sprawdzi si\u0119 doskonale.<\/p>\n<p>Poni\u017cej kilka propozycji.<\/p>\n<figure id=\"attachment_13441\" aria-describedby=\"caption-attachment-13441\" style=\"width: 1200px\" class=\"wp-caption aligncenter\"><img decoding=\"async\" class=\"size-full wp-image-13441\" src=\"https:\/\/www.hairstore.pl\/blog\/wp-content\/uploads\/2020\/01\/kokarda-do-wlosow-z-ozdoba.jpg\" alt=\"kokardy do w\u0142os\u00f3w, modne kokardy\" width=\"1200\" height=\"675\" srcset=\"https:\/\/www.hairstore.pl\/blog\/wp-content\/uploads\/2020\/01\/kokarda-do-wlosow-z-ozdoba.jpg 800w, https:\/\/www.hairstore.pl\/blog\/wp-content\/uploads\/2020\/01\/kokarda-do-wlosow-z-ozdoba-300x169.jpg 300w, https:\/\/www.hairstore.pl\/blog\/wp-content\/uploads\/2020\/01\/kokarda-do-wlosow-z-ozdoba-768x432.jpg 768w, https:\/\/www.hairstore.pl\/blog\/wp-content\/uploads\/2020\/01\/kokarda-do-wlosow-z-ozdoba-1024x576.jpg 1024w\" sizes=\"(max-width: 1200px) 100vw, 1200px\" \/><figcaption id=\"caption-attachment-13441\" class=\"wp-caption-text\">\u0179r\u00f3d\u0142o:\u00a0hair.cm,\u00a0hair.cm,\u00a0cupcakesandcasmere.com<\/figcaption><\/figure>\n<h2>Kokardy do w\u0142os\u00f3w mierz\u0105 wysoko<\/h2>\n<p>W wi\u0119kszo\u015bci do tej pory pokaza\u0142am Ci fryzury, w kt\u00f3rych kokardy umieszczone by\u0142y raczej nisko. To w\u0142a\u015bnie tak przede wszystkim nosi si\u0119 w tym sezonie <strong>kokardy<\/strong>. Mo\u017cna jednakowo\u017c nieco zaszale\u0107 i umie\u015bci\u0107 kokard\u0119 wy\u017cej. Chcia\u0142abym Ci pokaza\u0107, jak to zrobi\u0107, \u017ceby efekt nie by\u0142 taki, jak w przypadku wspominanej przeze mnie wycieczki do cyrku \ud83d\ude42 .<\/p>\n<figure id=\"attachment_13442\" aria-describedby=\"caption-attachment-13442\" style=\"width: 1200px\" class=\"wp-caption aligncenter\"><img decoding=\"async\" class=\"size-full wp-image-13442\" src=\"https:\/\/www.hairstore.pl\/blog\/wp-content\/uploads\/2020\/01\/wysoka-kokarka-do-wlosow.jpg\" alt=\"kokardka do w\u0142o\u015b\u00f3w wysoko, fryzury z kokardami, modne damskie fryzury\" width=\"1200\" height=\"675\" srcset=\"https:\/\/www.hairstore.pl\/blog\/wp-content\/uploads\/2020\/01\/wysoka-kokarka-do-wlosow.jpg 800w, https:\/\/www.hairstore.pl\/blog\/wp-content\/uploads\/2020\/01\/wysoka-kokarka-do-wlosow-300x169.jpg 300w, https:\/\/www.hairstore.pl\/blog\/wp-content\/uploads\/2020\/01\/wysoka-kokarka-do-wlosow-768x432.jpg 768w, https:\/\/www.hairstore.pl\/blog\/wp-content\/uploads\/2020\/01\/wysoka-kokarka-do-wlosow-1024x576.jpg 1024w\" sizes=\"(max-width: 1200px) 100vw, 1200px\" \/><figcaption id=\"caption-attachment-13442\" class=\"wp-caption-text\">\u0179r\u00f3d\u0142o:\u00a0self.com,\u00a0keikolynn.com,\u00a0realsimple.com<\/figcaption><\/figure>\n<p>Kitka na czubku g\u0142owy nie b\u0119dzie dobrym pomys\u0142em (o ile nie chcesz mie\u0107 w rodzinnym albumie zdj\u0119cia, o kt\u00f3rym nie da si\u0119 zapomnie\u0107). Lepszym pomys\u0142em b\u0119dzie z\u0142apanie niewielkiej partii w\u0142os\u00f3w u nasady i zwi\u0105zanie &#8211; reszt\u0119 w\u0142os\u00f3w pu\u015b\u0107 wolno. Elegancki kok i kokarda &#8211; to te\u017c powinno wygl\u0105da\u0107 dobrze. Je\u015bli decydujesz si\u0119 na du\u017c\u0105 kokard\u0119 umieszczan\u0105 wysoko, wybieraj raczej delikatne kolory &#8211; stonowane, pudrowe.<\/p>\n<h2>Kokardy do w\u0142os\u00f3w rz\u0105dz\u0105 w tym sezonie<\/h2>\n<p>W zasadzie kokardy do w\u0142os\u00f3w mo\u017cesz doda\u0107 do ka\u017cdej fryzury. Do warkocza, kitki, koczka, upi\u0119cia. Wariacji jest ca\u0142e mn\u00f3stwo, a zdj\u0119cia w naszej galerii doskonale to udowadniaj\u0105. Wa\u017cne te\u017c, \u017ceby kokardy do w\u0142os\u00f3w pasowa\u0142y do ca\u0142o\u015bci. Nie zestawiaj tego akcesorium z du\u017cymi kolczykami czy koralami. Tak naprawd\u0119 niewiele potrzebujesz &#8211; je\u015bli wepniesz kokard\u0119 we w\u0142osy, mo\u017cesz ograniczy\u0107 inne dodatki.<\/p>\n<figure id=\"attachment_13444\" aria-describedby=\"caption-attachment-13444\" style=\"width: 1200px\" class=\"wp-caption aligncenter\"><img decoding=\"async\" class=\"size-full wp-image-13444\" src=\"https:\/\/www.hairstore.pl\/blog\/wp-content\/uploads\/2020\/01\/kitka-z-kokarda.jpg\" alt=\"fryzury z kokard\u0105, kokardy do w\u0142os\u00f3w\" width=\"1200\" height=\"675\" srcset=\"https:\/\/www.hairstore.pl\/blog\/wp-content\/uploads\/2020\/01\/kitka-z-kokarda.jpg 800w, https:\/\/www.hairstore.pl\/blog\/wp-content\/uploads\/2020\/01\/kitka-z-kokarda-300x169.jpg 300w, https:\/\/www.hairstore.pl\/blog\/wp-content\/uploads\/2020\/01\/kitka-z-kokarda-768x432.jpg 768w, https:\/\/www.hairstore.pl\/blog\/wp-content\/uploads\/2020\/01\/kitka-z-kokarda-1024x576.jpg 1024w\" sizes=\"(max-width: 1200px) 100vw, 1200px\" \/><figcaption id=\"caption-attachment-13444\" class=\"wp-caption-text\">\u0179r\u00f3d\u0142o:\u00a0angela.tatoostyles.org,\u00a0brit.co,\u00a0tumblr.com<\/figcaption><\/figure>\n<figure id=\"attachment_13447\" aria-describedby=\"caption-attachment-13447\" style=\"width: 1200px\" class=\"wp-caption aligncenter\"><img decoding=\"async\" class=\"size-full wp-image-13447\" src=\"https:\/\/www.hairstore.pl\/blog\/wp-content\/uploads\/2020\/01\/ciekawe-fryzury-z-kokarda.jpg\" alt=\"damskie fryzury, fryzury z kokard\u0105, fryzury dla kobiet\" width=\"1200\" height=\"675\" srcset=\"https:\/\/www.hairstore.pl\/blog\/wp-content\/uploads\/2020\/01\/ciekawe-fryzury-z-kokarda.jpg 800w, https:\/\/www.hairstore.pl\/blog\/wp-content\/uploads\/2020\/01\/ciekawe-fryzury-z-kokarda-300x169.jpg 300w, https:\/\/www.hairstore.pl\/blog\/wp-content\/uploads\/2020\/01\/ciekawe-fryzury-z-kokarda-768x432.jpg 768w, https:\/\/www.hairstore.pl\/blog\/wp-content\/uploads\/2020\/01\/ciekawe-fryzury-z-kokarda-1024x576.jpg 1024w\" sizes=\"(max-width: 1200px) 100vw, 1200px\" \/><figcaption id=\"caption-attachment-13447\" class=\"wp-caption-text\">\u0179r\u00f3d\u0142o:\u00a0flickr.com,\u00a0madamefrisuren.com,\u00a0cupcakesandcashmere.com<\/figcaption><\/figure>\n<p>Czy uda\u0142o mi si\u0119 Ciebie przekona\u0107, \u017ce kokarda do w\u0142os\u00f3w to jedna z Twoich najlepszych w\u0142osowych przyjaci\u00f3\u0142ek? \ud83d\ude42 . Mam nadziej\u0119, \u017ce tak. Ja planuj\u0119 zmy\u0107 blama\u017c z dzieci\u0144stwa i zacz\u0105\u0107 w tym sezonie nosi\u0107 kokardy w spos\u00f3b modny. Do rodzinnego albumu ju\u017c nied\u0142ugo do\u0142\u0105cz\u0105 kolejne zdj\u0119cia, tym razem jednak mo\u017ce nieco bardziej stylowe. Z pewno\u015bci\u0105 powt\u00f3rzy si\u0119 na nich u\u015bmiech od ucha do ucha.<\/p>\n<p>Masz jaki\u015b inny pomys\u0142 na noszenie kokard do w\u0142os\u00f3w? Napisz o nim w komentarzu. Ch\u0119tnie poznam wasze pomys\u0142y.<\/p>\n","protected":false},"excerpt":{"rendered":"<p>Po frotkach do w\u0142os\u00f3w, spinkach i apaszkach przysz\u0142a pora na kolejny powr\u00f3t. Ot\u00f3\u017c jednym z najmodniejszych dodatk\u00f3w tego roku b\u0119d\u0105&#8230; kokardy do w\u0142os\u00f3w. I je\u015bli do tej pory ten dodatek kojarzy\u0142 Ci si\u0119 raczej z wysok\u0105 kitk\u0105 i dziewczynkami w kolan\u00f3wkach i sp\u00f3dniczkach, zatrzymaj si\u0119 na chwil\u0119. Poka\u017cemy Ci, jak modnie nosi\u0107 kokardy do w\u0142os\u00f3w [&hellip;]<\/p>\n","protected":false},"author":8,"featured_media":13446,"comment_status":"open","ping_status":"open","sticky":false,"template":"","format":"standard","meta":{"footnotes":""},"categories":[9421],"tags":[],"yst_prominent_words":[1087,8874,6114,8866,8879,8875,8876,8872,8877,8861,8860,3693,8865,8883,8878,8501,8880,704,4103,737],"class_list":["post-13435","post","type-post","status-publish","format-standard","has-post-thumbnail","hentry","category-trendy"],"_links":{"self":[{"href":"https:\/\/www.hairstore.pl\/blog\/wp-json\/wp\/v2\/posts\/13435","targetHints":{"allow":["GET"]}}],"collection":[{"href":"https:\/\/www.hairstore.pl\/blog\/wp-json\/wp\/v2\/posts"}],"about":[{"href":"https:\/\/www.hairstore.pl\/blog\/wp-json\/wp\/v2\/types\/post"}],"author":[{"embeddable":true,"href":"https:\/\/www.hairstore.pl\/blog\/wp-json\/wp\/v2\/users\/8"}],"replies":[{"embeddable":true,"href":"https:\/\/www.hairstore.pl\/blog\/wp-json\/wp\/v2\/comments?post=13435"}],"version-history":[{"count":9,"href":"https:\/\/www.hairstore.pl\/blog\/wp-json\/wp\/v2\/posts\/13435\/revisions"}],"predecessor-version":[{"id":13453,"href":"https:\/\/www.hairstore.pl\/blog\/wp-json\/wp\/v2\/posts\/13435\/revisions\/13453"}],"wp:featuredmedia":[{"embeddable":true,"href":"https:\/\/www.hairstore.pl\/blog\/wp-json\/wp\/v2\/media\/13446"}],"wp:attachment":[{"href":"https:\/\/www.hairstore.pl\/blog\/wp-json\/wp\/v2\/media?parent=13435"}],"wp:term":[{"taxonomy":"category","embeddable":true,"href":"https:\/\/www.hairstore.pl\/blog\/wp-json\/wp\/v2\/categories?post=13435"},{"taxonomy":"post_tag","embeddable":true,"href":"https:\/\/www.hairstore.pl\/blog\/wp-json\/wp\/v2\/tags?post=13435"},{"taxonomy":"yst_prominent_words","embeddable":true,"href":"https:\/\/www.hairstore.pl\/blog\/wp-json\/wp\/v2\/yst_prominent_words?post=13435"}],"curies":[{"name":"wp","href":"https:\/\/api.w.org\/{rel}","templated":true}]}}