{"id":13398,"date":"2020-01-09T11:59:19","date_gmt":"2020-01-09T10:59:19","guid":{"rendered":"https:\/\/www.hairstore.pl\/blog\/?p=13398"},"modified":"2020-09-30T18:43:45","modified_gmt":"2020-09-30T16:43:45","slug":"kolorowe-odrosty-trend-2020","status":"publish","type":"post","link":"https:\/\/www.hairstore.pl\/blog\/kolorowe-odrosty-trend-2020\/","title":{"rendered":"Poznaj pierwszy hit na 2020 rok &#8211; kolorowe odrosty"},"content":{"rendered":"<p>Nowy rok si\u0119 zacz\u0105\u0142, a wraz nim pojawiaj\u0105 si\u0119 kolejne trendy. Jak zawsze trzymamy r\u0119k\u0119 na pulsie i piszemy o nowinkach ze \u015bwiata fryzjerstwa i stylizacji w\u0142os\u00f3w. Coraz g\u0142o\u015bniej m\u00f3wi si\u0119 ostatnio o kolorowych odrostach. Czas przyjrze\u0107 si\u0119 temu pomys\u0142owi na o\u017cywienie zimowej nudy!<\/p>\n<p><!--more--><\/p>\n<p>W nowy rok wchodzimy z do\u015b\u0107 charakterystycznym trendem. Mowa o kolorowych odrostach. Ju\u017c dawno odeszli\u015bmy od tego, \u017ceby w\u0142osy farbowa\u0107 a\u017c do nasady. Pow\u00f3d? Ju\u017c po raptem dw\u00f3ch tygodniach takie w\u0142osy nie wygl\u0105daj\u0105 dobrze, a odrost bardzo mocno odcina si\u0119 od ca\u0142o\u015bci. dlatego coraz modniejsze s\u0105 rockowe fryzury, wszelkie baleja\u017ce czy pasemka.Naprzeciw temu trendowi wychodz\u0105 w\u0142a\u015bnie kolorowe odrosty.<\/p>\n<h2>Koniec z nud\u0105! Kolorowe odrosty nadchodz\u0105<\/h2>\n<p>Co powiesz na to, \u017ceby Twoje odrosty by\u0142y ozdob\u0105 same w sobie? Tak mo\u017ce by\u0107, je\u015bli postawisz na kolor. Jaki\u015b czas temu pisali\u015bmy o <a href=\"https:\/\/www.hairstore.pl\/blog\/kolorowe-wlosy-na-wakacje\/\">rainbow roots<\/a>, czyli t\u0119czowych odrostach. Je\u015bli nie jeste\u015b gotowa na takie ekstremum, postaw po prostu na jeden kolor. Efekt? Wystarczy spojrze\u0107 na poni\u017csze zdj\u0119cia.<\/p>\n<figure id=\"attachment_13399\" aria-describedby=\"caption-attachment-13399\" style=\"width: 1200px\" class=\"wp-caption aligncenter\"><img decoding=\"async\" class=\"size-full wp-image-13399\" src=\"https:\/\/www.hairstore.pl\/blog\/wp-content\/uploads\/2020\/01\/pomysly-na-kolorowe-wlosy.jpg\" alt=\"kolorowe w\u0142osy, kolorowe odrosty, kolorowy przedzia\u0142ek\" width=\"1200\" height=\"675\" srcset=\"https:\/\/www.hairstore.pl\/blog\/wp-content\/uploads\/2020\/01\/pomysly-na-kolorowe-wlosy.jpg 800w, https:\/\/www.hairstore.pl\/blog\/wp-content\/uploads\/2020\/01\/pomysly-na-kolorowe-wlosy-300x169.jpg 300w, https:\/\/www.hairstore.pl\/blog\/wp-content\/uploads\/2020\/01\/pomysly-na-kolorowe-wlosy-768x432.jpg 768w, https:\/\/www.hairstore.pl\/blog\/wp-content\/uploads\/2020\/01\/pomysly-na-kolorowe-wlosy-1024x576.jpg 1024w\" sizes=\"(max-width: 1200px) 100vw, 1200px\" \/><figcaption id=\"caption-attachment-13399\" class=\"wp-caption-text\">\u0179r\u00f3d\u0142o:\u00a0wobensbest.ru,\u00a0koees.com,\u00a0lovehairstyles.com<\/figcaption><\/figure>\n<figure id=\"attachment_13400\" aria-describedby=\"caption-attachment-13400\" style=\"width: 1200px\" class=\"wp-caption alignleft\"><img decoding=\"async\" class=\"wp-image-13400 size-full\" src=\"https:\/\/www.hairstore.pl\/blog\/wp-content\/uploads\/2020\/01\/kolorowe-odrosty.jpg\" alt=\"kolorowe odrosty, platynowe w\u0142osy, r\u00f3\u017cowe w\u0142osy\" width=\"1200\" height=\"675\" srcset=\"https:\/\/www.hairstore.pl\/blog\/wp-content\/uploads\/2020\/01\/kolorowe-odrosty.jpg 800w, https:\/\/www.hairstore.pl\/blog\/wp-content\/uploads\/2020\/01\/kolorowe-odrosty-300x169.jpg 300w, https:\/\/www.hairstore.pl\/blog\/wp-content\/uploads\/2020\/01\/kolorowe-odrosty-768x432.jpg 768w, https:\/\/www.hairstore.pl\/blog\/wp-content\/uploads\/2020\/01\/kolorowe-odrosty-1024x576.jpg 1024w\" sizes=\"(max-width: 1200px) 100vw, 1200px\" \/><figcaption id=\"caption-attachment-13400\" class=\"wp-caption-text\">\u0179r\u00f3d\u0142o:\u00a0wassell.com,\u00a0thefashionspot.com,\u00a0lovehairstyles.com<\/figcaption><\/figure>\n<p>Ju\u017c na pierwszy rzut oka wida\u0107, \u017ce najmodniejsze s\u0105 kolory pastelowe &#8211; r\u00f3\u017cowy i lawendowy. A takie kolory wychodz\u0105 najlepiej na w\u0142osach platynowych. Zreszt\u0105 <a href=\"https:\/\/www.hairstore.pl\/blog\/nordic-white-hair\/\">platyna<\/a> i\u00a0<a href=\"https:\/\/www.hairstore.pl\/blog\/lodowy-blond-trendy-2019\/\">lodowy blond<\/a> to najmodniejsze kolory roku 2019. W 2020 roku mamy wi\u0119c wielki powr\u00f3t platyny, ale w odnowionej, pokolorowanej wersji.<\/p>\n<div id=\"hsbp-1\" class=\"hsbp\"><\/div>\n<p><script src=\"https:\/\/www.hairstore.pl\/produkty_wordpress.php?dst=hsbp-1&amp;prods=1022,1127,14385,3025\" type=\"text\/javascript\"><\/script><\/p>\n<h2>Wi\u0119c chod\u017a, pomaluj m\u00f3j \u015bwiat<\/h2>\n<p>Kolorowe odrosty z jednej strony wygl\u0105daj\u0105 bardzo optymistycznie, a z drugiej dodaj\u0105 nieco zadziorno\u015bci. To idealny trend dla dziewczyn radosnych, aktywnych, pewnych siebie. Kolorowe odrosty pasowa\u0107 te\u017c b\u0119d\u0105 dziewczynom bardzo delikatnym, romantycznym i kobiecym. Tak naprawd\u0119 wiele zale\u017cy od tego, jaki kolor wybierzesz, jak si\u0119 uczeszesz i jaki b\u0119dzie ca\u0142y entourage.<\/p>\n<figure id=\"attachment_13402\" aria-describedby=\"caption-attachment-13402\" style=\"width: 1200px\" class=\"wp-caption aligncenter\"><img decoding=\"async\" class=\"wp-image-13402 size-full\" src=\"https:\/\/www.hairstore.pl\/blog\/wp-content\/uploads\/2020\/01\/colorfull-roots.jpg\" alt=\"w\u0142osy blond, platynowe w\u0142osy, niebieskie w\u0142osy\" width=\"1200\" height=\"675\" srcset=\"https:\/\/www.hairstore.pl\/blog\/wp-content\/uploads\/2020\/01\/colorfull-roots.jpg 800w, https:\/\/www.hairstore.pl\/blog\/wp-content\/uploads\/2020\/01\/colorfull-roots-300x169.jpg 300w, https:\/\/www.hairstore.pl\/blog\/wp-content\/uploads\/2020\/01\/colorfull-roots-768x432.jpg 768w, https:\/\/www.hairstore.pl\/blog\/wp-content\/uploads\/2020\/01\/colorfull-roots-1024x576.jpg 1024w\" sizes=\"(max-width: 1200px) 100vw, 1200px\" \/><figcaption id=\"caption-attachment-13402\" class=\"wp-caption-text\">\u0179r\u00f3d\u0142o: omgqueenhair.com, hairstylefix.com, buzzfeed.com<\/figcaption><\/figure>\n<figure id=\"attachment_13403\" aria-describedby=\"caption-attachment-13403\" style=\"width: 1200px\" class=\"wp-caption aligncenter\"><img decoding=\"async\" class=\"wp-image-13403 size-full\" src=\"https:\/\/www.hairstore.pl\/blog\/wp-content\/uploads\/2020\/01\/pomysly-na-ciekawe-fryzury.jpg\" alt=\"jasne w\u0142osy, bia\u0142e w\u0142osy, platynowe w\u0142osy\" width=\"1200\" height=\"675\" srcset=\"https:\/\/www.hairstore.pl\/blog\/wp-content\/uploads\/2020\/01\/pomysly-na-ciekawe-fryzury.jpg 800w, https:\/\/www.hairstore.pl\/blog\/wp-content\/uploads\/2020\/01\/pomysly-na-ciekawe-fryzury-300x169.jpg 300w, https:\/\/www.hairstore.pl\/blog\/wp-content\/uploads\/2020\/01\/pomysly-na-ciekawe-fryzury-768x432.jpg 768w, https:\/\/www.hairstore.pl\/blog\/wp-content\/uploads\/2020\/01\/pomysly-na-ciekawe-fryzury-1024x576.jpg 1024w\" sizes=\"(max-width: 1200px) 100vw, 1200px\" \/><figcaption id=\"caption-attachment-13403\" class=\"wp-caption-text\">\u0179r\u00f3d\u0142o: stylezco.com, lovethishair.co, @gothicdreamers<\/figcaption><\/figure>\n<h2>Kr\u00f3tko, kolorowo &#8211; cudownie!<\/h2>\n<p>Co istotne, kolorowe odrosty doskonale pasuj\u0105 te\u017c do w\u0142os\u00f3w kr\u00f3tkich. Nie musisz by\u0107 posiadaczk\u0105 d\u0142ugich pukli, \u017ceby wygl\u0105da\u0107 modnie i kolorowo. Dodaj nieco barwy tak\u017ce w\u0142osom kr\u00f3tkim.<\/p>\n<figure id=\"attachment_13404\" aria-describedby=\"caption-attachment-13404\" style=\"width: 1200px\" class=\"wp-caption aligncenter\"><img decoding=\"async\" class=\"size-full wp-image-13404\" src=\"https:\/\/www.hairstore.pl\/blog\/wp-content\/uploads\/2020\/01\/krotkie-kolorowe-wlosy.jpg\" alt=\"kr\u00f3tkie kolorowe w\u0142osy, kr\u00f3tkie w\u0142osy fryzury\" width=\"1200\" height=\"675\" srcset=\"https:\/\/www.hairstore.pl\/blog\/wp-content\/uploads\/2020\/01\/krotkie-kolorowe-wlosy.jpg 800w, https:\/\/www.hairstore.pl\/blog\/wp-content\/uploads\/2020\/01\/krotkie-kolorowe-wlosy-300x169.jpg 300w, https:\/\/www.hairstore.pl\/blog\/wp-content\/uploads\/2020\/01\/krotkie-kolorowe-wlosy-768x432.jpg 768w, https:\/\/www.hairstore.pl\/blog\/wp-content\/uploads\/2020\/01\/krotkie-kolorowe-wlosy-1024x576.jpg 1024w\" sizes=\"(max-width: 1200px) 100vw, 1200px\" \/><figcaption id=\"caption-attachment-13404\" class=\"wp-caption-text\">\u0179r\u00f3d\u0142o:\u00a0totalbeauty.com,\u00a0therighthairstyles.com,\u00a0stylesweekly.com<\/figcaption><\/figure>\n<figure id=\"attachment_13405\" aria-describedby=\"caption-attachment-13405\" style=\"width: 1200px\" class=\"wp-caption aligncenter\"><img decoding=\"async\" class=\"size-full wp-image-13405\" src=\"https:\/\/www.hairstore.pl\/blog\/wp-content\/uploads\/2020\/01\/kolorowe-w\u0142osy.jpg\" alt=\"kr\u00f3tkie kolorowe w\u0142osy, kr\u00f3kie w\u0142osy fryzury, kolorowy przedzia\u0142ek\" width=\"1200\" height=\"675\" srcset=\"https:\/\/www.hairstore.pl\/blog\/wp-content\/uploads\/2020\/01\/kolorowe-w\u0142osy.jpg 800w, https:\/\/www.hairstore.pl\/blog\/wp-content\/uploads\/2020\/01\/kolorowe-w\u0142osy-300x169.jpg 300w, https:\/\/www.hairstore.pl\/blog\/wp-content\/uploads\/2020\/01\/kolorowe-w\u0142osy-768x432.jpg 768w, https:\/\/www.hairstore.pl\/blog\/wp-content\/uploads\/2020\/01\/kolorowe-w\u0142osy-1024x576.jpg 1024w\" sizes=\"(max-width: 1200px) 100vw, 1200px\" \/><figcaption id=\"caption-attachment-13405\" class=\"wp-caption-text\">\u0179r\u00f3d\u0142o:\u00a0behindthechair.com,\u00a0lovehairstyles.com,\u00a0bob-hairstyle.com<\/figcaption><\/figure>\n<h2>A mo\u017ce rainbow roots?<\/h2>\n<p>Chcesz doda\u0107 swojej fryzurze jeszcze wi\u0119cej koloru? Postaw na rainbow roots! To t\u0119czowy odrost, kt\u00f3ry dodaje ca\u0142ej fryzurze z pewno\u015bci\u0105 splendoru. To wygl\u0105da bardzo ciekawie!<\/p>\n<figure id=\"attachment_13407\" aria-describedby=\"caption-attachment-13407\" style=\"width: 1200px\" class=\"wp-caption aligncenter\"><img decoding=\"async\" class=\"size-full wp-image-13407\" src=\"https:\/\/www.hairstore.pl\/blog\/wp-content\/uploads\/2020\/01\/t\u0119czowe-odrosty.jpg\" alt=\"rainbow roots, t\u0119czowe w\u0142osy, kolorowy przedzia\u0142ek, t\u0119czowy odrost\" width=\"1200\" height=\"675\" srcset=\"https:\/\/www.hairstore.pl\/blog\/wp-content\/uploads\/2020\/01\/t\u0119czowe-odrosty.jpg 800w, https:\/\/www.hairstore.pl\/blog\/wp-content\/uploads\/2020\/01\/t\u0119czowe-odrosty-300x169.jpg 300w, https:\/\/www.hairstore.pl\/blog\/wp-content\/uploads\/2020\/01\/t\u0119czowe-odrosty-768x432.jpg 768w, https:\/\/www.hairstore.pl\/blog\/wp-content\/uploads\/2020\/01\/t\u0119czowe-odrosty-1024x576.jpg 1024w\" sizes=\"(max-width: 1200px) 100vw, 1200px\" \/><figcaption id=\"caption-attachment-13407\" class=\"wp-caption-text\">\u0179r\u00f3d\u0142o: diply.com,\u00a0latesthaircolors.com,\u00a0@hairbykaseyoh<\/figcaption><\/figure>\n<p>Co s\u0105dzicie o kolorowym odro\u015bcie? Zdecydowa\u0142yby\u015bcie si\u0119 na tak\u0105 zmian\u0119? My\u015blicie, \u017ce ten trend przyjmie si\u0119 na d\u0142u\u017cej? Czekamy na wasze komentarze. A przy okazji mo\u017cecie sobie przypomnie\u0107, jakie by\u0142y <a href=\"https:\/\/www.hairstore.pl\/blog\/trendy-2019\/\">najgor\u0119tsze trendy w mijaj\u0105cym roku<\/a>.<\/p>\n<div id=\"hsbp-2\" class=\"hsbp\"><\/div>\n<p><script src=\"https:\/\/www.hairstore.pl\/produkty_wordpress.php?dst=hsbp-2&amp;prods=18224,7915,8165,15869,8130\" type=\"text\/javascript\"><\/script><\/p>\n<div id=\"hsbp-3\" class=\"hsbp\"><\/div>\n<p><script src=\"https:\/\/www.hairstore.pl\/produkty_wordpress.php?dst=hsbp-3&amp;prods=4979,2044,14128,18929,17432\" type=\"text\/javascript\"><\/script><\/p>\n","protected":false},"excerpt":{"rendered":"<p>Nowy rok si\u0119 zacz\u0105\u0142, a wraz nim pojawiaj\u0105 si\u0119 kolejne trendy. Jak zawsze trzymamy r\u0119k\u0119 na pulsie i piszemy o nowinkach ze \u015bwiata fryzjerstwa i stylizacji w\u0142os\u00f3w. Coraz g\u0142o\u015bniej m\u00f3wi si\u0119 ostatnio o kolorowych odrostach. Czas przyjrze\u0107 si\u0119 temu pomys\u0142owi na o\u017cywienie zimowej nudy!<\/p>\n","protected":false},"author":8,"featured_media":13415,"comment_status":"open","ping_status":"open","sticky":false,"template":"","format":"standard","meta":{"footnotes":""},"categories":[9421],"tags":[],"yst_prominent_words":[931,722,1929,8816,8813,8814,3695,4325,3480,8821,8815,2965,6258,6257,6259,712,802,704,717,737],"class_list":["post-13398","post","type-post","status-publish","format-standard","has-post-thumbnail","hentry","category-trendy"],"_links":{"self":[{"href":"https:\/\/www.hairstore.pl\/blog\/wp-json\/wp\/v2\/posts\/13398","targetHints":{"allow":["GET"]}}],"collection":[{"href":"https:\/\/www.hairstore.pl\/blog\/wp-json\/wp\/v2\/posts"}],"about":[{"href":"https:\/\/www.hairstore.pl\/blog\/wp-json\/wp\/v2\/types\/post"}],"author":[{"embeddable":true,"href":"https:\/\/www.hairstore.pl\/blog\/wp-json\/wp\/v2\/users\/8"}],"replies":[{"embeddable":true,"href":"https:\/\/www.hairstore.pl\/blog\/wp-json\/wp\/v2\/comments?post=13398"}],"version-history":[{"count":11,"href":"https:\/\/www.hairstore.pl\/blog\/wp-json\/wp\/v2\/posts\/13398\/revisions"}],"predecessor-version":[{"id":13417,"href":"https:\/\/www.hairstore.pl\/blog\/wp-json\/wp\/v2\/posts\/13398\/revisions\/13417"}],"wp:featuredmedia":[{"embeddable":true,"href":"https:\/\/www.hairstore.pl\/blog\/wp-json\/wp\/v2\/media\/13415"}],"wp:attachment":[{"href":"https:\/\/www.hairstore.pl\/blog\/wp-json\/wp\/v2\/media?parent=13398"}],"wp:term":[{"taxonomy":"category","embeddable":true,"href":"https:\/\/www.hairstore.pl\/blog\/wp-json\/wp\/v2\/categories?post=13398"},{"taxonomy":"post_tag","embeddable":true,"href":"https:\/\/www.hairstore.pl\/blog\/wp-json\/wp\/v2\/tags?post=13398"},{"taxonomy":"yst_prominent_words","embeddable":true,"href":"https:\/\/www.hairstore.pl\/blog\/wp-json\/wp\/v2\/yst_prominent_words?post=13398"}],"curies":[{"name":"wp","href":"https:\/\/api.w.org\/{rel}","templated":true}]}}