{"id":13143,"date":"2019-12-03T10:33:22","date_gmt":"2019-12-03T09:33:22","guid":{"rendered":"https:\/\/www.hairstore.pl\/blog\/?p=13143"},"modified":"2020-09-30T18:43:46","modified_gmt":"2020-09-30T16:43:46","slug":"kucyki-glamour","status":"publish","type":"post","link":"https:\/\/www.hairstore.pl\/blog\/kucyki-glamour\/","title":{"rendered":"Koniec z nudnymi kucykami! Sprawd\u017a pomys\u0142y na kucyki glamour i zachwy\u0107 wszystkich"},"content":{"rendered":"<p>Kto powiedzia\u0142, \u017ce kitka musi by\u0107 nudna? Nic bardziej mylnego! Teraz na czasie s\u0105 pi\u0119kne fryzury glamour, szczeg\u00f3lnie z ozdobami z pere\u0142, kt\u00f3re \u015bwi\u0119c\u0105 te\u017c triumfy w modzie sylwestrowej. I w\u0142a\u015bnie dlatego przygotowa\u0142am dla Was galeri\u0119 z naprawd\u0119 eleganckimi kucykami w wersji glamour.<\/p>\n<p><!--more--><\/p>\n<p>Kitki, kucyki&#8230; to jedne z najwygodniejszych fryzur. Zwi\u0105zane w\u0142osy nie pl\u0105cz\u0105 si\u0119 i nie majtaj\u0105 si\u0119 ko\u0142o twarzy, a fryzura w zasadzie zawsze wygl\u0105da nienagannie, bo w\u0142osy nie odstaj\u0105. Faktem jest jednak, \u017ce klasyczny kucyk nie prezentuje si\u0119 jako\u015b spektakularnie. Ot, kolejna poprawna i wygodna fryzura. Ale do czasu. Bo wystarczy tylko do\u0142\u0105czy\u0107 do takiego kucyka kilka dodatk\u00f3w, a ca\u0142a fryzura nabiera zupe\u0142nie nowego wymiaru. Czas na kucyki glamour.<\/p>\n<ul class=\"article-menu article-menu-v2\">\n<li>najmodniejsze fryzury z per\u0142ami<\/li>\n<li>dodatki do w\u0142os\u00f3w w stylu glamour<\/li>\n<li>kosmetyki przydatne do g\u0142adkich i b\u0142yszcz\u0105cych fryzur<\/li>\n<li>pomys\u0142y na fryzury glamour na karnawa\u0142, Sylwestra i inne okazje<\/li>\n<\/ul>\n<h2>Trend Alert 2019\/2020: per\u0142y we w\u0142osach<\/h2>\n<p>Zdecydowanym trendem nadchodz\u0105cego roku, ale te\u017c wszelkich zabaw sylwestrowych i karnawa\u0142owych s\u0105 <strong>per\u0142y we w\u0142osach<\/strong>. I to najlepiej wi\u0119ksze, widoczne na pierwszy rzut oka. Per\u0142y mog\u0105 by\u0107 ozdob\u0105 spinki albo wsuwki, cudownie wygl\u0105daj\u0105 te\u017c per\u0142owe opaski. Jednak najwi\u0119kszym hitem s\u0105 sznury pere\u0142 wplecione w kucyki, ewentualnie warkocze.<\/p>\n<p>Taka fryzura wygl\u0105da bardzo elegancko, a jej posiadaczka prezentuje si\u0119 jak milion dolar\u00f3w. Do takiej fryzury wystarczy dobra\u0107 tylko prost\u0105 kreacj\u0119 i ca\u0142o\u015b\u0107 zwie\u0144czy\u0107 makija\u017cem w stylu glow &#8211; z pewno\u015bci\u0105 w takim wydaniu b\u0119dziesz wygl\u0105da\u0107 jak gwiazda.<\/p>\n<figure id=\"attachment_13144\" aria-describedby=\"caption-attachment-13144\" style=\"width: 1200px\" class=\"wp-caption aligncenter\"><img decoding=\"async\" class=\"size-full wp-image-13144\" src=\"https:\/\/www.hairstore.pl\/blog\/wp-content\/uploads\/2019\/12\/korale-we-wlosach.jpg\" alt=\"per\u0142y we w\u0142osach, per\u0142y na w\u0142osy, ozdoby z pere\u0142, eleganckie fryzury\" width=\"1200\" height=\"675\" srcset=\"https:\/\/www.hairstore.pl\/blog\/wp-content\/uploads\/2019\/12\/korale-we-wlosach.jpg 800w, https:\/\/www.hairstore.pl\/blog\/wp-content\/uploads\/2019\/12\/korale-we-wlosach-300x169.jpg 300w, https:\/\/www.hairstore.pl\/blog\/wp-content\/uploads\/2019\/12\/korale-we-wlosach-768x432.jpg 768w, https:\/\/www.hairstore.pl\/blog\/wp-content\/uploads\/2019\/12\/korale-we-wlosach-1024x576.jpg 1024w\" sizes=\"(max-width: 1200px) 100vw, 1200px\" \/><figcaption id=\"caption-attachment-13144\" class=\"wp-caption-text\">\u0179r\u00f3d\u0142o:\u00a0@hautecouture_book,\u00a0theglossychic.com,\u00a0@doll_memories<\/figcaption><\/figure>\n<p>W przypadku takich fryzur najlepiej wygl\u0105daj\u0105 <strong>w\u0142osy g\u0142adkie, dodatkowo nab\u0142yszczone<\/strong>. Warto si\u0119gn\u0105\u0107 wi\u0119c po <a href=\"https:\/\/www.hairstore.pl\/schwarzkopf-bc-smooth-perfect-dwuwarstwowy-system-wygladzajacy-2x100ml-p20051.html\">mleczko wyg\u0142adzaj\u0105ce<\/a> oraz <a href=\"https:\/\/www.hairstore.pl\/polysk-c744.html\">kosmetyk, kt\u00f3ry doda blasku w\u0142osom<\/a>.<\/p>\n<div id=\"hsbp-1\" class=\"hsbp\"><\/div>\n<p><script type='text\/javascript' src='https:\/\/www.hairstore.pl\/produkty_wordpress.php?dst=hsbp-1&#038;prods=2623,12974,16968,19146,3494'><\/script><\/p>\n<div id=\"hsbp-2\" class=\"hsbp\"><\/div>\n<p><script type='text\/javascript' src='https:\/\/www.hairstore.pl\/produkty_wordpress.php?dst=hsbp-2&#038;prods=8398,9299,10572,14238,8555'><\/script><\/p>\n<p>Per\u0142y wygl\u0105daj\u0105 doskonale nie tylko na d\u0142ugich w\u0142osach, ale te\u017c na kr\u00f3tkich. Na wielkie wyj\u015bcia idealne b\u0119d\u0105 per\u0142y w kolorze z\u0142ota albo \u015bnie\u017cnobia\u0142e.<\/p>\n<figure id=\"attachment_13145\" aria-describedby=\"caption-attachment-13145\" style=\"width: 1200px\" class=\"wp-caption aligncenter\"><img decoding=\"async\" class=\"size-full wp-image-13145\" src=\"https:\/\/www.hairstore.pl\/blog\/wp-content\/uploads\/2019\/12\/kucyk-glamour.jpg\" alt=\"elegancki kucyk, fryzura glamour, elegancka kitka, fryzury na karnawa\u0142\" width=\"1200\" height=\"675\" srcset=\"https:\/\/www.hairstore.pl\/blog\/wp-content\/uploads\/2019\/12\/kucyk-glamour.jpg 800w, https:\/\/www.hairstore.pl\/blog\/wp-content\/uploads\/2019\/12\/kucyk-glamour-300x169.jpg 300w, https:\/\/www.hairstore.pl\/blog\/wp-content\/uploads\/2019\/12\/kucyk-glamour-768x432.jpg 768w, https:\/\/www.hairstore.pl\/blog\/wp-content\/uploads\/2019\/12\/kucyk-glamour-1024x576.jpg 1024w\" sizes=\"(max-width: 1200px) 100vw, 1200px\" \/><figcaption id=\"caption-attachment-13145\" class=\"wp-caption-text\">\u0179r\u00f3d\u0142o:\u00a0refinery29.com,\u00a0diaror.com,\u00a0fashionactivation.com<\/figcaption><\/figure>\n<p>Fryzury z per\u0142ami wygl\u0105daj\u0105 po prostu zjawiskowo i nie da si\u0119 obok nich przej\u015b\u0107 oboj\u0119tnie. Co istotne, pasuj\u0105 one doskonale do zbli\u017caj\u0105cego si\u0119 <strong>balu sylwestrowego<\/strong> czy <strong>zabawy karnawa\u0142owej<\/strong>. Per\u0142y s\u0105 przy tym ultrakobiece, eleganckie, delikatne i szykowne.<\/p>\n<p>A co powiesz na czerwone per\u0142y? Ten kolor b\u0119dzie \u015bwietnie pasowa\u0142 chocia\u017cby na <strong>wigilijn\u0105 kolacj\u0119<\/strong>. Warto doda\u0107, \u017ce rozmiary pere\u0142 mo\u017cna ze sob\u0105 \u0142\u0105czy\u0107 &#8211; grube per\u0142y i w\u0142osy przewi\u0105zane cieniutkim sznureczkiem pere\u0142ek b\u0119d\u0105 wygl\u0105da\u0107 doskonale! Tak naprawd\u0119 ogranicza Ci\u0119 tylko w\u0142asna wyobra\u017ania. A my\u015bl\u0119, \u017ce galeria z fryzurami z per\u0142ami pobudzi j\u0105 na tyle, \u017ce szybko wymy\u015blisz, jak chcesz wygl\u0105da\u0107.<\/p>\n<figure id=\"attachment_13146\" aria-describedby=\"caption-attachment-13146\" style=\"width: 1200px\" class=\"wp-caption aligncenter\"><img decoding=\"async\" class=\"size-full wp-image-13146\" src=\"https:\/\/www.hairstore.pl\/blog\/wp-content\/uploads\/2019\/12\/ciekawe-pomysly-na-fryzury.jpg\" alt=\"czerwone per\u0142y, eleganckie fryzury, fryzury na bal\" width=\"1200\" height=\"675\" srcset=\"https:\/\/www.hairstore.pl\/blog\/wp-content\/uploads\/2019\/12\/ciekawe-pomysly-na-fryzury.jpg 800w, https:\/\/www.hairstore.pl\/blog\/wp-content\/uploads\/2019\/12\/ciekawe-pomysly-na-fryzury-300x169.jpg 300w, https:\/\/www.hairstore.pl\/blog\/wp-content\/uploads\/2019\/12\/ciekawe-pomysly-na-fryzury-768x432.jpg 768w, https:\/\/www.hairstore.pl\/blog\/wp-content\/uploads\/2019\/12\/ciekawe-pomysly-na-fryzury-1024x576.jpg 1024w\" sizes=\"(max-width: 1200px) 100vw, 1200px\" \/><figcaption id=\"caption-attachment-13146\" class=\"wp-caption-text\">\u0179r\u00f3d\u0142o:\u00a0ecole-courses.co.uk,\u00a0conceptioncheveux.club,\u00a0@viola_pyak<\/figcaption><\/figure>\n<h2>Fryzury glamour na karnawa\u0142 i nie tylko<\/h2>\n<p>Per\u0142y to nie jedyny dodatek, kt\u00f3ry ostatnio jest popularny. Dla dziewczyn, kt\u00f3re ceni\u0105 sobie bardziej rockowy wygl\u0105d, mamy jeszcze inn\u0105 propozycj\u0119. W kitk\u0119 mianowicie mo\u017cna wple\u015b\u0107&#8230; <strong>\u0142a\u0144cuchy<\/strong>. Ten rockowy dodatek sprawia, \u017ce z pozoru zwyk\u0142y kucyk zaczyna wygl\u0105da\u0107 zjawiskowo.<\/p>\n<figure id=\"attachment_13147\" aria-describedby=\"caption-attachment-13147\" style=\"width: 1200px\" class=\"wp-caption aligncenter\"><img decoding=\"async\" class=\"size-full wp-image-13147\" src=\"https:\/\/www.hairstore.pl\/blog\/wp-content\/uploads\/2019\/12\/fryzury-glamour.jpg\" alt=\"fryzury glamour, damskie fryzury, fryzury na bal\" width=\"1200\" height=\"675\" srcset=\"https:\/\/www.hairstore.pl\/blog\/wp-content\/uploads\/2019\/12\/fryzury-glamour.jpg 800w, https:\/\/www.hairstore.pl\/blog\/wp-content\/uploads\/2019\/12\/fryzury-glamour-300x169.jpg 300w, https:\/\/www.hairstore.pl\/blog\/wp-content\/uploads\/2019\/12\/fryzury-glamour-768x432.jpg 768w, https:\/\/www.hairstore.pl\/blog\/wp-content\/uploads\/2019\/12\/fryzury-glamour-1024x576.jpg 1024w\" sizes=\"(max-width: 1200px) 100vw, 1200px\" \/><figcaption id=\"caption-attachment-13147\" class=\"wp-caption-text\">\u0179r\u00f3d\u0142o:\u00a0annatour1.com,\u00a0thefashionspot.com,\u00a0totalskinandbodycare.info<\/figcaption><\/figure>\n<p>\u0141a\u0144cuszki mo\u017cna pu\u015bci\u0107 luzem, zaple\u015b\u0107 w warkocz albo ople\u015b\u0107 nimi kucyk. W ka\u017cdej wersji taka \u0142a\u0144cuchowa fryzura wygl\u0105da cudownie!<\/p>\n<figure id=\"attachment_13148\" aria-describedby=\"caption-attachment-13148\" style=\"width: 1200px\" class=\"wp-caption aligncenter\"><img decoding=\"async\" class=\"size-full wp-image-13148\" src=\"https:\/\/www.hairstore.pl\/blog\/wp-content\/uploads\/2019\/12\/kitki-pomysly-na-fryzury.jpg\" alt=\"\u0142a\u0144cuszki we w\u0142osach, pomys\u0142y na damskie fryzury, rockowe fryzury\" width=\"1200\" height=\"675\" srcset=\"https:\/\/www.hairstore.pl\/blog\/wp-content\/uploads\/2019\/12\/kitki-pomysly-na-fryzury.jpg 800w, https:\/\/www.hairstore.pl\/blog\/wp-content\/uploads\/2019\/12\/kitki-pomysly-na-fryzury-300x169.jpg 300w, https:\/\/www.hairstore.pl\/blog\/wp-content\/uploads\/2019\/12\/kitki-pomysly-na-fryzury-768x432.jpg 768w, https:\/\/www.hairstore.pl\/blog\/wp-content\/uploads\/2019\/12\/kitki-pomysly-na-fryzury-1024x576.jpg 1024w\" sizes=\"(max-width: 1200px) 100vw, 1200px\" \/><figcaption id=\"caption-attachment-13148\" class=\"wp-caption-text\">\u0179r\u00f3d\u0142o:\u00a0glamour.com,\u00a0fashionisers.com,\u00a0noticiastu.com<\/figcaption><\/figure>\n<h2>Modne fryzury w stylu glamour<\/h2>\n<p>Chyba ju\u017c widzisz pewn\u0105 prawid\u0142owo\u015b\u0107 &#8211; do kucyka wystarczy doda\u0107 niecodzienne dodatki, \u017ceby ca\u0142o\u015b\u0107 nabra\u0142a nowego charakteru. Wa\u017cne te\u017c, \u017ceby w\u0142osy by\u0142y idealnie g\u0142adkie. Kucyk zalecamy wi\u0105za\u0107 przy karku, na dole.<\/p>\n<p><strong>Mo\u017cesz do kucyka doda\u0107 per\u0142y, wple\u015b\u0107 \u0142a\u0144cuszki albo do\u0142\u0105czy\u0107 ka\u017cdy inny dodatek, kt\u00f3ry przychodzi Ci do g\u0142owy, a do tego \u015bwieci si\u0119 i wygl\u0105da kosztownie<\/strong>. A kosztowny wcale by\u0107 nie musi, bo przecie\u017c nie zach\u0119camy do wydawania milion\u00f3w i wplatania prawdziwych pere\u0142 we w\u0142osy. Imitacje r\u00f3wnie\u017c b\u0119d\u0105 wygl\u0105da\u0107 doskonale.<\/p>\n<p>Poni\u017cej znajdziesz kilka innych pomys\u0142\u00f3w na <strong>eleganckie fryzury damskie<\/strong>, kt\u00f3re zachwycaj\u0105 oryginalno\u015bci\u0105 i pazurem.<\/p>\n<figure id=\"attachment_13149\" aria-describedby=\"caption-attachment-13149\" style=\"width: 1200px\" class=\"wp-caption aligncenter\"><img decoding=\"async\" class=\"size-full wp-image-13149\" src=\"https:\/\/www.hairstore.pl\/blog\/wp-content\/uploads\/2019\/12\/fryzury-na-sylwestra.jpg\" alt=\"\u0142a\u0144cuszki we w\u0142osach, eleganckie fryzury\" width=\"1200\" height=\"675\" srcset=\"https:\/\/www.hairstore.pl\/blog\/wp-content\/uploads\/2019\/12\/fryzury-na-sylwestra.jpg 800w, https:\/\/www.hairstore.pl\/blog\/wp-content\/uploads\/2019\/12\/fryzury-na-sylwestra-300x169.jpg 300w, https:\/\/www.hairstore.pl\/blog\/wp-content\/uploads\/2019\/12\/fryzury-na-sylwestra-768x432.jpg 768w, https:\/\/www.hairstore.pl\/blog\/wp-content\/uploads\/2019\/12\/fryzury-na-sylwestra-1024x576.jpg 1024w\" sizes=\"(max-width: 1200px) 100vw, 1200px\" \/><figcaption id=\"caption-attachment-13149\" class=\"wp-caption-text\">\u0179r\u00f3d\u0142o:\u00a0ofeminin.pl,\u00a0leletny.com,\u00a0dazeddigital.com<\/figcaption><\/figure>\n<figure id=\"attachment_13150\" aria-describedby=\"caption-attachment-13150\" style=\"width: 1200px\" class=\"wp-caption aligncenter\"><img decoding=\"async\" class=\"size-full wp-image-13150\" src=\"https:\/\/www.hairstore.pl\/blog\/wp-content\/uploads\/2019\/12\/pomysly-na-kitke.jpg\" alt=\"kucyk glamour, kitka glamour, elegancka kitka\" width=\"1200\" height=\"675\" srcset=\"https:\/\/www.hairstore.pl\/blog\/wp-content\/uploads\/2019\/12\/pomysly-na-kitke.jpg 800w, https:\/\/www.hairstore.pl\/blog\/wp-content\/uploads\/2019\/12\/pomysly-na-kitke-300x169.jpg 300w, https:\/\/www.hairstore.pl\/blog\/wp-content\/uploads\/2019\/12\/pomysly-na-kitke-768x432.jpg 768w, https:\/\/www.hairstore.pl\/blog\/wp-content\/uploads\/2019\/12\/pomysly-na-kitke-1024x576.jpg 1024w\" sizes=\"(max-width: 1200px) 100vw, 1200px\" \/><figcaption id=\"caption-attachment-13150\" class=\"wp-caption-text\">\u0179r\u00f3d\u0142o:\u00a0@artsxdesign,\u00a0@privesalonandstylebar,\u00a0annatour1.com<\/figcaption><\/figure>\n<p>Jak widzisz, kilka dodatk\u00f3w, jak \u0142a\u0144cuszki, ozdoby, ozdobne sznureczki, tasiemki, koraliki potrafi\u0105 zmieni\u0107 ca\u0142\u0105 fryzur\u0119. Najlepiej, \u017ceby by\u0142y utrzymane w kolorystyce z\u0142ota i srebra.<\/p>\n<figure id=\"attachment_13151\" aria-describedby=\"caption-attachment-13151\" style=\"width: 1200px\" class=\"wp-caption aligncenter\"><img decoding=\"async\" class=\"size-full wp-image-13151\" src=\"https:\/\/www.hairstore.pl\/blog\/wp-content\/uploads\/2019\/12\/fryzury-na-karnawal.jpg\" alt=\"eleganckie fryzury\" width=\"1200\" height=\"675\" srcset=\"https:\/\/www.hairstore.pl\/blog\/wp-content\/uploads\/2019\/12\/fryzury-na-karnawal.jpg 800w, https:\/\/www.hairstore.pl\/blog\/wp-content\/uploads\/2019\/12\/fryzury-na-karnawal-300x169.jpg 300w, https:\/\/www.hairstore.pl\/blog\/wp-content\/uploads\/2019\/12\/fryzury-na-karnawal-768x432.jpg 768w, https:\/\/www.hairstore.pl\/blog\/wp-content\/uploads\/2019\/12\/fryzury-na-karnawal-1024x576.jpg 1024w\" sizes=\"(max-width: 1200px) 100vw, 1200px\" \/><figcaption id=\"caption-attachment-13151\" class=\"wp-caption-text\">\u0179r\u00f3d\u0142o:\u00a0etsy.com,\u00a0chicbetter.com,\u00a0glamour.com<\/figcaption><\/figure>\n<p>Co s\u0105dzicie o tym nowym trendzie? Macie ochot\u0119 na takie fryzury na karnawa\u0142? I z pewno\u015bci\u0105 zgodzicie si\u0119 ju\u017c z tez\u0105, kt\u00f3r\u0105 postawi\u0142am ju\u017c na samym pocz\u0105tku tego artyku\u0142u, \u017ce <strong>kucyk wcale nie musi by\u0107 nudny<\/strong>!<\/p>\n<div id=\"hsbp-3\" class=\"hsbp\"><\/div>\n<p><script type='text\/javascript' src='https:\/\/www.hairstore.pl\/produkty_wordpress.php?dst=hsbp-3&#038;prods=3366,5735,3649,17952,1524'><\/script><\/p>\n","protected":false},"excerpt":{"rendered":"<p>Kto powiedzia\u0142, \u017ce kitka musi by\u0107 nudna? Nic bardziej mylnego! Teraz na czasie s\u0105 pi\u0119kne fryzury glamour, szczeg\u00f3lnie z ozdobami z pere\u0142, kt\u00f3re \u015bwi\u0119c\u0105 te\u017c triumfy w modzie sylwestrowej. I w\u0142a\u015bnie dlatego przygotowa\u0142am dla Was galeri\u0119 z naprawd\u0119 eleganckimi kucykami w wersji glamour.<\/p>\n","protected":false},"author":8,"featured_media":13157,"comment_status":"open","ping_status":"open","sticky":false,"template":"","format":"standard","meta":{"footnotes":""},"categories":[9421],"tags":[],"yst_prominent_words":[7709,801,8535,784,8532,8539,8537,8528,8540,2074,4966,8530,8529,8496,8538,2393,954,802,717,737],"class_list":["post-13143","post","type-post","status-publish","format-standard","has-post-thumbnail","hentry","category-trendy"],"_links":{"self":[{"href":"https:\/\/www.hairstore.pl\/blog\/wp-json\/wp\/v2\/posts\/13143","targetHints":{"allow":["GET"]}}],"collection":[{"href":"https:\/\/www.hairstore.pl\/blog\/wp-json\/wp\/v2\/posts"}],"about":[{"href":"https:\/\/www.hairstore.pl\/blog\/wp-json\/wp\/v2\/types\/post"}],"author":[{"embeddable":true,"href":"https:\/\/www.hairstore.pl\/blog\/wp-json\/wp\/v2\/users\/8"}],"replies":[{"embeddable":true,"href":"https:\/\/www.hairstore.pl\/blog\/wp-json\/wp\/v2\/comments?post=13143"}],"version-history":[{"count":9,"href":"https:\/\/www.hairstore.pl\/blog\/wp-json\/wp\/v2\/posts\/13143\/revisions"}],"predecessor-version":[{"id":13163,"href":"https:\/\/www.hairstore.pl\/blog\/wp-json\/wp\/v2\/posts\/13143\/revisions\/13163"}],"wp:featuredmedia":[{"embeddable":true,"href":"https:\/\/www.hairstore.pl\/blog\/wp-json\/wp\/v2\/media\/13157"}],"wp:attachment":[{"href":"https:\/\/www.hairstore.pl\/blog\/wp-json\/wp\/v2\/media?parent=13143"}],"wp:term":[{"taxonomy":"category","embeddable":true,"href":"https:\/\/www.hairstore.pl\/blog\/wp-json\/wp\/v2\/categories?post=13143"},{"taxonomy":"post_tag","embeddable":true,"href":"https:\/\/www.hairstore.pl\/blog\/wp-json\/wp\/v2\/tags?post=13143"},{"taxonomy":"yst_prominent_words","embeddable":true,"href":"https:\/\/www.hairstore.pl\/blog\/wp-json\/wp\/v2\/yst_prominent_words?post=13143"}],"curies":[{"name":"wp","href":"https:\/\/api.w.org\/{rel}","templated":true}]}}