{"id":12970,"date":"2019-12-13T08:04:59","date_gmt":"2019-12-13T07:04:59","guid":{"rendered":"https:\/\/www.hairstore.pl\/blog\/?p=12970"},"modified":"2020-12-02T09:28:00","modified_gmt":"2020-12-02T08:28:00","slug":"fryzury-dla-dziewczynki-swieta","status":"publish","type":"post","link":"https:\/\/www.hairstore.pl\/blog\/fryzury-dla-dziewczynki-swieta\/","title":{"rendered":"Fryzury na \u015bwi\u0119ta dla dzieci &#8211; mn\u00f3stwo pomys\u0142\u00f3w"},"content":{"rendered":"<p>Nie wiesz, jak uczesa\u0107 dziecko na bo\u017conarodzeniowe \u015bwi\u0119ta? Je\u015bli odpadaj\u0105 zwyk\u0142e kucyki i warkocze, mamy dla Ciebie kilka propozycji. W galerii zebrali\u015bmy ciekawe fryzury na \u015bwi\u0119ta dla dziewczynek. Z wi\u0119kszo\u015bci\u0105 z nich poradzisz sobie sama. Jedne s\u0105 bardziej eleganckie, inne zabawne i szalone.<\/p>\n<p><!--more--><\/p>\n<p>\u015awi\u0119ta bo\u017conarodzeniowe s\u0105 tylko raz w roku i warto postara\u0107 si\u0119, \u017ceby te dni by\u0142y magiczne. Jest wiele sposob\u00f3w na to, \u017ceby wyczarowa\u0107 magi\u0119 \u015bwi\u0105t. Pewnie z Bo\u017cym Narodzeniem kojarzy Ci si\u0119 zapach pomara\u0144czy i choinki, kol\u0119dy, \u015bnieg (cho\u0107 ostatnio jako\u015b rzadko go wida\u0107), \u015bwiate\u0142ka. Ca\u0142\u0105 t\u0105 atmosfer\u0119 mo\u017cna jeszcze dodatkowo podkr\u0119ci\u0107. Jak? Ciekaw\u0105 fryzur\u0105. Zobaczysz, \u017ce dzieci b\u0119d\u0105 czu\u0142y si\u0119 wyj\u0105tkowo, je\u015bli uczeszesz je nietypowo. Taka \u015bwi\u0105teczna fryzura podkre\u015bli charakter tych specjalnych dni. A mo\u017ce te\u017c by\u0107 \u015bwietn\u0105 zabaw\u0105! Z pewno\u015bci\u0105 wiele dziewczynek chcia\u0142oby si\u0119 zamieni\u0107 na \u015bwi\u0119ta w reniferka! Jaki\u015b czas temu prezentowali\u015bmy <a href=\"https:\/\/www.hairstore.pl\/blog\/fryzury-na-swieta-bozego-narodzenia-2018\/\">eleganckie fryzury na \u015bwi\u0119ta i nie tylko<\/a>, teraz stworzyli\u015bmy galeri\u0119 specjalnie z my\u015bl\u0105 o ma\u0142ych ksi\u0119\u017cniczkach.<\/p>\n<ul class=\"article-menu article-menu-v2\">\n<li>jak zamieni\u0107 ma\u0142\u0105 dziewczynk\u0119 w bajkowego reniferka<\/li>\n<li>pomys\u0142y na ciekawe warkocze i plecionki w sam raz na \u015bwi\u0119ta<\/li>\n<li>czy z w\u0142os\u00f3w da si\u0119 ulepi\u0107 ba\u0142wana<\/li>\n<li>fryzury dla dzieci na \u015bwi\u0119ta z przymru\u017ceniem oka<\/li>\n<\/ul>\n<h2>Rudolf, czerwononosy renifer&#8230;<\/h2>\n<p>Niew\u0105tpliwie bohaterem \u015bwi\u0105t jest pewien odwa\u017cny, ale malutki czerwononosy renifer. Oczywi\u015bcie mowa o <strong>Rudolfie<\/strong>! Nic wi\u0119c dziwnego, \u017ce w\u015br\u00f3d \u015bwi\u0105tecznych fryzur prym wiod\u0105 te zainspirowane urocz\u0105 postaci\u0105 z bajki. Dzieci uwielbiaj\u0105 Rudolfa. A w\u0142osy ma\u0142ych dziewczynek doskonale nadaj\u0105 si\u0119 do tego, \u017ceby zamieni\u0107 si\u0119 w renifera.<\/p>\n<figure id=\"attachment_12971\" aria-describedby=\"caption-attachment-12971\" style=\"width: 1200px\" class=\"wp-caption aligncenter\"><img decoding=\"async\" class=\"wp-image-12971 size-full\" src=\"https:\/\/www.hairstore.pl\/blog\/wp-content\/uploads\/2019\/11\/fryzury-dla-dzieci-reniferki.jpg\" alt=\"\u015bmieszne fryzury dla dzieci, \u015bwi\u0119ta, rudolf, ciekawe fryzury\" width=\"1200\" height=\"675\" srcset=\"https:\/\/www.hairstore.pl\/blog\/wp-content\/uploads\/2019\/11\/fryzury-dla-dzieci-reniferki.jpg 800w, https:\/\/www.hairstore.pl\/blog\/wp-content\/uploads\/2019\/11\/fryzury-dla-dzieci-reniferki-300x169.jpg 300w, https:\/\/www.hairstore.pl\/blog\/wp-content\/uploads\/2019\/11\/fryzury-dla-dzieci-reniferki-768x432.jpg 768w, https:\/\/www.hairstore.pl\/blog\/wp-content\/uploads\/2019\/11\/fryzury-dla-dzieci-reniferki-1024x576.jpg 1024w\" sizes=\"(max-width: 1200px) 100vw, 1200px\" \/><figcaption id=\"caption-attachment-12971\" class=\"wp-caption-text\">\u0179r\u00f3d\u0142o: 50fashionholic.com, simpleasthatblog.com, thelatestfashiontrends.com<\/figcaption><\/figure>\n<div id=\"hsbp-1\" class=\"hsbp\"><\/div>\n<p><script type='text\/javascript' src='https:\/\/www.hairstore.pl\/produkty_wordpress.php?dst=hsbp-1&#038;prods=21371,21368,342,343'><\/script><\/p>\n<p>Najprostszy spos\u00f3b to kupienie spinek z rogami renifera. Podobne ozdoby do w\u0142os\u00f3w mo\u017cesz te\u017c zrobi\u0107 sama. Wystarczy do zwyk\u0142ych spinek doklei\u0107 rogi i inne ozdoby, na przyk\u0142ad wst\u0105\u017cki. \u017beby wykona\u0107 drug\u0105 fryzur\u0119, przygotuj<a href=\"https:\/\/www.hairstore.pl\/klipsy-klamry-wsuwki-c449.html\"> wsuwki, ozdoby<\/a>, ewentualnie <a href=\"https:\/\/www.hairstore.pl\/wypelnienia-kokow-siatki-c456.html\">wype\u0142niacz do koka<\/a>. Najpierw przygotuj oczy, nos i rogi. W tym celu wytnij z bloku technicznego oczy (kropki domaluj czarnym flamastrem), z drucik\u00f3w kreatywnych przygotuj rogi, przyda si\u0119 r\u00f3wnie\u017c ma\u0142y pomponik. W sumie wszystkie te drobiazgi znajdziesz w sklepie plastycznym. <strong>Oczy, rogi i czerwony noc przyklej do zwyk\u0142ych wskuwek<\/strong>. Teraz zr\u00f3b kitk\u0119, zawi\u0144 kok (mo\u017cesz u\u017cy\u0107 wype\u0142niacza albo specjalnej spinki do zawijania kok\u00f3w), a potem wepnij ozdoby. I gotowe!<\/p>\n<div id=\"hsbp-2\" class=\"hsbp\"><\/div>\n<p><script type='text\/javascript' src='https:\/\/www.hairstore.pl\/produkty_wordpress.php?dst=hsbp-2&#038;prods=3120,637,638,692,636'><\/script><\/p>\n<p>Poni\u017cej jeszcze instrukcja w formie infografiki.<\/p>\n<p><img decoding=\"async\" class=\"aligncenter size-full wp-image-13066\" src=\"https:\/\/www.hairstore.pl\/blog\/wp-content\/uploads\/2019\/11\/fryzury-dla-dzieci-tutorial.jpg\" alt=\"jak zrobi\u0107 fryzur\u0119 rudolfa, koki dla dzieci, fryzury dla dziewczynek, fryzury na \u015bwi\u0119ta\" width=\"1200\" height=\"1260\" srcset=\"https:\/\/www.hairstore.pl\/blog\/wp-content\/uploads\/2019\/11\/fryzury-dla-dzieci-tutorial.jpg 800w, https:\/\/www.hairstore.pl\/blog\/wp-content\/uploads\/2019\/11\/fryzury-dla-dzieci-tutorial-286x300.jpg 286w, https:\/\/www.hairstore.pl\/blog\/wp-content\/uploads\/2019\/11\/fryzury-dla-dzieci-tutorial-768x806.jpg 768w, https:\/\/www.hairstore.pl\/blog\/wp-content\/uploads\/2019\/11\/fryzury-dla-dzieci-tutorial-975x1024.jpg 975w\" sizes=\"(max-width: 1200px) 100vw, 1200px\" \/><\/p>\n<h2>Nie ma \u015bwi\u0105t bez choinki<\/h2>\n<p>Je\u015bli Twoja c\u00f3rka ma d\u0142ugie w\u0142osy, wyczaruj z nich choink\u0119. A pomys\u0142\u00f3w jest ca\u0142e mn\u00f3stwo, wi\u0119kszo\u015b\u0107 z nich opiera si\u0119 na zaplataniu w\u0142os\u00f3w. Do zrobienia choinki z w\u0142os\u00f3w przydadz\u0105 si\u0119 z pewno\u015bci\u0105 <a href=\"https:\/\/www.hairstore.pl\/gumki-do-wlosow-c1234.html\">gumki<\/a>, ciekawe spinki, wst\u0105\u017ceczki, r\u00f3\u017cne ozdoby. I znowu, je\u015bli potrzebujesz do ca\u0142ej stylizacji gwiazdek, \u015bnie\u017cynek czy bombek, po prostu <strong>ozdoby przyklej do wsuwek, spinek, gumek<\/strong>.<\/p>\n<figure id=\"attachment_12972\" aria-describedby=\"caption-attachment-12972\" style=\"width: 1200px\" class=\"wp-caption aligncenter\"><img decoding=\"async\" class=\"wp-image-12972 size-full\" src=\"https:\/\/www.hairstore.pl\/blog\/wp-content\/uploads\/2019\/11\/choinka-z-wlosow.jpg\" alt=\"choinka z w\u0142os\u00f3w, fryzury dla dziewczynek\" width=\"1200\" height=\"675\" srcset=\"https:\/\/www.hairstore.pl\/blog\/wp-content\/uploads\/2019\/11\/choinka-z-wlosow.jpg 800w, https:\/\/www.hairstore.pl\/blog\/wp-content\/uploads\/2019\/11\/choinka-z-wlosow-300x169.jpg 300w, https:\/\/www.hairstore.pl\/blog\/wp-content\/uploads\/2019\/11\/choinka-z-wlosow-768x432.jpg 768w, https:\/\/www.hairstore.pl\/blog\/wp-content\/uploads\/2019\/11\/choinka-z-wlosow-1024x576.jpg 1024w\" sizes=\"(max-width: 1200px) 100vw, 1200px\" \/><figcaption id=\"caption-attachment-12972\" class=\"wp-caption-text\">\u0179r\u00f3d\u0142o: babesinhairland.com, fashiontopia.com, allhairstyle.info<\/figcaption><\/figure>\n<p>Wiele zale\u017cy od tego, jakie masz zdolno\u015bci w zaplataniu warkoczy. Technik zaplatania jest ca\u0142e mn\u00f3stwo. Tutoriali poszukaj w internecie, potem ca\u0142o\u015b\u0107 wyko\u0144cz typowo \u015bwi\u0105tecznymi ozdobami i gotowe.<\/p>\n<p>Sprawd\u017a te\u017c: <a href=\"https:\/\/www.hairstore.pl\/blog\/oszukany-warkocz-czyli-idealna-fryzura-do-pracy-i-na-impreze\/\">Jak zrobi\u0107 b\u0105belkowy warkocz?<\/a><\/p>\n<figure id=\"attachment_12973\" aria-describedby=\"caption-attachment-12973\" style=\"width: 1200px\" class=\"wp-caption aligncenter\"><img decoding=\"async\" class=\"wp-image-12973 size-full\" src=\"https:\/\/www.hairstore.pl\/blog\/wp-content\/uploads\/2019\/11\/fryzury-dla-dzieci-na-swieta.jpg\" alt=\"choinka z w\u0142os\u00f3w, ciekawe pomys\u0142y na fryzury dla dzieci, fryzury na wigili\u0119\" width=\"1200\" height=\"675\" srcset=\"https:\/\/www.hairstore.pl\/blog\/wp-content\/uploads\/2019\/11\/fryzury-dla-dzieci-na-swieta.jpg 800w, https:\/\/www.hairstore.pl\/blog\/wp-content\/uploads\/2019\/11\/fryzury-dla-dzieci-na-swieta-300x169.jpg 300w, https:\/\/www.hairstore.pl\/blog\/wp-content\/uploads\/2019\/11\/fryzury-dla-dzieci-na-swieta-768x432.jpg 768w, https:\/\/www.hairstore.pl\/blog\/wp-content\/uploads\/2019\/11\/fryzury-dla-dzieci-na-swieta-1024x576.jpg 1024w\" sizes=\"(max-width: 1200px) 100vw, 1200px\" \/><figcaption id=\"caption-attachment-12973\" class=\"wp-caption-text\">\u0179r\u00f3d\u0142o: @prettylittlebraids, grayhaircolor.top, princesspiggies.blogspot.co.uk<\/figcaption><\/figure>\n<h2>Wie\u0144ce z w\u0142os\u00f3w i urocze warkocze<\/h2>\n<p>\u015awi\u0119ta kojarz\u0105 si\u0119 te\u017c ze stroikami, wie\u0144cami. Ten motyw mo\u017cna z powodzeniem przenie\u015b\u0107 r\u00f3wnie\u017c na w\u0142osy. Podstawow\u0105 umiej\u0119tno\u015bci\u0105, jak\u0105 powinna\u015b posiada\u0107, jest <strong>zaplatanie tzw. warkocza korony<\/strong>. Do takiej plecionki wystarczy doda\u0107 ozdoby z motywami \u015bwi\u0105tecznymi.<\/p>\n<p>Poni\u017csza grafika powinna Ci u\u0142atwi\u0107 zrobienie warkocza korony. Wbrew pozorom nie jest to takie trudne.<\/p>\n<p><img decoding=\"async\" class=\"aligncenter size-full wp-image-13069\" src=\"https:\/\/www.hairstore.pl\/blog\/wp-content\/uploads\/2019\/11\/korona-z-warkocza-tutorial.jpg\" alt=\"korona warkocz, korona z warkocza, jak robi\u0107 dobieranego warkocza\" width=\"1200\" height=\"1368\" srcset=\"https:\/\/www.hairstore.pl\/blog\/wp-content\/uploads\/2019\/11\/korona-z-warkocza-tutorial.jpg 800w, https:\/\/www.hairstore.pl\/blog\/wp-content\/uploads\/2019\/11\/korona-z-warkocza-tutorial-263x300.jpg 263w, https:\/\/www.hairstore.pl\/blog\/wp-content\/uploads\/2019\/11\/korona-z-warkocza-tutorial-768x876.jpg 768w, https:\/\/www.hairstore.pl\/blog\/wp-content\/uploads\/2019\/11\/korona-z-warkocza-tutorial-898x1024.jpg 898w\" sizes=\"(max-width: 1200px) 100vw, 1200px\" \/><\/p>\n<p>Jest te\u017c wiele innych pomys\u0142\u00f3w na plecionki.Niekt\u00f3re prezentujemy na zdj\u0119ciach poni\u017cej. <strong>Wystarczy doda\u0107 kilka wst\u0105\u017cek, a ca\u0142a fryzura nabiera zupe\u0142nie innego oblicza<\/strong>.<\/p>\n<figure id=\"attachment_12977\" aria-describedby=\"caption-attachment-12977\" style=\"width: 1200px\" class=\"wp-caption aligncenter\"><img decoding=\"async\" class=\"wp-image-12977 size-full\" src=\"https:\/\/www.hairstore.pl\/blog\/wp-content\/uploads\/2019\/11\/swiateczne-warkocze.jpg\" alt=\"warkocze dla dziewczynek, warkocze na \u015bwi\u0119ta\" width=\"1200\" height=\"675\" srcset=\"https:\/\/www.hairstore.pl\/blog\/wp-content\/uploads\/2019\/11\/swiateczne-warkocze.jpg 800w, https:\/\/www.hairstore.pl\/blog\/wp-content\/uploads\/2019\/11\/swiateczne-warkocze-300x169.jpg 300w, https:\/\/www.hairstore.pl\/blog\/wp-content\/uploads\/2019\/11\/swiateczne-warkocze-768x432.jpg 768w, https:\/\/www.hairstore.pl\/blog\/wp-content\/uploads\/2019\/11\/swiateczne-warkocze-1024x576.jpg 1024w\" sizes=\"(max-width: 1200px) 100vw, 1200px\" \/><figcaption id=\"caption-attachment-12977\" class=\"wp-caption-text\">\u0179r\u00f3d\u0142o: hairstylescuts.info, amusetity.com, @jennishairdays<\/figcaption><\/figure>\n<p>Do \u015bwi\u0105tecznych fryzur idealnie nadaj\u0105 si\u0119 wst\u0105\u017cki w kolorze zielonym, czerwonym i bia\u0142ym. To w\u0142a\u015bnie te barwy przewijaj\u0105 si\u0119 w r\u00f3\u017cnych ozdobach i gad\u017cetach bo\u017conarodzeniowych. Dlaczego wi\u0119c mia\u0142yby nie pojawi\u0107 si\u0119 w dziewcz\u0119cych fryzurach<\/p>\n<h2>\u015amieszne fryzury dla dzieci na \u015bwi\u0119ta<\/h2>\n<p>Mamy te\u017c kilka propozycji dla os\u00f3b z poczuciem humoru. Co prawda s\u0105 do\u015b\u0107 abstrakcyjne, a przez to nieco trudniejsze do wykonania, ale mo\u017ce zainspiruj\u0105 Was do tworzenia w\u0142asnych historii na g\u0142owie.<\/p>\n<p>\u015awi\u0119ta Bo\u017cego Narodzenia s\u0105 bardzo przyjemnym czasem, mo\u017cna te\u017c podej\u015b\u0107 do ca\u0142ej sprawy z humorem. \u017beby wyczarowa\u0107 \u015bmieszn\u0105 fryzur\u0119 dla dzieci na \u015bwi\u0119ta potrzebujesz przede wszystkim lampek choinkowych, ozd\u00f3b i&#8230; odrobiny kreatywno\u015bci. <strong>Uruchom wyobra\u017ani\u0119 i zaszalej!<\/strong><\/p>\n<figure id=\"attachment_12975\" aria-describedby=\"caption-attachment-12975\" style=\"width: 1200px\" class=\"wp-caption aligncenter\"><img decoding=\"async\" class=\"wp-image-12975 size-full\" src=\"https:\/\/www.hairstore.pl\/blog\/wp-content\/uploads\/2019\/11\/lampki-we-wlosach.jpg\" alt=\"\u015bmieszne fryzury na \u015bwi\u0119ta, smieszne fryzury dla dziewczynek, fryzury na wigili\u0119, fryzury na bo\u017ce narodzenie\" width=\"1200\" height=\"675\" srcset=\"https:\/\/www.hairstore.pl\/blog\/wp-content\/uploads\/2019\/11\/lampki-we-wlosach.jpg 800w, https:\/\/www.hairstore.pl\/blog\/wp-content\/uploads\/2019\/11\/lampki-we-wlosach-300x169.jpg 300w, https:\/\/www.hairstore.pl\/blog\/wp-content\/uploads\/2019\/11\/lampki-we-wlosach-768x432.jpg 768w, https:\/\/www.hairstore.pl\/blog\/wp-content\/uploads\/2019\/11\/lampki-we-wlosach-1024x576.jpg 1024w\" sizes=\"(max-width: 1200px) 100vw, 1200px\" \/><figcaption id=\"caption-attachment-12975\" class=\"wp-caption-text\">\u0179r\u00f3d\u0142o: hairstyle.patilere.com, maylopez.com, besthaircolorphoto.blogspot.com<\/figcaption><\/figure>\n<p>A co powiesz na <strong>w\u0142osowego ba\u0142wanka<\/strong>? Zrobienie takiej fryzury wymaga mn\u00f3stwo zachodu, ale efekty potem s\u0105 spektakularne. I zapewniamy, \u017ce obok takiej \u015bwi\u0105tecznej fryzury nikt nie przejdzie oboj\u0119tnie!<\/p>\n<figure id=\"attachment_12976\" aria-describedby=\"caption-attachment-12976\" style=\"width: 1200px\" class=\"wp-caption aligncenter\"><img decoding=\"async\" class=\"wp-image-12976 size-full\" src=\"https:\/\/www.hairstore.pl\/blog\/wp-content\/uploads\/2019\/11\/balwanki-z-wlosow.jpg\" alt=\"ba\u0142wanek z w\u0142os\u00f3w, oryginalne fryzury na \u015bwi\u0119ta\" width=\"1200\" height=\"675\" srcset=\"https:\/\/www.hairstore.pl\/blog\/wp-content\/uploads\/2019\/11\/balwanki-z-wlosow.jpg 800w, https:\/\/www.hairstore.pl\/blog\/wp-content\/uploads\/2019\/11\/balwanki-z-wlosow-300x169.jpg 300w, https:\/\/www.hairstore.pl\/blog\/wp-content\/uploads\/2019\/11\/balwanki-z-wlosow-768x432.jpg 768w, https:\/\/www.hairstore.pl\/blog\/wp-content\/uploads\/2019\/11\/balwanki-z-wlosow-1024x576.jpg 1024w\" sizes=\"(max-width: 1200px) 100vw, 1200px\" \/><figcaption id=\"caption-attachment-12976\" class=\"wp-caption-text\">\u0179r\u00f3d\u0142o: womansworld.com, tatowierung.net, fallhair.top<\/figcaption><\/figure>\n<h2>Na czasie: fryzury w stylu Elsy z Krainy Lodu<\/h2>\n<p>Tak si\u0119 z\u0142o\u017cy\u0142o, \u017ce nadchodz\u0105ce \u015bwi\u0119ta bo\u017conarodzeniowe zbieg\u0142y si\u0119 w czasie z g\u0142o\u015bn\u0105 premier\u0105 kinow\u0105. Mowa oczywi\u015bcie o <em><strong>Krainie Lodu<\/strong><\/em>, czyli historii, kt\u00f3ra skrad\u0142a serca ma\u0142ych dziewczynek i nie tylko. Wprowad\u017a nieco magii i uczesz swoj\u0105 ma\u0142\u0105 gwiazd\u0119 w warkocz, kt\u00f3ry nosi\u0142a Elsa. Prawda, \u017ce to \u015bwietny pomys\u0142?<\/p>\n<p>Fryzura w stylu Elsy z <em>Krainy Lodu<\/em> mo\u017ce nie jest typowa \u015bwi\u0105teczna, ale \u015bwietnie wpisuje si\u0119 w klimat zimowy. I jest do\u015b\u0107 \u0142atwa do wykonania. Oczywi\u015bcie najlepiej wychodzi z d\u0142ugich i grubych w\u0142os\u00f3w.<\/p>\n<figure id=\"attachment_12987\" aria-describedby=\"caption-attachment-12987\" style=\"width: 1200px\" class=\"wp-caption aligncenter\"><img decoding=\"async\" class=\"wp-image-12987 size-full\" src=\"https:\/\/www.hairstore.pl\/blog\/wp-content\/uploads\/2019\/11\/kraina-lodu-fryzury.jpg\" alt=\"elsa, elza, fryzury na els\u0119, fryzury z krainy lodu\" width=\"1200\" height=\"675\" srcset=\"https:\/\/www.hairstore.pl\/blog\/wp-content\/uploads\/2019\/11\/kraina-lodu-fryzury.jpg 800w, https:\/\/www.hairstore.pl\/blog\/wp-content\/uploads\/2019\/11\/kraina-lodu-fryzury-300x169.jpg 300w, https:\/\/www.hairstore.pl\/blog\/wp-content\/uploads\/2019\/11\/kraina-lodu-fryzury-768x432.jpg 768w, https:\/\/www.hairstore.pl\/blog\/wp-content\/uploads\/2019\/11\/kraina-lodu-fryzury-1024x576.jpg 1024w\" sizes=\"(max-width: 1200px) 100vw, 1200px\" \/><figcaption id=\"caption-attachment-12987\" class=\"wp-caption-text\">\u0179r\u00f3d\u0142o: ryadel.com, @mimiamassari, weddingforward.com<\/figcaption><\/figure>\n<figure id=\"attachment_12988\" aria-describedby=\"caption-attachment-12988\" style=\"width: 1200px\" class=\"wp-caption aligncenter\"><img decoding=\"async\" class=\"wp-image-12988 size-full\" src=\"https:\/\/www.hairstore.pl\/blog\/wp-content\/uploads\/2019\/11\/elsa-fryzury.jpg\" alt=\"kraina lodu, frozen, fryzury dla dziewczynek, fryzury z bajek\" width=\"1200\" height=\"675\" srcset=\"https:\/\/www.hairstore.pl\/blog\/wp-content\/uploads\/2019\/11\/elsa-fryzury.jpg 800w, https:\/\/www.hairstore.pl\/blog\/wp-content\/uploads\/2019\/11\/elsa-fryzury-300x169.jpg 300w, https:\/\/www.hairstore.pl\/blog\/wp-content\/uploads\/2019\/11\/elsa-fryzury-768x432.jpg 768w, https:\/\/www.hairstore.pl\/blog\/wp-content\/uploads\/2019\/11\/elsa-fryzury-1024x576.jpg 1024w\" sizes=\"(max-width: 1200px) 100vw, 1200px\" \/><figcaption id=\"caption-attachment-12988\" class=\"wp-caption-text\">\u0179r\u00f3d\u0142o: paigechristensen.com, tumblr.com, ourhairstyles.com<\/figcaption><\/figure>\n<p>Kt\u00f3re pomys\u0142y podobaj\u0105 si\u0119 Wam najbardziej? Planujecie zrobi\u0107 na \u015bwi\u0119ta jak\u0105\u015b szalon\u0105 fryzur\u0119? Je\u015bli macie w rodzinie brodacza, mo\u017cecie go zainspirowa\u0107 r\u00f3wnie\u017c do <a href=\"https:\/\/www.hairstore.pl\/blog\/jak-samodzielnie-przystroic-brode-na-swieta-glitter-beard-i-inne-pomysly\/\">ozdobienia brody na \u015bwi\u0119ta<\/a>. Sami te\u017c mo\u017cecie wykona\u0107 <a href=\"https:\/\/www.hairstore.pl\/blog\/smieszne-fryzury-swieta\/\">\u015bwi\u0105teczne fryzury z przymru\u017ceniem oka<\/a>.<\/p>\n<div id=\"hsbp-3\" class=\"hsbp\"><\/div>\n<p><script type='text\/javascript' src='https:\/\/www.hairstore.pl\/produkty_wordpress.php?dst=hsbp-3&#038;prods=3178,5147,17553,3624'><\/script><\/p>\n","protected":false},"excerpt":{"rendered":"<p>Nie wiesz, jak uczesa\u0107 dziecko na bo\u017conarodzeniowe \u015bwi\u0119ta? Je\u015bli odpadaj\u0105 zwyk\u0142e kucyki i warkocze, mamy dla Ciebie kilka propozycji. W galerii zebrali\u015bmy ciekawe fryzury na \u015bwi\u0119ta dla dziewczynek. Z wi\u0119kszo\u015bci\u0105 z nich poradzisz sobie sama. Jedne s\u0105 bardziej eleganckie, inne zabawne i szalone.<\/p>\n","protected":false},"author":8,"featured_media":12978,"comment_status":"open","ping_status":"open","sticky":false,"template":"","format":"standard","meta":{"footnotes":""},"categories":[2],"tags":[11381,11377],"yst_prominent_words":[8313,8320,8380,8379,784,1077,8321,3024,8381,3456,3040,8384,8383,8382,8319,3023,8377,8318,704,737],"class_list":["post-12970","post","type-post","status-publish","format-standard","has-post-thumbnail","hentry","category-aktualnosci","tag-dzieci","tag-swieta"],"_links":{"self":[{"href":"https:\/\/www.hairstore.pl\/blog\/wp-json\/wp\/v2\/posts\/12970","targetHints":{"allow":["GET"]}}],"collection":[{"href":"https:\/\/www.hairstore.pl\/blog\/wp-json\/wp\/v2\/posts"}],"about":[{"href":"https:\/\/www.hairstore.pl\/blog\/wp-json\/wp\/v2\/types\/post"}],"author":[{"embeddable":true,"href":"https:\/\/www.hairstore.pl\/blog\/wp-json\/wp\/v2\/users\/8"}],"replies":[{"embeddable":true,"href":"https:\/\/www.hairstore.pl\/blog\/wp-json\/wp\/v2\/comments?post=12970"}],"version-history":[{"count":10,"href":"https:\/\/www.hairstore.pl\/blog\/wp-json\/wp\/v2\/posts\/12970\/revisions"}],"predecessor-version":[{"id":13070,"href":"https:\/\/www.hairstore.pl\/blog\/wp-json\/wp\/v2\/posts\/12970\/revisions\/13070"}],"wp:featuredmedia":[{"embeddable":true,"href":"https:\/\/www.hairstore.pl\/blog\/wp-json\/wp\/v2\/media\/12978"}],"wp:attachment":[{"href":"https:\/\/www.hairstore.pl\/blog\/wp-json\/wp\/v2\/media?parent=12970"}],"wp:term":[{"taxonomy":"category","embeddable":true,"href":"https:\/\/www.hairstore.pl\/blog\/wp-json\/wp\/v2\/categories?post=12970"},{"taxonomy":"post_tag","embeddable":true,"href":"https:\/\/www.hairstore.pl\/blog\/wp-json\/wp\/v2\/tags?post=12970"},{"taxonomy":"yst_prominent_words","embeddable":true,"href":"https:\/\/www.hairstore.pl\/blog\/wp-json\/wp\/v2\/yst_prominent_words?post=12970"}],"curies":[{"name":"wp","href":"https:\/\/api.w.org\/{rel}","templated":true}]}}