{"id":12912,"date":"2019-11-14T13:25:05","date_gmt":"2019-11-14T12:25:05","guid":{"rendered":"https:\/\/www.hairstore.pl\/blog\/?p=12912"},"modified":"2021-01-15T11:52:50","modified_gmt":"2021-01-15T10:52:50","slug":"fryzury-na-zimowe-wesele-galeria","status":"publish","type":"post","link":"https:\/\/www.hairstore.pl\/blog\/fryzury-na-zimowe-wesele-galeria\/","title":{"rendered":"Fryzury na zimowe wesele &#8211; a\u017c 33 pomys\u0142y dla panny m\u0142odej"},"content":{"rendered":"<p>Chocia\u017c wi\u0119kszo\u015b\u0107 wesel odbywa si\u0119 mi\u0119dzy czerwcem a wrze\u015bniem, zima r\u00f3wnie\u017c jest ch\u0119tnie wybieranym okresem na zam\u0105\u017cp\u00f3j\u015bcie. Zmiana aury za oknem wi\u0105\u017ce si\u0119 te\u017c ze zmian\u0105 uczesa\u0144 czy ca\u0142ych stylizacji. I w\u0142a\u015bnie dlatego przygotowali\u015bmy galeri\u0119 z fryzurami dla panny m\u0142odej na zimowy \u015blub. Zobaczcie nasze propozycje i sprawd\u017acie, co jest modne w tym sezonie.<\/p>\n<p><!--more--><\/p>\n<p>Planujesz \u015blub w zim\u0119? Nie wiesz, jak si\u0119 uczesa\u0107? Mamy dla Ciebie bardzo du\u017co pomys\u0142\u00f3w, wi\u0119c koniecznie obejrzyj galeri\u0119. Z pewno\u015bci\u0105 w zimowe, ch\u0142odniejsze miesi\u0105ce doskonale sprawdz\u0105 si\u0119 srebrne czy po\u0142yskuj\u0105ce dodatki, eleganckie i pe\u0142ne obj\u0119to\u015bci warkocze oraz kobiece upi\u0119cia. A je\u017celi wolisz stylizacj\u0119 charakterystyczn\u0105 i wychodz\u0105c\u0105 nieco poza schematy weselnych tradycji, postaw na szerok\u0105 zdobion\u0105 opask\u0119 powlekan\u0105 materia\u0142em. To hit sezonu \u015blubnego 2019\/2020.<\/p>\n<ul class=\"article-menu article-menu-v2\">\n<li>dodatki do fryzur na zimowe wesele<\/li>\n<li>pomys\u0142y na eleganckie upi\u0119cia i koki<\/li>\n<li>warkocz w \u015blubnym wydaniu<\/li>\n<li>zimowe wianki jako ciekawy dodatek<\/li>\n<li>najmodniejszy dodatek tego sezonu \u015blubnego, czyli szerokie opaski materia\u0142owe<\/li>\n<\/ul>\n<h2>Diademy i ozdobne opaski<\/h2>\n<p>Upi\u0119cia zawsze sprawdzaj\u0105 si\u0119 na \u015blubach. <strong>Eleganckie upi\u0119cie<\/strong> pasuje do ka\u017cdego rodzaju sukni \u015blubnej, tutaj g\u0142\u00f3wn\u0105 rol\u0119 b\u0119d\u0105 pe\u0142ni\u0107 dodatki. Na zimowe wesele polecamy urocze ozdobne opaski przypominaj\u0105ce diademy. Najlepiej srebrne b\u0105d\u017a bia\u0142e, po\u0142yskuj\u0105ce, zbudowane z drobnych element\u00f3w. Taki &#8222;odwr\u00f3cony diadem&#8221; doskonale uzupe\u0142ni kok w &#8222;niedba\u0142ym stylu&#8221;, najlepiej niski.<\/p>\n<figure id=\"attachment_12913\" aria-describedby=\"caption-attachment-12913\" style=\"width: 1200px\" class=\"wp-caption aligncenter\"><img decoding=\"async\" class=\"wp-image-12913 size-full\" src=\"https:\/\/www.hairstore.pl\/blog\/wp-content\/uploads\/2019\/11\/zimowe-sluby.jpg\" alt=\"fryzury na zimowe wesele, fryzury na \u015blub, fryzury \u015blubne\" width=\"1200\" height=\"675\" srcset=\"https:\/\/www.hairstore.pl\/blog\/wp-content\/uploads\/2019\/11\/zimowe-sluby.jpg 800w, https:\/\/www.hairstore.pl\/blog\/wp-content\/uploads\/2019\/11\/zimowe-sluby-300x169.jpg 300w, https:\/\/www.hairstore.pl\/blog\/wp-content\/uploads\/2019\/11\/zimowe-sluby-768x432.jpg 768w, https:\/\/www.hairstore.pl\/blog\/wp-content\/uploads\/2019\/11\/zimowe-sluby-1024x576.jpg 1024w\" sizes=\"(max-width: 1200px) 100vw, 1200px\" \/><figcaption id=\"caption-attachment-12913\" class=\"wp-caption-text\">\u0179r\u00f3d\u0142o: weddinginvitespaper.com, damusia.pl, kerisse.info<\/figcaption><\/figure>\n<p>W zale\u017cno\u015bci od charakteru pozosta\u0142ych dodatk\u00f3w, mo\u017cesz dobra\u0107 te\u017c z\u0142ote ozdoby do w\u0142os\u00f3w albo z motywami kwiatowymi. Polecamy raczej bia\u0142e albo kremowe kwiatki w miejsce kolorowych i barwnych kwiat\u00f3w.<\/p>\n<figure id=\"attachment_12924\" aria-describedby=\"caption-attachment-12924\" style=\"width: 1200px\" class=\"wp-caption aligncenter\"><img decoding=\"async\" class=\"wp-image-12924 size-full\" src=\"https:\/\/www.hairstore.pl\/blog\/wp-content\/uploads\/2019\/11\/fryzury-na-zimowy-slub-upiecia.jpg\" alt=\"\u015blub w zim\u0119 fryzury, fryzury na \u015blub galeria, fryzury dla panny m\u0142odej galeria\" width=\"1200\" height=\"675\" srcset=\"https:\/\/www.hairstore.pl\/blog\/wp-content\/uploads\/2019\/11\/fryzury-na-zimowy-slub-upiecia.jpg 800w, https:\/\/www.hairstore.pl\/blog\/wp-content\/uploads\/2019\/11\/fryzury-na-zimowy-slub-upiecia-300x169.jpg 300w, https:\/\/www.hairstore.pl\/blog\/wp-content\/uploads\/2019\/11\/fryzury-na-zimowy-slub-upiecia-768x432.jpg 768w, https:\/\/www.hairstore.pl\/blog\/wp-content\/uploads\/2019\/11\/fryzury-na-zimowy-slub-upiecia-1024x576.jpg 1024w\" sizes=\"(max-width: 1200px) 100vw, 1200px\" \/><figcaption id=\"caption-attachment-12924\" class=\"wp-caption-text\">\u0179r\u00f3d\u0142o: followofstyle.com, 101outfit.com, weddinginvitespaper.com<\/figcaption><\/figure>\n<p>Lubisz b\u0142yszcze\u0107? Wesele to idealna okazja do tego, \u017ceby oczy wszystkich by\u0142y zwr\u00f3cone w\u0142a\u015bnie w Twoj\u0105 stron\u0119. Nie obawiaj si\u0119, \u017ce przesadzisz z dodatkami. Mocno po\u0142yskuj\u0105ce <strong>ozdoby z diamencik\u00f3w<\/strong> <strong>czy koralik\u00f3w \u015bwietnie uzupe\u0142ni\u0105 fryzur\u0119 na zimowe wesele<\/strong>. Pami\u0119taj tylko, \u017ceby nie dobra\u0107 do tego zbyt du\u017cej ilo\u015bci innych dodatk\u00f3w. Wszak nie musisz od razu wygl\u0105da\u0107 jak bo\u017conarodzeniowa choinka \ud83d\ude42 .<\/p>\n<figure id=\"attachment_12914\" aria-describedby=\"caption-attachment-12914\" style=\"width: 1200px\" class=\"wp-caption aligncenter\"><img decoding=\"async\" class=\"wp-image-12914 size-full\" src=\"https:\/\/www.hairstore.pl\/blog\/wp-content\/uploads\/2019\/11\/upiecia-na-wesele-z-dodatkami.jpg\" alt=\"upi\u0119cia na wesele, modne fryzury na wesele, dodatki do fryzur weselnych\" width=\"1200\" height=\"675\" srcset=\"https:\/\/www.hairstore.pl\/blog\/wp-content\/uploads\/2019\/11\/upiecia-na-wesele-z-dodatkami.jpg 800w, https:\/\/www.hairstore.pl\/blog\/wp-content\/uploads\/2019\/11\/upiecia-na-wesele-z-dodatkami-300x169.jpg 300w, https:\/\/www.hairstore.pl\/blog\/wp-content\/uploads\/2019\/11\/upiecia-na-wesele-z-dodatkami-768x432.jpg 768w, https:\/\/www.hairstore.pl\/blog\/wp-content\/uploads\/2019\/11\/upiecia-na-wesele-z-dodatkami-1024x576.jpg 1024w\" sizes=\"(max-width: 1200px) 100vw, 1200px\" \/><figcaption id=\"caption-attachment-12914\" class=\"wp-caption-text\">\u0179r\u00f3d\u0142o: etsy.com, haircomesthebride.com, stylmepretty.com<\/figcaption><\/figure>\n<div id=\"hsbp-1\" class=\"hsbp\"><\/div>\n<p><script type='text\/javascript' src='https:\/\/www.hairstore.pl\/produkty_wordpress.php?dst=hsbp-1&#038;prods=3366,1308,5735,3649'><\/script><\/p>\n<h2>Eleganckie koki<\/h2>\n<p>Poprzednia propozycja to <strong>koki typu messy hair<\/strong> &#8211; z pozoru niedba\u0142e upi\u0119cia, pe\u0142ne obj\u0119to\u015bci i ruchu. Nie ka\u017cda kobieta jednak postawi na taki look na w\u0142asnym \u015blubie. Dla mi\u0142o\u015bniczek klasyki mamy inn\u0105 propozycj\u0119. Co powiecie na <strong>g\u0142adki, elegancki kok<\/strong>? Na zimowe wesele idealne b\u0119d\u0105 dodatki nawi\u0105zuj\u0105ce do tej pory roku. Dobierz wi\u0119c <strong>eleganckie spinki<\/strong> (na przyk\u0142ad w kszta\u0142cie p\u0142atk\u00f3w \u015bniegu), ozdobne <strong>wsuwki<\/strong> albo <strong>stroiki<\/strong>. Chcesz wprowadzi\u0107 nieco wi\u0119cej ciep\u0142a i nie masz ochoty wygl\u0105da\u0107 jak Kr\u00f3lowa \u015aniegu? Wybierz skromny stroik z kwiatk\u00f3w. Je\u015bli nie przesadzisz z jego wielko\u015bci\u0105, taki stroik b\u0119dzie te\u017c doskonale wygl\u0105da\u0142 na zimowym weselu.<\/p>\n<figure id=\"attachment_12915\" aria-describedby=\"caption-attachment-12915\" style=\"width: 1200px\" class=\"wp-caption aligncenter\"><img decoding=\"async\" class=\"wp-image-12915 size-full\" src=\"https:\/\/www.hairstore.pl\/blog\/wp-content\/uploads\/2019\/11\/kok-na-wesele.jpg\" alt=\"koki na wesele, pomys\u0142y na uczesanie na wesele, zimowe wesele\" width=\"1200\" height=\"675\" srcset=\"https:\/\/www.hairstore.pl\/blog\/wp-content\/uploads\/2019\/11\/kok-na-wesele.jpg 800w, https:\/\/www.hairstore.pl\/blog\/wp-content\/uploads\/2019\/11\/kok-na-wesele-300x169.jpg 300w, https:\/\/www.hairstore.pl\/blog\/wp-content\/uploads\/2019\/11\/kok-na-wesele-768x432.jpg 768w, https:\/\/www.hairstore.pl\/blog\/wp-content\/uploads\/2019\/11\/kok-na-wesele-1024x576.jpg 1024w\" sizes=\"(max-width: 1200px) 100vw, 1200px\" \/><figcaption id=\"caption-attachment-12915\" class=\"wp-caption-text\">\u0179r\u00f3d\u0142o: etsy.com, greenweddingshoes.com, missclemmie.co.uk<\/figcaption><\/figure>\n<h2>Fryzury z zimowymi motywami<\/h2>\n<p>Niezmiennie od kilku sezon\u00f3w wielk\u0105 popularno\u015bci\u0105 ciesz\u0105 si\u0119 <strong>fryzury \u015blubne z wiankami<\/strong>. Coraz cz\u0119\u015bciej kobiety rezygnuj\u0105 z balowych sukni w stylu \u015api\u0105cej Kr\u00f3lewny, a wybieraj\u0105 skromne sukienki i styl rustykalny. Romantyczne sukienki \u015bwietnie uzupe\u0142niaj\u0105 pi\u0119kne wianki. Kilka takich propozycji pokazali\u015bmy w naszej <a href=\"https:\/\/www.hairstore.pl\/blog\/fryzury-na-wesele-2019\/\">wcze\u015bniejszej galerii z fryzurami na wesele<\/a>. W zim\u0119 jednak ten motyw si\u0119 nie sprawdzi.<\/p>\n<p>Dok\u0142adniej to nie sprawdz\u0105 si\u0119 wianki z kwiat\u00f3w, ale z samych wie\u0144c\u00f3w nie musisz rezygnowa\u0107. R\u00f3\u017ce, rumianki i maki zast\u0105p motywami zimowymi. Mog\u0105 to by\u0107 <strong>zielone ga\u0142\u0105zki, szyszki, mchy, trawki, owoce jagodowe<\/strong>&#8230; Dodaj do tego wi\u0105zank\u0119 typowo w stylu zimowym i totalny look gotowy.<\/p>\n<figure id=\"attachment_12916\" aria-describedby=\"caption-attachment-12916\" style=\"width: 1200px\" class=\"wp-caption aligncenter\"><img decoding=\"async\" class=\"wp-image-12916 size-full\" src=\"https:\/\/www.hairstore.pl\/blog\/wp-content\/uploads\/2019\/11\/fryzury-slub-zima.jpg\" alt=\"wesele w zim\u0119, zimowe wesele, jak uczesa\u0107 si\u0119 na zimowe wesele\" width=\"1200\" height=\"675\" srcset=\"https:\/\/www.hairstore.pl\/blog\/wp-content\/uploads\/2019\/11\/fryzury-slub-zima.jpg 800w, https:\/\/www.hairstore.pl\/blog\/wp-content\/uploads\/2019\/11\/fryzury-slub-zima-300x169.jpg 300w, https:\/\/www.hairstore.pl\/blog\/wp-content\/uploads\/2019\/11\/fryzury-slub-zima-768x432.jpg 768w, https:\/\/www.hairstore.pl\/blog\/wp-content\/uploads\/2019\/11\/fryzury-slub-zima-1024x576.jpg 1024w\" sizes=\"(max-width: 1200px) 100vw, 1200px\" \/><figcaption id=\"caption-attachment-12916\" class=\"wp-caption-text\">\u0179r\u00f3d\u0142o: wattpad.com, brides.com, tumblr.com<\/figcaption><\/figure>\n<p>Takie nakrycie g\u0142owy b\u0119dzie bardzo oryginalne i doskonale odda charakter zimowego wesela. Najlepiej <strong>zimowe wiank<\/strong>i b\u0119d\u0105 wygl\u0105da\u0142y na w\u0142osach d\u0142ugich. Tak naprawd\u0119 to od Ciebie zale\u017cy, jaki look wybierzesz. Mo\u017cesz wybra\u0107 cienki, delikatny wianek z ga\u0142\u0105zek albo zleci\u0107 wykonanie wianka z przepychem.<\/p>\n<figure id=\"attachment_12917\" aria-describedby=\"caption-attachment-12917\" style=\"width: 1200px\" class=\"wp-caption aligncenter\"><img decoding=\"async\" class=\"wp-image-12917 size-full\" src=\"https:\/\/www.hairstore.pl\/blog\/wp-content\/uploads\/2019\/11\/zimowe-sluby-pomysly-na-fryzury.jpg\" alt=\"wesele w zime, fryzury na wesele w zim\u0119\" width=\"1200\" height=\"675\" srcset=\"https:\/\/www.hairstore.pl\/blog\/wp-content\/uploads\/2019\/11\/zimowe-sluby-pomysly-na-fryzury.jpg 800w, https:\/\/www.hairstore.pl\/blog\/wp-content\/uploads\/2019\/11\/zimowe-sluby-pomysly-na-fryzury-300x169.jpg 300w, https:\/\/www.hairstore.pl\/blog\/wp-content\/uploads\/2019\/11\/zimowe-sluby-pomysly-na-fryzury-768x432.jpg 768w, https:\/\/www.hairstore.pl\/blog\/wp-content\/uploads\/2019\/11\/zimowe-sluby-pomysly-na-fryzury-1024x576.jpg 1024w\" sizes=\"(max-width: 1200px) 100vw, 1200px\" \/><figcaption id=\"caption-attachment-12917\" class=\"wp-caption-text\">\u0179r\u00f3d\u0142o: blogspot.com, weddingforward.com, apracticalwedding.com<\/figcaption><\/figure>\n<div id=\"hsbp-2\" class=\"hsbp\"><\/div>\n<p><script type='text\/javascript' src='https:\/\/www.hairstore.pl\/produkty_wordpress.php?dst=hsbp-2&#038;prods=8541,12992,20632,16439,15585'><\/script><\/p>\n<h2>Spinki i b\u0142yszcz\u0105ce dodatki<\/h2>\n<p>Na zimowym \u015blubie dobrze sprawdz\u0105 si\u0119 r\u00f3wnie\u017c wszelkie <strong>spinki<\/strong>. Mo\u017cesz nimi ozdobi\u0107 upi\u0119cie, warkocz, kok. Ciekawym pomys\u0142em jest wybranie <strong>spinek z motywami \u015bwi\u0105tecznymi<\/strong>. Warto przy tym doda\u0107, \u017ce eleganckie spinki s\u0105 najmodniejszym dodatkiem tego sezonu.<\/p>\n<p>Sprawd\u017a: <a href=\"https:\/\/www.hairstore.pl\/blog\/trend-alert-ozdobne-spinki-czyli-jak-nosic-najmodniejszy-dodatek-sezonu-wiosna-lato-2019\/\">Jak nosi\u0107 spinki do w\u0142os\u00f3w, \u017ceby wygl\u0105da\u0107 modnie?<\/a><\/p>\n<figure id=\"attachment_12918\" aria-describedby=\"caption-attachment-12918\" style=\"width: 1200px\" class=\"wp-caption aligncenter\"><img decoding=\"async\" class=\"wp-image-12918 size-full\" src=\"https:\/\/www.hairstore.pl\/blog\/wp-content\/uploads\/2019\/11\/fryzury-z-dodatkami.jpg\" alt=\"fryzury eleganckie ze spinkami, spinki na wesele\" width=\"1200\" height=\"675\" srcset=\"https:\/\/www.hairstore.pl\/blog\/wp-content\/uploads\/2019\/11\/fryzury-z-dodatkami.jpg 800w, https:\/\/www.hairstore.pl\/blog\/wp-content\/uploads\/2019\/11\/fryzury-z-dodatkami-300x169.jpg 300w, https:\/\/www.hairstore.pl\/blog\/wp-content\/uploads\/2019\/11\/fryzury-z-dodatkami-768x432.jpg 768w, https:\/\/www.hairstore.pl\/blog\/wp-content\/uploads\/2019\/11\/fryzury-z-dodatkami-1024x576.jpg 1024w\" sizes=\"(max-width: 1200px) 100vw, 1200px\" \/><figcaption id=\"caption-attachment-12918\" class=\"wp-caption-text\">\u0179r\u00f3d\u0142o: etsy.com, bobhaircuts.top, thisbestidea.com<\/figcaption><\/figure>\n<h2>Pi\u0119kne warkocze<\/h2>\n<p>Masz d\u0142ugie w\u0142osy? Idealnym pomys\u0142em na fryzur\u0119 na wesele w zim\u0119 jest <strong>warkocz pe\u0142ny obj\u0119to\u015bci<\/strong>. Nie ma co ukrywa\u0107, \u017ce w zim\u0119 mo\u017ce wia\u0107 mocniej wiatr. Warkocz jest o tyle bezpieczn\u0105 fryzur\u0105, \u017ce nie straszna jej raczej \u017cadna aura za oknem czy kataklizm pogodowy \ud83d\ude42 . Dobrze zapleciony warkocz zostanie na swoim miejscu, a dodatkowe utrwalenie zwi\u0119kszy gwarancj\u0119 idealnego wygl\u0105du przez ca\u0142y dzie\u0144 &#8211; i oczywi\u015bcie ca\u0142\u0105 noc.<\/p>\n<figure id=\"attachment_12919\" aria-describedby=\"caption-attachment-12919\" style=\"width: 1200px\" class=\"wp-caption aligncenter\"><img decoding=\"async\" class=\"wp-image-12919 size-full\" src=\"https:\/\/www.hairstore.pl\/blog\/wp-content\/uploads\/2019\/11\/warkocz-fryzura-na-wesele.jpg\" alt=\"warkocz elegancki, warkocz na wesele, fryzury na \u015blub d\u0142ugie w\u0142osy\" width=\"1200\" height=\"675\" srcset=\"https:\/\/www.hairstore.pl\/blog\/wp-content\/uploads\/2019\/11\/warkocz-fryzura-na-wesele.jpg 800w, https:\/\/www.hairstore.pl\/blog\/wp-content\/uploads\/2019\/11\/warkocz-fryzura-na-wesele-300x169.jpg 300w, https:\/\/www.hairstore.pl\/blog\/wp-content\/uploads\/2019\/11\/warkocz-fryzura-na-wesele-768x432.jpg 768w, https:\/\/www.hairstore.pl\/blog\/wp-content\/uploads\/2019\/11\/warkocz-fryzura-na-wesele-1024x576.jpg 1024w\" sizes=\"(max-width: 1200px) 100vw, 1200px\" \/><figcaption id=\"caption-attachment-12919\" class=\"wp-caption-text\">\u0179r\u00f3d\u0142o: ohmymag.com, bmodish.com, fashionisers.com<\/figcaption><\/figure>\n<p>Do warkocza dodaj kilka drobiazg\u00f3w. Diadem, stroik, spinki&#8230; \u017beby warkocz zyska\u0142 na obj\u0119to\u015bci, we w\u0142osy wmasuj <a href=\"https:\/\/www.hairstore.pl\/loreal-tecni-art-full-volume-extra-pianka-nadajaca-ekstraobjetosc-250ml-p18876.html\">piank\u0119 z efektem volume<\/a>. Zamiast zwyk\u0142ej plecionki wybierz na przyk\u0142ad warkocz francuski, warkocz holenderski czy b\u0105belkowy.<\/p>\n<p>Sprawd\u017a: <a href=\"https:\/\/www.hairstore.pl\/blog\/oszukany-warkocz-czyli-idealna-fryzura-do-pracy-i-na-impreze\/\">Jak zrobi\u0107 oszukany warkocz?<\/a><\/p>\n<figure id=\"attachment_12925\" aria-describedby=\"caption-attachment-12925\" style=\"width: 1200px\" class=\"wp-caption aligncenter\"><img decoding=\"async\" class=\"wp-image-12925 size-full\" src=\"https:\/\/www.hairstore.pl\/blog\/wp-content\/uploads\/2019\/11\/warkocz-na-wesele.jpg\" alt=\"fryzury dla panny m\u0142odej, fryzury \u015blubne galeria\" width=\"1200\" height=\"675\" srcset=\"https:\/\/www.hairstore.pl\/blog\/wp-content\/uploads\/2019\/11\/warkocz-na-wesele.jpg 800w, https:\/\/www.hairstore.pl\/blog\/wp-content\/uploads\/2019\/11\/warkocz-na-wesele-300x169.jpg 300w, https:\/\/www.hairstore.pl\/blog\/wp-content\/uploads\/2019\/11\/warkocz-na-wesele-768x432.jpg 768w, https:\/\/www.hairstore.pl\/blog\/wp-content\/uploads\/2019\/11\/warkocz-na-wesele-1024x576.jpg 1024w\" sizes=\"(max-width: 1200px) 100vw, 1200px\" \/><figcaption id=\"caption-attachment-12925\" class=\"wp-caption-text\">\u0179r\u00f3d\u0142o: getreallilikes.com, lovemydress.net, ruffledblog.com<\/figcaption><\/figure>\n<div id=\"hsbp-3\" class=\"hsbp\"><\/div>\n<p><script type='text\/javascript' src='https:\/\/www.hairstore.pl\/produkty_wordpress.php?dst=hsbp-3&#038;prods=18876,16875,10556,5223'><\/script><\/p>\n<h2>Szerokie opaski &#8211; trend 2020<\/h2>\n<p>Sezon \u015blubny zima 2020 up\u0142ynie pod znakiem szerokich opasek powlekanych materia\u0142em albo koralikami. To najmodniejszy dodatek zimowego sezonu \u015blubnego! Takie opaski s\u0105 bardzo eleganckie, charakterystyczne, nawi\u0105zuj\u0105 nieco do stylistyki minionej epoki. I idealnie komponuj\u0105 si\u0119 z zimowymi \u015blubami!<\/p>\n<p><strong>Szerokie i grube opaski<\/strong> same w sobie zwracaj\u0105 uwag\u0119. Najlepiej b\u0119d\u0105 wygl\u0105da\u0107 z prostymi sukienkami. A fryzura? Jaka tylko chcesz. Mo\u017cesz rozpu\u015bci\u0107 w\u0142osy, spi\u0105\u0107 je, zwi\u0105za\u0107 w skromny kucyk.<\/p>\n<figure id=\"attachment_12920\" aria-describedby=\"caption-attachment-12920\" style=\"width: 1200px\" class=\"wp-caption aligncenter\"><img decoding=\"async\" class=\"wp-image-12920 size-full\" src=\"https:\/\/www.hairstore.pl\/blog\/wp-content\/uploads\/2019\/11\/fryzury-opaski.jpg\" alt=\"eleganckie opaski, szerokie opaski, fryzury na \u015blub 2020\" width=\"1200\" height=\"675\" srcset=\"https:\/\/www.hairstore.pl\/blog\/wp-content\/uploads\/2019\/11\/fryzury-opaski.jpg 800w, https:\/\/www.hairstore.pl\/blog\/wp-content\/uploads\/2019\/11\/fryzury-opaski-300x169.jpg 300w, https:\/\/www.hairstore.pl\/blog\/wp-content\/uploads\/2019\/11\/fryzury-opaski-768x432.jpg 768w, https:\/\/www.hairstore.pl\/blog\/wp-content\/uploads\/2019\/11\/fryzury-opaski-1024x576.jpg 1024w\" sizes=\"(max-width: 1200px) 100vw, 1200px\" \/><figcaption id=\"caption-attachment-12920\" class=\"wp-caption-text\">\u0179r\u00f3d\u0142o: brides.com, bhldn.com, en.cherubina.com<\/figcaption><\/figure>\n<p><strong>Taka opaska jest doskona\u0142ym dodatkiem na zimowe \u015bluby<\/strong>. W inne pory roku dodatek taki wygl\u0105da\u0142by dziwnie. Materia\u0142owa opaska gryz\u0142aby si\u0119 z letnim czasem czy wiosenn\u0105 aur\u0105. Ale w zim\u0119 to po prostu wygl\u0105da bajkowo. Warto postawi\u0107 przy tym na <strong>makija\u017c glow<\/strong>. W tym przypadku minimalizm jest jak najbardziej wskazany, bo ca\u0142\u0105 robot\u0119 wykona opaska.<\/p>\n<figure id=\"attachment_12921\" aria-describedby=\"caption-attachment-12921\" style=\"width: 1200px\" class=\"wp-caption aligncenter\"><img decoding=\"async\" class=\"wp-image-12921 size-full\" src=\"https:\/\/www.hairstore.pl\/blog\/wp-content\/uploads\/2019\/11\/pomysly-na-fryzury-opaska.jpg\" alt=\"szerokie opaski, opaska na wesele, opaska na \u015blub, opaska glamour, fryzury z opask\u0105\" width=\"1200\" height=\"675\" srcset=\"https:\/\/www.hairstore.pl\/blog\/wp-content\/uploads\/2019\/11\/pomysly-na-fryzury-opaska.jpg 800w, https:\/\/www.hairstore.pl\/blog\/wp-content\/uploads\/2019\/11\/pomysly-na-fryzury-opaska-300x169.jpg 300w, https:\/\/www.hairstore.pl\/blog\/wp-content\/uploads\/2019\/11\/pomysly-na-fryzury-opaska-768x432.jpg 768w, https:\/\/www.hairstore.pl\/blog\/wp-content\/uploads\/2019\/11\/pomysly-na-fryzury-opaska-1024x576.jpg 1024w\" sizes=\"(max-width: 1200px) 100vw, 1200px\" \/><figcaption id=\"caption-attachment-12921\" class=\"wp-caption-text\">\u0179r\u00f3d\u0142o: modernarchive.de, bridalmusings.com, lelesadoughi.com<\/figcaption><\/figure>\n<p>Kt\u00f3ra z propozycji na fryzury na zimowe wesele podoba wam si\u0119 najbardziej? Co s\u0105dzicie o trendzie z opaskami? Planujecie wzi\u0105\u0107 \u015blub w zimowy miesi\u0105c? Podzielcie si\u0119 z nami swoimi przemy\u015bleniami w komentarzach.<\/p>\n<div id=\"hsbp-4\" class=\"hsbp\"><\/div>\n<p><script type='text\/javascript' src='https:\/\/www.hairstore.pl\/produkty_wordpress.php?dst=hsbp-4&#038;prods=21514,21507,10612,15217'><\/script><\/p>\n","protected":false},"excerpt":{"rendered":"<p>Chocia\u017c wi\u0119kszo\u015b\u0107 wesel odbywa si\u0119 mi\u0119dzy czerwcem a wrze\u015bniem, zima r\u00f3wnie\u017c jest ch\u0119tnie wybieranym okresem na zam\u0105\u017cp\u00f3j\u015bcie. Zmiana aury za oknem wi\u0105\u017ce si\u0119 te\u017c ze zmian\u0105 uczesa\u0144 czy ca\u0142ych stylizacji. I w\u0142a\u015bnie dlatego przygotowali\u015bmy galeri\u0119 z fryzurami dla panny m\u0142odej na zimowy \u015blub. Zobaczcie nasze propozycje i sprawd\u017acie, co jest modne w tym sezonie.<\/p>\n","protected":false},"author":8,"featured_media":12923,"comment_status":"open","ping_status":"open","sticky":false,"template":"","format":"standard","meta":{"footnotes":""},"categories":[2],"tags":[11379],"yst_prominent_words":[8240,8020,8253,8257,2347,8209,8242,8249,8254,8255,5624,8258,809,1251,5223,3479,8241,8248,737,3380],"class_list":["post-12912","post","type-post","status-publish","format-standard","has-post-thumbnail","hentry","category-aktualnosci","tag-slub-na-glowie"],"_links":{"self":[{"href":"https:\/\/www.hairstore.pl\/blog\/wp-json\/wp\/v2\/posts\/12912","targetHints":{"allow":["GET"]}}],"collection":[{"href":"https:\/\/www.hairstore.pl\/blog\/wp-json\/wp\/v2\/posts"}],"about":[{"href":"https:\/\/www.hairstore.pl\/blog\/wp-json\/wp\/v2\/types\/post"}],"author":[{"embeddable":true,"href":"https:\/\/www.hairstore.pl\/blog\/wp-json\/wp\/v2\/users\/8"}],"replies":[{"embeddable":true,"href":"https:\/\/www.hairstore.pl\/blog\/wp-json\/wp\/v2\/comments?post=12912"}],"version-history":[{"count":17,"href":"https:\/\/www.hairstore.pl\/blog\/wp-json\/wp\/v2\/posts\/12912\/revisions"}],"predecessor-version":[{"id":18472,"href":"https:\/\/www.hairstore.pl\/blog\/wp-json\/wp\/v2\/posts\/12912\/revisions\/18472"}],"wp:featuredmedia":[{"embeddable":true,"href":"https:\/\/www.hairstore.pl\/blog\/wp-json\/wp\/v2\/media\/12923"}],"wp:attachment":[{"href":"https:\/\/www.hairstore.pl\/blog\/wp-json\/wp\/v2\/media?parent=12912"}],"wp:term":[{"taxonomy":"category","embeddable":true,"href":"https:\/\/www.hairstore.pl\/blog\/wp-json\/wp\/v2\/categories?post=12912"},{"taxonomy":"post_tag","embeddable":true,"href":"https:\/\/www.hairstore.pl\/blog\/wp-json\/wp\/v2\/tags?post=12912"},{"taxonomy":"yst_prominent_words","embeddable":true,"href":"https:\/\/www.hairstore.pl\/blog\/wp-json\/wp\/v2\/yst_prominent_words?post=12912"}],"curies":[{"name":"wp","href":"https:\/\/api.w.org\/{rel}","templated":true}]}}