{"id":12845,"date":"2019-11-12T09:42:53","date_gmt":"2019-11-12T08:42:53","guid":{"rendered":"https:\/\/www.hairstore.pl\/blog\/?p=12845"},"modified":"2026-03-27T15:26:31","modified_gmt":"2026-03-27T14:26:31","slug":"balayage-2019","status":"publish","type":"post","link":"https:\/\/www.hairstore.pl\/blog\/balayage-2019\/","title":{"rendered":"A\u017c 8 pomys\u0142\u00f3w na pi\u0119kny balayage do wypr\u00f3bowania jeszcze w 2019 roku!"},"content":{"rendered":"<p>Balayage to koloryzacja, kt\u00f3ra od lat jest bardzo popularna. I nic nie wskazuje, \u017ceby mia\u0142o to si\u0119 zmieni\u0107. Chocia\u017c ci\u0105gle pojawiaj\u0105 si\u0119 nowe propozycje od koloryst\u00f3w, nadal te klasyczne rozwi\u0105zania s\u0105 bardzo ch\u0119tnie wybierane. Je\u015bli planujesz zmian\u0119 fryzury w nied\u0142ugim czasie, sprawd\u017a nasze 8 propozycji na balayage do wypr\u00f3bowania jeszcze w 2019 roku!<\/p>\n<p><!--more--><\/p>\n<p>Ja\u015bniejsze pasemka wok\u00f3\u0142 twarzy cudownie roz\u015bwietlaj\u0105 cer\u0119 i o\u017cywiaj\u0105 twarz. A do tego kilka pasemek potrafi naprawd\u0119 tchn\u0105\u0107 nieco wi\u0119cej energii w (z pozoru) nieciekawy kolor. Poza tym pasemka nie s\u0105 tak radykaln\u0105 zmian\u0105 jak chocia\u017cby farbowanie, wi\u0119c nie niszcz\u0105 w\u0142os\u00f3w. Nic dziwnego, \u017ce baleyage nadal jest popularny. Sprawdzili\u015bmy dla Was, jakie style balayage warto wypr\u00f3bowa\u0107. A na koniec podpowiemy, jak wykona\u0107 tak\u0105 fryzur\u0119 samodzielnie w domu.<\/p>\n<ul class=\"article-menu\">\n<li>na czym polega balayage<\/li>\n<li>8 pomys\u0142\u00f3w na baleyage do wypr\u00f3bowania<\/li>\n<li>jak wykona\u0107 baleja\u017c w domu<\/li>\n<\/ul>\n<h2>Balayage &#8211; klasyka w najlepszym wydaniu<\/h2>\n<p><h3 class=\"faq-question\">Na czym polega koloryzacja balayage i dlaczego jest tak popularna?<\/h3><br \/>\n<div class=\"faq-answer\"><br \/>\nBalayage to technika koloryzacji polegaj\u0105ca na r\u0119cznym nak\u0142adaniu farby na wybrane pasma w\u0142os\u00f3w, co daje naturalny efekt roz\u015bwietlenia. Jej popularno\u015b\u0107 wynika z wielu zalet:<\/p>\n<ul>\n<li>tworzy efekt s\u0142onecznych refleks\u00f3w, kt\u00f3re roz\u015bwietlaj\u0105 twarz,<\/li>\n<li>wygl\u0105da naturalnie i nie daje efektu odci\u0119cia koloru,<\/li>\n<li>jest mniej inwazyjna ni\u017c pe\u0142na koloryzacja,<\/li>\n<li>pasuje do r\u00f3\u017cnych d\u0142ugo\u015bci i kolor\u00f3w w\u0142os\u00f3w,<\/li>\n<li>odrosty s\u0105 mniej widoczne, wi\u0119c nie wymagaj\u0105 cz\u0119stych poprawek.<\/li>\n<\/ul>\n<p><\/div><\/p>\n<p>Baleyage polega na nak\u0142adaniu p\u0119dzelkiem <a href=\"https:\/\/www.hairstore.pl\/farby-do-wlosow-c659.html\">farby<\/a> na wybrane partie w\u0142os\u00f3w, zazwyczaj na cienkie pasemka. W ten spos\u00f3b uzyskamy s\u0142oneczne refleksy, kt\u00f3re roz\u015bwietl\u0105 cer\u0119 i sprawi\u0105, \u017ce b\u0119dziesz wygl\u0105da\u0107 m\u0142odo i rado\u015bnie.<\/p>\n<p><h3 class=\"faq-question\">Jak dobra\u0107 odcie\u0144 blond do balayage do swojego typu urody?<\/h3><br \/>\n<div class=\"faq-answer\"><br \/>\nDob\u00f3r odpowiedniego odcienia blond do balayage zale\u017cy od Twojej karnacji i naturalnego koloru w\u0142os\u00f3w. Najcz\u0119\u015bciej wybierane opcje to:<\/p>\n<ul>\n<li><strong>popielaty blond<\/strong> \u2013 dla jasnych w\u0142os\u00f3w i ch\u0142odnych lub neutralnych karnacji,<\/li>\n<li><strong>platynowy blond<\/strong> \u2013 dla bardzo jasnej, porcelanowej cery,<\/li>\n<li><strong>miodowy blond<\/strong> \u2013 dla ciep\u0142ej, \u015bredniej lub ciemniejszej karnacji,<\/li>\n<li><strong>ciemny blond<\/strong> \u2013 dla os\u00f3b o ciemniejszej karnacji i wyrazistych oczach.<\/li>\n<\/ul>\n<p>Dobrze dobrany kolor sprawi, \u017ce efekt b\u0119dzie naturalny i podkre\u015bli Twoj\u0105 urod\u0119.<br \/>\n<\/div><\/p>\n<p>Baleja\u017c cudownie wygl\u0105da zar\u00f3wno na w\u0142osach blond, jak i ciemniejszych. Trzeba tylko pami\u0119ta\u0107 o tym, \u017ceby dopasowa\u0107 wybrany kolor do swojego typu urody. Tradycyjnie baleyage polega na rozja\u015bnianiu w\u0142os\u00f3w, st\u0105d te\u017c przyjrzymy si\u0119, jakie blondy pasuj\u0105 do konkretnych rodzaj\u00f3w urody kobiet.<\/p>\n<p><strong>Odcienie blond idealne dla Polek<\/strong>:<\/p>\n<ul>\n<li>popielaty: pasuje wszystkim Paniom o naturalnie jasnych w\u0142osach, b\u0119dzie te\u017c odpowiedni dla szatynek, dobrze wsp\u00f3\u0142gra z ciep\u0142\u0105 karnacj\u0105<\/li>\n<li>platynowy: jest najlepszy dla kobiet o jasnej, porcelanowej karnacji, jasnych albo br\u0105zowych oczach<\/li>\n<li>miodowy: jest odpowiedni dla os\u00f3b ze \u015bredni\u0105 i ciemn\u0105 karnacj\u0105, cudownie wsp\u00f3\u0142gra z oczami piwnymi i br\u0105zowymi<\/li>\n<li>ciemny blond: to wyb\u00f3r os\u00f3b o ciemnej karnacji, ten kolor cudownie podkre\u015bli zielone i niebieskie oczy<\/li>\n<\/ul>\n<p>Wybrali\u015bmy dla Ciebie 8 ciekawych propozycji na baleyage. Koniecznie daj zna\u0107 w komentarzu, kt\u00f3ry Ci si\u0119 najbardziej podoba.<\/p>\n<h2>8 pomys\u0142\u00f3w na balayage do wypr\u00f3bowania w 2019 roku<\/h2>\n<p>Czas na nasze propozycje. Zebrali\u015bmy dla Ciebie kilka zdj\u0119\u0107, kt\u00f3re pokazuj\u0105 r\u00f3\u017cne efekty. Bo balayage niejedno ma imi\u0119 \ud83d\ude42 . Przeczytaj artyku\u0142 do ko\u0144ca. W ostatnich akapitach zdradzimy, jak wykona\u0107 baleja\u017c samodzielnie w domu.<\/p>\n<p><h3 class=\"faq-question\">Czy balayage pasuje do kr\u00f3tkich w\u0142os\u00f3w?<\/h3><br \/>\n<div class=\"faq-answer\"><br \/>\nTak, balayage \u015bwietnie sprawdza si\u0119 tak\u017ce na kr\u00f3tkich w\u0142osach. Dzi\u0119ki tej technice mo\u017cesz:<\/p>\n<ul>\n<li>doda\u0107 fryzurze obj\u0119to\u015bci i lekko\u015bci,<\/li>\n<li>uzyska\u0107 efekt wi\u0119kszej ilo\u015bci w\u0142os\u00f3w,<\/li>\n<li>podkre\u015bli\u0107 tekstur\u0119 i warstwy ci\u0119cia,<\/li>\n<li>\u0142atwo stylizowa\u0107 fryzur\u0119 np. w fale typu beach waves.<\/li>\n<\/ul>\n<p>To doskona\u0142e rozwi\u0105zanie zar\u00f3wno z grzywk\u0105, jak i bez niej.<br \/>\n<\/div><\/p>\n<h3>Kr\u00f3tkie w\u0142osy i baleyage<\/h3>\n<p>Co powiesz na optyczne dodanie tekstury w\u0142osom kr\u00f3tkim? Baleyage sprawi, \u017ce fryzura b\u0119dzie wygl\u0105da\u0142a jeszcze l\u017cej, a do tego w\u0142os\u00f3w b\u0119dzie si\u0119 wydawa\u0142o jakby wi\u0119cej. Dodaj do tego fale w stylu beach waves i kompletny look gotowy. Taki balayage b\u0119dzie wygl\u0105da\u0142 dobrze zar\u00f3wno przy w\u0142osach z grzywk\u0105, jak i bez grzywki.<\/p>\n<figure id=\"attachment_12846\" aria-describedby=\"caption-attachment-12846\" style=\"width: 1200px\" class=\"wp-caption aligncenter\"><img decoding=\"async\" class=\"wp-image-12846 size-full\" src=\"https:\/\/www.hairstore.pl\/blog\/wp-content\/uploads\/2019\/11\/krotkie-wlosy-baleyage.jpg\" alt=\"fryzury krotkie w\u0142osy, kr\u00f3tkie w\u0142osy baleyage\" width=\"1200\" height=\"675\" srcset=\"https:\/\/www.hairstore.pl\/blog\/wp-content\/uploads\/2019\/11\/krotkie-wlosy-baleyage.jpg 800w, https:\/\/www.hairstore.pl\/blog\/wp-content\/uploads\/2019\/11\/krotkie-wlosy-baleyage-300x169.jpg 300w, https:\/\/www.hairstore.pl\/blog\/wp-content\/uploads\/2019\/11\/krotkie-wlosy-baleyage-768x432.jpg 768w, https:\/\/www.hairstore.pl\/blog\/wp-content\/uploads\/2019\/11\/krotkie-wlosy-baleyage-1024x576.jpg 1024w\" sizes=\"(max-width: 1200px) 100vw, 1200px\" \/><figcaption id=\"caption-attachment-12846\" class=\"wp-caption-text\">\u0179r\u00f3d\u0142o: lethow.com,  theundercut.com, lovethishair.com<\/figcaption><\/figure>\n<div id=\"hsbp-1\" class=\"hsbp\"><\/div>\n<p><script type='text\/javascript' src='https:\/\/www.hairstore.pl\/produkty_wordpress.php?dst=hsbp-1&#038;prods=18869,12992,16613,16439'><\/script><\/p>\n<h3>Baleyage na ciemnych, d\u0142ugich w\u0142osach<\/h3>\n<p>Ta technika koloryzacji doskonale wygl\u0105da te\u017c na w\u0142osach d\u0142ugich. I wbrew pozorom kontrast ciemne w\u0142osy + jasne refleksy wygl\u0105da bajecznie.<\/p>\n<figure id=\"attachment_12855\" aria-describedby=\"caption-attachment-12855\" style=\"width: 1200px\" class=\"wp-caption aligncenter\"><img decoding=\"async\" class=\"wp-image-12855 size-full\" src=\"https:\/\/www.hairstore.pl\/blog\/wp-content\/uploads\/2019\/11\/brazowe-wlosy-baleyage.jpg\" alt=\"ciemne wlosy, baleja\u017c\" width=\"1200\" height=\"675\" srcset=\"https:\/\/www.hairstore.pl\/blog\/wp-content\/uploads\/2019\/11\/brazowe-wlosy-baleyage.jpg 800w, https:\/\/www.hairstore.pl\/blog\/wp-content\/uploads\/2019\/11\/brazowe-wlosy-baleyage-300x169.jpg 300w, https:\/\/www.hairstore.pl\/blog\/wp-content\/uploads\/2019\/11\/brazowe-wlosy-baleyage-768x432.jpg 768w, https:\/\/www.hairstore.pl\/blog\/wp-content\/uploads\/2019\/11\/brazowe-wlosy-baleyage-1024x576.jpg 1024w\" sizes=\"(max-width: 1200px) 100vw, 1200px\" \/><figcaption id=\"caption-attachment-12855\" class=\"wp-caption-text\">\u0179r\u00f3d\u0142o: cleverstyling.com, vimdecor.com, therighthairstyles.com<\/figcaption><\/figure>\n<h3>Baleyage na \u015brednich w\u0142osach<\/h3>\n<p>W sumie baleja\u017c jest technik\u0105 odpowiedni\u0105 dla ka\u017cdej d\u0142ugo\u015bci w\u0142os\u00f3w. R\u00f3wnie\u017c w\u0142osy \u015bredniej d\u0142ugo\u015bci, najlepiej z dodatkow\u0105 tekstur\u0105, b\u0119d\u0105 si\u0119 \u015bwietnie prezentowa\u0107. Zauwa\u017c, \u017ce dodanie jasnych refleks\u00f3w sprawia, \u017ce fryzura staje si\u0119 lekka.<\/p>\n<figure id=\"attachment_12847\" aria-describedby=\"caption-attachment-12847\" style=\"width: 1200px\" class=\"wp-caption aligncenter\"><img decoding=\"async\" class=\"wp-image-12847 size-full\" src=\"https:\/\/www.hairstore.pl\/blog\/wp-content\/uploads\/2019\/11\/srednie-wlosy-baleyage.jpg\" alt=\"\u015brednie w\u0142osy baleyage, baleja\u017c na \u015brednich w\u0142osach\" width=\"1200\" height=\"675\" srcset=\"https:\/\/www.hairstore.pl\/blog\/wp-content\/uploads\/2019\/11\/srednie-wlosy-baleyage.jpg 800w, https:\/\/www.hairstore.pl\/blog\/wp-content\/uploads\/2019\/11\/srednie-wlosy-baleyage-300x169.jpg 300w, https:\/\/www.hairstore.pl\/blog\/wp-content\/uploads\/2019\/11\/srednie-wlosy-baleyage-768x432.jpg 768w, https:\/\/www.hairstore.pl\/blog\/wp-content\/uploads\/2019\/11\/srednie-wlosy-baleyage-1024x576.jpg 1024w\" sizes=\"(max-width: 1200px) 100vw, 1200px\" \/><figcaption id=\"caption-attachment-12847\" class=\"wp-caption-text\">\u0179r\u00f3d\u0142o: aillea.com, southernliving.com, salonhairrandspa.com<\/figcaption><\/figure>\n<div id=\"hsbp-2\" class=\"hsbp\"><\/div>\n<p><script type='text\/javascript' src='https:\/\/www.hairstore.pl\/produkty_wordpress.php?dst=hsbp-2&#038;prods=2617,20632,16438,8537'><\/script><\/p>\n<h3>A mo\u017ce loki i baleja\u017c?<\/h3>\n<p>Pewnie ju\u017c zauwa\u017cy\u0142a\u015b, \u017ce wiele naszych propozycji to w\u0142osy z tekstur\u0105 i pofalowane. Pasemka cudownie wygl\u0105daj\u0105 na takich w\u0142osach, a beach waves i s\u0142oneczne refleksy to co\u015b, co kochamy o ka\u017cdej porze roku! P\u00f3jd\u017amy jednak o krok dalej i&#8230; postawmy na loki!<\/p>\n<p>Loki i baleja\u017c to duet idealny. Zdj\u0119cia poni\u017cej m\u00f3wi\u0105 same za siebie. Bierz wi\u0119c do r\u0119ki lok\u00f3wk\u0119 i zakr\u0119\u0107 w\u0142osy \ud83d\ude42 . Je\u015bli nie wiesz jak, <a href=\"https:\/\/www.hairstore.pl\/blog\/co-to-jest-lokowka-stozkowa\/\">zerknij na instrukcj\u0119, jak u\u017cywa\u0107 lok\u00f3wki sto\u017ckowej<\/a>. Mo\u017cesz te\u017c sprawdzi\u0107, <a href=\"https:\/\/www.hairstore.pl\/blog\/jak-zrobic-loki-na-wlosach\/\">jak zakr\u0119ci\u0107 w\u0142osy bez u\u017cywania lok\u00f3wki<\/a>.<\/p>\n<figure id=\"attachment_12848\" aria-describedby=\"caption-attachment-12848\" style=\"width: 1200px\" class=\"wp-caption aligncenter\"><img decoding=\"async\" class=\"wp-image-12848 size-full\" src=\"https:\/\/www.hairstore.pl\/blog\/wp-content\/uploads\/2019\/11\/loki-baleyage.jpg\" alt=\"lokowane w\u0142osy, kr\u0119cone w\u0142osy\" width=\"1200\" height=\"675\" srcset=\"https:\/\/www.hairstore.pl\/blog\/wp-content\/uploads\/2019\/11\/loki-baleyage.jpg 800w, https:\/\/www.hairstore.pl\/blog\/wp-content\/uploads\/2019\/11\/loki-baleyage-300x169.jpg 300w, https:\/\/www.hairstore.pl\/blog\/wp-content\/uploads\/2019\/11\/loki-baleyage-768x432.jpg 768w, https:\/\/www.hairstore.pl\/blog\/wp-content\/uploads\/2019\/11\/loki-baleyage-1024x576.jpg 1024w\" sizes=\"(max-width: 1200px) 100vw, 1200px\" \/><figcaption id=\"caption-attachment-12848\" class=\"wp-caption-text\">\u0179r\u00f3d\u0142o: randkastyle.com, stylezco.com, thetrendspotter.net<\/figcaption><\/figure>\n<div id=\"hsbp-3\" class=\"hsbp\"><\/div>\n<p><script type='text\/javascript' src='https:\/\/www.hairstore.pl\/produkty_wordpress.php?dst=hsbp-3&#038;prods=2847,17671,18007,4292'><\/script><\/p>\n<h3>Blond refleksy<\/h3>\n<p>A mo\u017ce tradycyjne blond pasemka? Nasza kolejna propozycja dla Ciebie to naprawd\u0119 cienkie i subtelne refleksy, misternie wplecione w ca\u0142\u0105 fryzur\u0119. Taki efekt bez problemu osi\u0105gniesz sama w domu. Ju\u017c nied\u0142ugo zdradzimy Ci jak \ud83d\ude42 .<\/p>\n<figure id=\"attachment_12849\" aria-describedby=\"caption-attachment-12849\" style=\"width: 1200px\" class=\"wp-caption aligncenter\"><img decoding=\"async\" class=\"wp-image-12849 size-full\" src=\"https:\/\/www.hairstore.pl\/blog\/wp-content\/uploads\/2019\/11\/baleyage-blond-refleksy.jpg\" alt=\"blond refleksy, refleksy blond\" width=\"1200\" height=\"675\" srcset=\"https:\/\/www.hairstore.pl\/blog\/wp-content\/uploads\/2019\/11\/baleyage-blond-refleksy.jpg 800w, https:\/\/www.hairstore.pl\/blog\/wp-content\/uploads\/2019\/11\/baleyage-blond-refleksy-300x169.jpg 300w, https:\/\/www.hairstore.pl\/blog\/wp-content\/uploads\/2019\/11\/baleyage-blond-refleksy-768x432.jpg 768w, https:\/\/www.hairstore.pl\/blog\/wp-content\/uploads\/2019\/11\/baleyage-blond-refleksy-1024x576.jpg 1024w\" sizes=\"(max-width: 1200px) 100vw, 1200px\" \/><figcaption id=\"caption-attachment-12849\" class=\"wp-caption-text\">\u0179r\u00f3d\u0142o: southernliving.com, latesthaircolor.com, healthbeautyspace.com<\/figcaption><\/figure>\n<h3>Z\u0142ote refleksy na ciemnych w\u0142osach<\/h3>\n<p>Wolisz cieplejsze tony? W takim razie z pewno\u015bci\u0105 spodoba Ci si\u0119 z\u0142oty baleja\u017c na ciemnych w\u0142osach. Ciemny br\u0105z albo czer\u0144 w po\u0142\u0105czeniu ze z\u0142otem to eleganckie i z pewno\u015bci\u0105 trafione po\u0142\u0105czenie.<\/p>\n<figure id=\"attachment_12850\" aria-describedby=\"caption-attachment-12850\" style=\"width: 1200px\" class=\"wp-caption aligncenter\"><img decoding=\"async\" class=\"wp-image-12850 size-full\" src=\"https:\/\/www.hairstore.pl\/blog\/wp-content\/uploads\/2019\/11\/baleyage-zlote-wlosy.jpg\" alt=\"z\u0142ote refleksy, z\u0142oty balejage\" width=\"1200\" height=\"675\" srcset=\"https:\/\/www.hairstore.pl\/blog\/wp-content\/uploads\/2019\/11\/baleyage-zlote-wlosy.jpg 800w, https:\/\/www.hairstore.pl\/blog\/wp-content\/uploads\/2019\/11\/baleyage-zlote-wlosy-300x169.jpg 300w, https:\/\/www.hairstore.pl\/blog\/wp-content\/uploads\/2019\/11\/baleyage-zlote-wlosy-768x432.jpg 768w, https:\/\/www.hairstore.pl\/blog\/wp-content\/uploads\/2019\/11\/baleyage-zlote-wlosy-1024x576.jpg 1024w\" sizes=\"(max-width: 1200px) 100vw, 1200px\" \/><figcaption id=\"caption-attachment-12850\" class=\"wp-caption-text\">\u0179r\u00f3d\u0142o: behindthechair.com, therighthairstyles.com, 50fashionholic.com<\/figcaption><\/figure>\n<div id=\"hsbp-4\" class=\"hsbp\"><\/div>\n<p><script type='text\/javascript' src='https:\/\/www.hairstore.pl\/produkty_wordpress.php?dst=hsbp-4&#038;prods=1127,14385,1022,4888'><\/script><\/p>\n<h3>Polki kochaj\u0105 br\u0105zy!<\/h3>\n<p>Br\u0105zowe w\u0142osy wygl\u0105daj\u0105 cudownie i \u015bwietnie pasuj\u0105 do urody Polek. I w\u0142a\u015bnie dlatego nasza kolejna propozycja to balayage na br\u0105zowych w\u0142osach. Subtelny, delikatny, ponadczasowy.<\/p>\n<p>Nie wiesz, czy dobrze b\u0119dzie Ci w br\u0105zie? <a href=\"https:\/\/www.hairstore.pl\/blog\/dla-kogo-brazowe-wlosy\/\">Sprawd\u017a, komu pasuj\u0105 br\u0105zowe w\u0142osy<\/a>. A mo\u017ce skusisz si\u0119 na <a href=\"https:\/\/www.hairstore.pl\/blog\/ombre-na-brazowych-wlosach-komu-pasuje\/\">br\u0105zowe ombre<\/a>?<\/p>\n<figure id=\"attachment_12851\" aria-describedby=\"caption-attachment-12851\" style=\"width: 1200px\" class=\"wp-caption aligncenter\"><img decoding=\"async\" class=\"wp-image-12851 size-full\" src=\"https:\/\/www.hairstore.pl\/blog\/wp-content\/uploads\/2019\/11\/brazowe-wlosy.jpg\" alt=\"br\u0105zowe w\u0142osy\" width=\"1200\" height=\"675\" srcset=\"https:\/\/www.hairstore.pl\/blog\/wp-content\/uploads\/2019\/11\/brazowe-wlosy.jpg 800w, https:\/\/www.hairstore.pl\/blog\/wp-content\/uploads\/2019\/11\/brazowe-wlosy-300x169.jpg 300w, https:\/\/www.hairstore.pl\/blog\/wp-content\/uploads\/2019\/11\/brazowe-wlosy-768x432.jpg 768w, https:\/\/www.hairstore.pl\/blog\/wp-content\/uploads\/2019\/11\/brazowe-wlosy-1024x576.jpg 1024w\" sizes=\"(max-width: 1200px) 100vw, 1200px\" \/><figcaption id=\"caption-attachment-12851\" class=\"wp-caption-text\">\u0179r\u00f3d\u0142o: therighthairstyles.com, haircutcraze.com, allhairstylesforwomen.com<\/figcaption><\/figure>\n<div id=\"hsbp-5\" class=\"hsbp\"><\/div>\n<p><script type='text\/javascript' src='https:\/\/www.hairstore.pl\/produkty_wordpress.php?dst=hsbp-5&#038;prods=21541,11596,18903,15167,5856'><\/script><\/p>\n<h3>Kolorowy balayage<\/h3>\n<p>Ostatnia propozycja jest nieco bardziej szalona i powinna trafi\u0107 w gusta tych dziewczyn, kt\u00f3re maj\u0105 kolorow\u0105 dusz\u0119. Je\u015bli lubisz <a href=\"https:\/\/www.hairstore.pl\/blog\/kolorowe-wlosy-pomysly-na-fryzury\/\">kolorowe w\u0142osy<\/a>, mo\u017ce to najlepszy moment, \u017ceby zrobi\u0107 kolorowy balayage? Co Ty na to?<\/p>\n<figure id=\"attachment_12852\" aria-describedby=\"caption-attachment-12852\" style=\"width: 1200px\" class=\"wp-caption aligncenter\"><img decoding=\"async\" class=\"wp-image-12852 size-full\" src=\"https:\/\/www.hairstore.pl\/blog\/wp-content\/uploads\/2019\/11\/kolorowe-wlosy-baleyage.jpg\" alt=\"kolorowe w\u0142osy, kolorowy balayage\" width=\"1200\" height=\"675\" srcset=\"https:\/\/www.hairstore.pl\/blog\/wp-content\/uploads\/2019\/11\/kolorowe-wlosy-baleyage.jpg 800w, https:\/\/www.hairstore.pl\/blog\/wp-content\/uploads\/2019\/11\/kolorowe-wlosy-baleyage-300x169.jpg 300w, https:\/\/www.hairstore.pl\/blog\/wp-content\/uploads\/2019\/11\/kolorowe-wlosy-baleyage-768x432.jpg 768w, https:\/\/www.hairstore.pl\/blog\/wp-content\/uploads\/2019\/11\/kolorowe-wlosy-baleyage-1024x576.jpg 1024w\" sizes=\"(max-width: 1200px) 100vw, 1200px\" \/><figcaption id=\"caption-attachment-12852\" class=\"wp-caption-text\">\u0179r\u00f3d\u0142o: therighthairstyles.com, fashionisers.com, withairstyle.com<\/figcaption><\/figure>\n<h2>Jak samodzielnie zrobi\u0107 balayage?<\/h2>\n<p><h3 class=\"faq-question\">Jak zrobi\u0107 balayage w domu krok po kroku?<\/h3><br \/>\n<div class=\"faq-answer\"><br \/>\nWykonanie prostego balayage w domu jest mo\u017cliwe, je\u015bli zachowasz ostro\u017cno\u015b\u0107 i wybierzesz odpowiedni\u0105 metod\u0119:<\/p>\n<ul>\n<li>przy kr\u00f3tkich w\u0142osach u\u017cyj czepka z dziurkami i wyci\u0105gaj cienkie pasma szyde\u0142kiem,<\/li>\n<li>przy d\u0142u\u017cszych w\u0142osach stosuj foli\u0119 aluminiow\u0105 do oddzielania pasm,<\/li>\n<li>nak\u0142adaj farb\u0119 na cienkie sekcje dla naturalnego efektu,<\/li>\n<li>dla subtelnych refleks\u00f3w u\u017cyj szczoteczki (np. po maskarze),<\/li>\n<li>rozja\u015bniaj g\u0142\u00f3wnie wierzchnie partie w\u0142os\u00f3w.<\/li>\n<\/ul>\n<p>Im cie\u0144sze pasemka, tym bardziej naturalny i delikatny efekt ko\u0144cowy.<br \/>\n<\/div><\/p>\n<p>Co prawda nie wszystkie przedstawione przez nas propozycje b\u0119dzie \u0142atwo wykona\u0107 samodzielnie w domu, ale z pewno\u015bci\u0105 w domowym zaciszu jeste\u015b w stanie zrobi\u0107 chocia\u017cby delikatne refleksy.<\/p>\n<p>Sprawd\u017a: <a href=\"https:\/\/www.hairstore.pl\/blog\/8-bledow-w-domowej-koloryzacji\/\">Jakich b\u0142\u0119d\u00f3w nie pope\u0142nia\u0107 w domowej koloryzacji?<\/a><\/p>\n<p>Istnieje kilka metod na wykonanie refleks\u00f3w na w\u0142osach. W przypadku kr\u00f3tkich w\u0142os\u00f3w dobrze sprawdzi si\u0119 tradycyjny <a href=\"https:\/\/www.hairstore.pl\/efalock-czepek-do-wyciagania-pasemek-p710.html\">foliowy czepek z dziurkami<\/a>. Przez dziurki szyde\u0142kiem wyci\u0105ga si\u0119 cieniutkie pasemka w\u0142os\u00f3w. Potem te pasemka nale\u017cy zafarbowa\u0107. Tak\u0105 koloryzacj\u0119 mo\u017cesz zrobi\u0107 ca\u0142kiem sama!<\/p>\n<p>Druga metoda wymaga u\u017cycia <a href=\"https:\/\/www.hairstore.pl\/efalock-economy-folia-aluminiowa-do-pasemek-14micronow-250m-szerokosc-12cm-p2245.html\">folii aluminiowej<\/a>. Foli\u0119 podziel na cz\u0119\u015bci. Potem wydzielaj po kolei pasemka, umieszczaj je na folii, zafarbuj i zawi\u0144. Post\u0119puj tak z reszt\u0105 w\u0142os\u00f3w. W tym przypadku warto poprosi\u0107 o pomoc kole\u017cank\u0119.<\/p>\n<p>Zale\u017cy Ci na bardzo subtelnym i naturalnym efekcie? Wykorzystaj&#8230; maskar\u0119. A dok\u0142adniej wyczyszczon\u0105 szczoteczk\u0119 do maskary. Mo\u017cesz te\u017c u\u017cy\u0107 specjalnego <a href=\"https:\/\/www.hairstore.pl\/efalock-lopatka-do-pasemek-z-grzebieniem-p2048.html\">grzebienia do pasemek<\/a>. Mieszank\u0119 koloryzuj\u0105c\u0105 nak\u0142adaj do 1,5 cm dla mocniejszego efektu rozja\u015bnienia albo co 3-4 cm, \u017ceby uzyska\u0107 pojedyncze refleksy. Czym cie\u0144sze pasemka, tym bardziej naturalny efekt. Rozja\u015bniaj g\u0142\u00f3wnie wierzchnie partie w\u0142os\u00f3w.<\/p>\n<div id=\"hsbp-6\" class=\"hsbp\"><\/div>\n<p><script type='text\/javascript' src='https:\/\/www.hairstore.pl\/produkty_wordpress.php?dst=hsbp-6&#038;prods=2243,2048,7501,710,722,18929'><\/script><\/p>\n","protected":false},"excerpt":{"rendered":"<p>Balayage to koloryzacja, kt\u00f3ra od lat jest bardzo popularna. I nic nie wskazuje, \u017ceby mia\u0142o to si\u0119 zmieni\u0107. Chocia\u017c ci\u0105gle pojawiaj\u0105 si\u0119 nowe propozycje od koloryst\u00f3w, nadal te klasyczne rozwi\u0105zania s\u0105 bardzo ch\u0119tnie wybierane. Je\u015bli planujesz zmian\u0119 fryzury w nied\u0142ugim czasie, sprawd\u017a nasze 8 propozycji na balayage do wypr\u00f3bowania jeszcze w 2019 roku!<\/p>\n","protected":false},"author":8,"featured_media":12856,"comment_status":"open","ping_status":"open","sticky":false,"template":"","format":"standard","meta":{"footnotes":""},"categories":[9421],"tags":[],"yst_prominent_words":[8085,8090,8084,8093,2194,8095,3804,2664,3892,720,704,717],"class_list":["post-12845","post","type-post","status-publish","format-standard","has-post-thumbnail","hentry","category-trendy"],"_links":{"self":[{"href":"https:\/\/www.hairstore.pl\/blog\/wp-json\/wp\/v2\/posts\/12845","targetHints":{"allow":["GET"]}}],"collection":[{"href":"https:\/\/www.hairstore.pl\/blog\/wp-json\/wp\/v2\/posts"}],"about":[{"href":"https:\/\/www.hairstore.pl\/blog\/wp-json\/wp\/v2\/types\/post"}],"author":[{"embeddable":true,"href":"https:\/\/www.hairstore.pl\/blog\/wp-json\/wp\/v2\/users\/8"}],"replies":[{"embeddable":true,"href":"https:\/\/www.hairstore.pl\/blog\/wp-json\/wp\/v2\/comments?post=12845"}],"version-history":[{"count":21,"href":"https:\/\/www.hairstore.pl\/blog\/wp-json\/wp\/v2\/posts\/12845\/revisions"}],"predecessor-version":[{"id":27192,"href":"https:\/\/www.hairstore.pl\/blog\/wp-json\/wp\/v2\/posts\/12845\/revisions\/27192"}],"wp:featuredmedia":[{"embeddable":true,"href":"https:\/\/www.hairstore.pl\/blog\/wp-json\/wp\/v2\/media\/12856"}],"wp:attachment":[{"href":"https:\/\/www.hairstore.pl\/blog\/wp-json\/wp\/v2\/media?parent=12845"}],"wp:term":[{"taxonomy":"category","embeddable":true,"href":"https:\/\/www.hairstore.pl\/blog\/wp-json\/wp\/v2\/categories?post=12845"},{"taxonomy":"post_tag","embeddable":true,"href":"https:\/\/www.hairstore.pl\/blog\/wp-json\/wp\/v2\/tags?post=12845"},{"taxonomy":"yst_prominent_words","embeddable":true,"href":"https:\/\/www.hairstore.pl\/blog\/wp-json\/wp\/v2\/yst_prominent_words?post=12845"}],"curies":[{"name":"wp","href":"https:\/\/api.w.org\/{rel}","templated":true}]}}