{"id":12697,"date":"2019-10-24T14:43:53","date_gmt":"2019-10-24T12:43:53","guid":{"rendered":"https:\/\/www.hairstore.pl\/blog\/?p=12697"},"modified":"2020-09-30T18:43:47","modified_gmt":"2020-09-30T16:43:47","slug":"pielegnacja-niesfornych-wlosow-z-wella","status":"publish","type":"post","link":"https:\/\/www.hairstore.pl\/blog\/pielegnacja-niesfornych-wlosow-z-wella\/","title":{"rendered":"Poznaj now\u0105 lini\u0119 Wella SP Reverse dla w\u0142os\u00f3w niezdyscyplinowanych i zestresowanych wskutek up\u0142ywu czasu"},"content":{"rendered":"<p>Oko\u0142o 35. roku \u017cycia zmienia si\u0119 struktura fizjologiczna w\u0142os\u00f3w. W zwi\u0105zku z tym zaczynaj\u0105 one wygl\u0105da\u0107 inaczej, trudno je u\u0142o\u017cy\u0107. Problem ten rozwi\u0105zuje nowa linia Wella SP Reverse &#8211; specjalnie dla kobiet po 35. roku \u017cycia.<\/p>\n<p><!--more--><\/p>\n<p>Zauwa\u017cy\u0142a\u015b, \u017ce Twoje w\u0142osy trac\u0105 elastyczno\u015b\u0107, s\u0105 szorstkie i matowe? Nie uk\u0142adaj\u0105 si\u0119? S\u0105 niesforne i niezdyscyplinowane? Mo\u017cliwe, \u017ce ma to zwi\u0105zek z up\u0142ywem czasu. Po 35. roku \u017cycia dochodzi do zmian fizjologicznych w obr\u0119bie w\u0142osa, kt\u00f3re mog\u0105 dawa\u0107 w\u0142a\u015bnie takie objawy. Niemniej jednak mo\u017cna w\u0142osom pom\u00f3c przez odpowiedni\u0105 piel\u0119gnacj\u0119. A tak\u0105 zapewnia nowa linia <a href=\"https:\/\/www.hairstore.pl\/wella-sp-reverse-szampon-regenerujacy-200ml-p21403.html\">Wella SP Reverse<\/a>.<\/p>\n<ul class=\"article-menu\">\n<li>jakie zmiany zachodz\u0105 we w\u0142osach po 35. roku \u017cycia<\/li>\n<li>jak rozwi\u0105zywa\u0107 najcz\u0119stsze problemy w\u0142os\u00f3w<\/li>\n<li>dla jakich w\u0142os\u00f3w opracowano lini\u0119 Wella SP Reverse<\/li>\n<li>jakie produkty tworz\u0105 seri\u0119 Wella SP Reverse<\/li>\n<\/ul>\n<h2>Czy borykasz si\u0119 z tymi problemami?<\/h2>\n<p>Up\u0142yw czasu widzisz z pewno\u015bci\u0105 na swojej twarzy. Z czasem pojawiaj\u0105 si\u0119 pierwsze zmarszczki, sk\u00f3ra zaczyna by\u0107 wiotka. Podobnie jest z w\u0142osami.<\/p>\n<p><strong>Oko\u0142o 35. roku \u017cycia w\u0142osy zaczynaj\u0105 si\u0119 zmienia\u0107<\/strong>. I zmienia si\u0119 ich uk\u0142adanie&#8230; bo mo\u017ce sprawia\u0107 du\u017co wi\u0119cej problem\u00f3w ni\u017c kiedy\u015b. W\u0142osy stopniowo trac\u0105 elastyczno\u015b\u0107, pusz\u0105 si\u0119 i s\u0105 niezdyscyplinowane.<\/p>\n<p>Ale to nie wszystko.<\/p>\n<p><strong>Najcz\u0119stsze problemy, kt\u00f3re pojawiaj\u0105 si\u0119 z wiekiem odno\u015bnie w\u0142os\u00f3w to<\/strong>:<\/p>\n<ul>\n<li>siwe w\u0142osy<\/li>\n<li>w\u0142osy mniej zdyscyplinowane<\/li>\n<li>zmniejszenie grubo\u015bci w\u0142os\u00f3w i utrata ich si\u0142y<\/li>\n<li>spowolnienie wzrostu w\u0142os\u00f3w<\/li>\n<\/ul>\n<p>Czy na tej li\u015bcie jest cho\u0107 jeden problem, kt\u00f3ry dotyczy Ciebie? Zatrzymaj si\u0119 wi\u0119c na chwil\u0119, bo zaraz poznasz <strong>sposoby na ich rozwi\u0105zanie<\/strong>.<\/p>\n<h2>Jak dba\u0107 o w\u0142osy po 35. roku \u017cycia?<\/h2>\n<p>Pierwszym krokiem, \u017ceby zadba\u0107 o w\u0142osy i zapewni\u0107 im pi\u0119kny wygl\u0105d, jest ustalenie problemu, jaki powinien zosta\u0107 rozwi\u0105zany. Taka <strong>diagnoza<\/strong> pozwala na dobranie odpowiednich kosmetyk\u00f3w.<\/p>\n<p>Zanim napisz\u0119 kilka s\u0142\u00f3w o nowej serii Wella SP Reverse, chcia\u0142am poda\u0107 kilka og\u00f3lnych rad. Dotycz\u0105 one problem\u00f3w, o kt\u00f3rych wspomina\u0142am wy\u017cej.<\/p>\n<ul>\n<li><strong>Wi\u0119cej siwych w\u0142os\u00f3w<\/strong>. Siwe w\u0142osy pojawiaj\u0105 si\u0119, bo melanina (barwnik w\u0142osa) jest produkowana coraz wolniej. Objawami siwienia jest kolor pozbawiony blasku, w\u0142osy mog\u0105 te\u017c wygl\u0105da\u0107 na zniszczone. Rozwi\u0105zaniem jest <a href=\"https:\/\/www.hairstore.pl\/farby-do-wlosow-wella-sp\">koloryzacja<\/a> oraz <a href=\"https:\/\/www.hairstore.pl\/color-save-c921.html\">odpowiednia piel\u0119gnacja<\/a>.<\/li>\n<li><strong>W\u0142osy mniej zdyscyplinowane<\/strong>. Ich struktura zmienia si\u0119, s\u0105 mniej elastyczne, nie uk\u0142adaj\u0105 si\u0119. Elastyczno\u015b\u0107 pomog\u0105 im przywr\u00f3ci\u0107 <a href=\"https:\/\/www.hairstore.pl\/wella-sp-reverse-regenerujaca-odzywka-w-sprayu-185ml-p21405.html\">zabiegi Wella SP Reverse<\/a>.<\/li>\n<li><strong>Cienkie w\u0142osy.<\/strong> Z czasem pasma staj\u0105 si\u0119 s\u0142absze i trac\u0105 grubo\u015b\u0107 oraz obj\u0119to\u015b\u0107. Mo\u017ce to skutkowa\u0107 te\u017c przerzedzeniem oraz spadkiem witalno\u015bci pasm. Rozwi\u0105zaniem jest zrekonstruowanie w\u0142\u00f3kna w\u0142osowego za pomoc\u0105 zabiegu molekularnego. Tutaj przyda si\u0119 <a href=\"https:\/\/www.hairstore.pl\/wella-sp-liquid-hair-molekularne-odzywienie-wlosow-kuracja-100ml-p8138.html\">molekularna kuracja Wella SP Liquid Hair<\/a>.<\/li>\n<li><strong>Spowolnienie wzrostu w\u0142os\u00f3w.<\/strong> W\u0142osy z czasem zaczynaj\u0105 wolniej rosn\u0105\u0107, s\u0105 s\u0142absze, mog\u0105 te\u017c zacz\u0105\u0107 wypada\u0107. Dzieje si\u0119 tak w zwi\u0105zku ze zmianami zachodz\u0105cymi w mieszkach w\u0142osowych i sk\u00f3rze g\u0142owy. Rozwi\u0105zaniem jest kuracja <a href=\"https:\/\/www.hairstore.pl\/balance-scalp-c924.html\">Wella SP Balance Scalp<\/a>.<\/li>\n<\/ul>\n<p><strong>Nowa seria Wella SP Reverse skupia si\u0119 na utracie elastyczno\u015bci, a tym samym na niesforno\u015bci w\u0142os\u00f3w<\/strong>.<\/p>\n<h2>Co zrobi\u0107 z niesfornymi, uwra\u017cliwionymi w\u0142osami?<\/h2>\n<p>Przyjrzyjmy si\u0119 bli\u017cej temu problemowi, kt\u00f3ry zosta\u0142 ju\u017c zasygnalizowany we wcze\u015bniejszych akapitach. Z czasem wewn\u0105trz w\u0142osa mo\u017cna zaobserwowa\u0107 niezr\u00f3wnowa\u017cone rozproszenie kom\u00f3rek. Dzieje si\u0119 tak oko\u0142o 35. roku \u017cycia.<\/p>\n<p>Rezultat?<\/p>\n<p>W\u0142osy trac\u0105 elastyczno\u015b\u0107, s\u0105 podatne na z\u0142amania i zniszczenia, nie s\u0105 b\u0142yszcz\u0105ce. Zaczynaj\u0105 si\u0119 puszy\u0107. Trudno je u\u0142o\u017cy\u0107. Do tej pory czesa\u0142a\u015b si\u0119 do pracy 5 minut? C\u00f3\u017c, z takimi w\u0142osami mo\u017ce to zaj\u0105\u0107 znacznie d\u0142u\u017cej.<\/p>\n<p><strong>Objawy zmian fizjologicznych zachodz\u0105cych we w\u0142osach to<\/strong>: trudno\u015bci z rozczesywaniem w\u0142os\u00f3w, matowienie, niezdyscyplinowanie, spadek witalno\u015bci.<\/p>\n<p>Mo\u017cesz przywr\u00f3ci\u0107 w\u0142osom ich naturaln\u0105 elastyczno\u015b\u0107. Pomog\u0105 Ci w tym <strong>kosmetyki Wella SP Reverse<\/strong>.<\/p>\n<h2>Wella SP Reverse dla w\u0142os\u00f3w zestresowanych i uwra\u017cliwionych<\/h2>\n<p>Z kosmetykami Wella SP Reverse przywr\u00f3cisz w\u0142osom m\u0142odzie\u0144cz\u0105 witalno\u015b\u0107 i elastyczno\u015b\u0107. Kompleks witamin zadba o kondycj\u0119 w\u0142os\u00f3w i znacz\u0105co poprawi ich wygl\u0105d.<\/p>\n<p>Zabieg Wella SP Reverse powsta\u0142 z my\u015bl\u0105 o poprawie podatno\u015bci w\u0142os\u00f3w na uk\u0142adanie i z my\u015bl\u0105 o zmniejszeniu ich tendencji do pl\u0105tania si\u0119. Kosmetyki domykaj\u0105 \u0142uski w\u0142osa, dzi\u0119ki czemu pasma s\u0105 wyg\u0142adzone i przestaj\u0105 si\u0119 puszy\u0107. Po zabiegu w\u0142osy s\u0105 pi\u0119kne, mi\u0119kkie i intensywnie b\u0142yszcz\u0105ce.<\/p>\n<p><img decoding=\"async\" class=\"aligncenter size-full wp-image-12719\" src=\"https:\/\/www.hairstore.pl\/blog\/wp-content\/uploads\/2019\/10\/wella-SP-REVERSE.jpg\" alt=\"zalety wella sp reverse, wella sp, piel\u0119gnacja w\u0142os\u00f3w z wella, wella sp opinie, wella reverse opinie\" width=\"1200\" height=\"675\" srcset=\"https:\/\/www.hairstore.pl\/blog\/wp-content\/uploads\/2019\/10\/wella-SP-REVERSE.jpg 800w, https:\/\/www.hairstore.pl\/blog\/wp-content\/uploads\/2019\/10\/wella-SP-REVERSE-300x169.jpg 300w, https:\/\/www.hairstore.pl\/blog\/wp-content\/uploads\/2019\/10\/wella-SP-REVERSE-768x432.jpg 768w, https:\/\/www.hairstore.pl\/blog\/wp-content\/uploads\/2019\/10\/wella-SP-REVERSE-1024x576.jpg 1024w\" sizes=\"(max-width: 1200px) 100vw, 1200px\" \/><\/p>\n<h2>W\u0142osy na nowo witalne i elastyczne<\/h2>\n<p>Ca\u0142a linia sk\u0142ada si\u0119 z czterech kosmetyk\u00f3w. S\u0105 to <strong>szampon regeneruj\u0105cy, od\u017cywka w sprayu, kuracja oraz maska do w\u0142os\u00f3w<\/strong>. Kosmetyki te u\u0142atwiaj\u0105 codzienn\u0105 piel\u0119gnacj\u0119 w\u0142os\u00f3w i sprawiaj\u0105, \u017ce s\u0105 mocne i zdrowe.<\/p>\n<p><a href=\"https:\/\/www.hairstore.pl\/wella-sp-reverse-szampon-regenerujacy-200ml-p21403.html\">Szampon regeneruj\u0105cy Wella SP Reverse<\/a> doskonale nadaje si\u0119 do pobudzaj\u0105cego mieszki w\u0142osowe masa\u017cu. Kosmetyk oczyszcza w\u0142osy i skalp, a dodatkowo regeneruje pasma i poprawia ich kondycj\u0119.<\/p>\n<p><strong>Jak wykona\u0107 zabieg:<\/strong> Szampon wetrzyj r\u00f3wnomiernie w wilgotne w\u0142osy. Podczas mycia wykonuj delikatny masa\u017c. Dok\u0142adnie sp\u0142ucz.<\/p>\n<p><a href=\"https:\/\/www.hairstore.pl\/wella-sp-reverse-regenerujaca-odzywka-w-sprayu-185ml-p21405.html\">Od\u017cywka regeneruj\u0105ca w sprayu Wella SP Reverse<\/a> to formu\u0142a nasycona witaminami A, E oraz F. W sk\u0142adzie znajduje si\u0119 r\u00f3wnie\u017c pantenol i biotyna, kt\u00f3re przywracaj\u0105 w\u0142osom m\u0142odzie\u0144cz\u0105 witalno\u015b\u0107, g\u0142adko\u015b\u0107 oraz po\u0142ysk. Mgie\u0142ka chroni te\u017c w\u0142osy przed puszeniem si\u0119.<\/p>\n<p><strong>Jak wykona\u0107 zabieg:<\/strong> Spryskaj wilgotne w\u0142osy na ca\u0142ej d\u0142ugo\u015bci, nie zapominaj\u0105c o ko\u0144c\u00f3wkach. Wysusz. U\u0142\u00f3\u017c wedle oczekiwa\u0144.<\/p>\n<p><a href=\"https:\/\/www.hairstore.pl\/wella-sp-reverse-maska-regenerujaca-150ml-p21404.html\">Maska regeneruj\u0105ca Wella SP Reverse<\/a> stawia na nogi nadwer\u0119\u017cone i zniszczone w\u0142osy. Maska g\u0142\u0119boko wnika w struktur\u0119 w\u0142os\u00f3w. Przywraca im elastyczno\u015b\u0107, po\u0142ysk oraz spr\u0119\u017cysto\u015b\u0107, jednocze\u015bnie redukuj\u0105c puszenie si\u0119.<\/p>\n<p><strong>Jak wykona\u0107 zabieg:<\/strong> Mask\u0119 aplikuj r\u00f3wnomiernie na wcze\u015bniej umyte, osuszone r\u0119cznikiem w\u0142osy. Wykonuj ruchy wyg\u0142adzaj\u0105ce. Owi\u0144 w\u0142osy r\u0119cznikiem. Aktywuj formu\u0142\u0119 przez 10 minut. Potem dok\u0142adnie sp\u0142ucz.<\/p>\n<p>Ostatni krok to <a href=\"https:\/\/www.hairstore.pl\/wella-sp-reverse-3-minutowa-kuracja-regenerujaca-6x20ml-p21406.html\">3-minutowa kuracja<\/a>. Kosmetyk zapewnia w\u0142osom intensywn\u0105 regeneracj\u0119 i odnow\u0119 w\u0142\u00f3kna w\u0142osowego. Ponadto pasma staj\u0105 si\u0119 bardziej podatne na uk\u0142adanie. Odzyskuj\u0105 r\u00f3wnie\u017c elastyczno\u015b\u0107.<\/p>\n<p><strong>Jak wykona\u0107 zabieg:<\/strong> Kosmetyk stosuj na suche w\u0142osy, przed u\u017cyciem szamponu. Nak\u0142adaj bezpo\u015brednio na w\u0142osy, na ca\u0142ej ich d\u0142ugo\u015bci. Pozostaw na 3 minuty. Potem sp\u0142ucz.<\/p>\n<p>Ca\u0142y system regeneruj\u0105cy przynosi efekty niemal natychmiast. Dalsze stosowanie podtrzymuje efekty i sprawia, \u017ce w\u0142osy ka\u017cdego dnia staj\u0105 si\u0119 mocniejsze, \u0142adniejsze, nie pusz\u0105 si\u0119 i \u0142atwo je uk\u0142ada\u0107.<\/p>\n<div id=\"hsbp-1\" class=\"hsbp\"><\/div>\n<p><script type='text\/javascript' src='https:\/\/www.hairstore.pl\/produkty_wordpress.php?dst=hsbp-1&#038;prods=21403,21405,21404,21406'><\/script><\/p>\n","protected":false},"excerpt":{"rendered":"<p>Oko\u0142o 35. roku \u017cycia zmienia si\u0119 struktura fizjologiczna w\u0142os\u00f3w. W zwi\u0105zku z tym zaczynaj\u0105 one wygl\u0105da\u0107 inaczej, trudno je u\u0142o\u017cy\u0107. Problem ten rozwi\u0105zuje nowa linia Wella SP Reverse &#8211; specjalnie dla kobiet po 35. roku \u017cycia.<\/p>\n","protected":false},"author":8,"featured_media":12718,"comment_status":"open","ping_status":"open","sticky":false,"template":"","format":"standard","meta":{"footnotes":""},"categories":[2],"tags":[169],"yst_prominent_words":[7934,7918,7916,7917,7915,7914,7924,7538,7922,7931,7927,1422,4542,7919,7942,7941,704,717,7936,7938],"class_list":["post-12697","post","type-post","status-publish","format-standard","has-post-thumbnail","hentry","category-aktualnosci","tag-wella"],"_links":{"self":[{"href":"https:\/\/www.hairstore.pl\/blog\/wp-json\/wp\/v2\/posts\/12697","targetHints":{"allow":["GET"]}}],"collection":[{"href":"https:\/\/www.hairstore.pl\/blog\/wp-json\/wp\/v2\/posts"}],"about":[{"href":"https:\/\/www.hairstore.pl\/blog\/wp-json\/wp\/v2\/types\/post"}],"author":[{"embeddable":true,"href":"https:\/\/www.hairstore.pl\/blog\/wp-json\/wp\/v2\/users\/8"}],"replies":[{"embeddable":true,"href":"https:\/\/www.hairstore.pl\/blog\/wp-json\/wp\/v2\/comments?post=12697"}],"version-history":[{"count":8,"href":"https:\/\/www.hairstore.pl\/blog\/wp-json\/wp\/v2\/posts\/12697\/revisions"}],"predecessor-version":[{"id":12721,"href":"https:\/\/www.hairstore.pl\/blog\/wp-json\/wp\/v2\/posts\/12697\/revisions\/12721"}],"wp:featuredmedia":[{"embeddable":true,"href":"https:\/\/www.hairstore.pl\/blog\/wp-json\/wp\/v2\/media\/12718"}],"wp:attachment":[{"href":"https:\/\/www.hairstore.pl\/blog\/wp-json\/wp\/v2\/media?parent=12697"}],"wp:term":[{"taxonomy":"category","embeddable":true,"href":"https:\/\/www.hairstore.pl\/blog\/wp-json\/wp\/v2\/categories?post=12697"},{"taxonomy":"post_tag","embeddable":true,"href":"https:\/\/www.hairstore.pl\/blog\/wp-json\/wp\/v2\/tags?post=12697"},{"taxonomy":"yst_prominent_words","embeddable":true,"href":"https:\/\/www.hairstore.pl\/blog\/wp-json\/wp\/v2\/yst_prominent_words?post=12697"}],"curies":[{"name":"wp","href":"https:\/\/api.w.org\/{rel}","templated":true}]}}