{"id":12571,"date":"2019-10-15T12:02:43","date_gmt":"2019-10-15T10:02:43","guid":{"rendered":"https:\/\/www.hairstore.pl\/blog\/?p=12571"},"modified":"2026-03-25T21:26:18","modified_gmt":"2026-03-25T20:26:18","slug":"schwarzkopf-mad-about-lenghts-nowosc","status":"publish","type":"post","link":"https:\/\/www.hairstore.pl\/blog\/schwarzkopf-mad-about-lenghts-nowosc\/","title":{"rendered":"Masz d\u0142ugie w\u0142osy? Wypr\u00f3buj now\u0105 seri\u0119 Schwarzkopf Mad About Lenghts"},"content":{"rendered":"<p>Posiadaczki d\u0142ugich w\u0142os\u00f3w wiedz\u0105, \u017ce utrzymanie ich w dobrej kondycji wymaga troch\u0119 wysi\u0142ku, a tak\u017ce wiedzy. D\u0142ugie w\u0142osy, \u017ceby zachwyca\u0107, powinny by\u0107 l\u015bni\u0105ce, mi\u0119kkie i spr\u0119\u017cyste. I taki efekt ma zapewni\u0107 nowo\u015b\u0107 od Schwarzkopf, czyli seria Schwarzkopf Mad About Lenghts. Kosmetyki te zawieraj\u0105 biotyn\u0119 i specjaln\u0105 technologi\u0119 zespalaj\u0105c\u0105 ko\u0144c\u00f3wki.<\/p>\n<p><!--more--><\/p>\n<p>Mamy dla Was \u015bwie\u017cutkie wie\u015bci. Jaki\u015b czas temu <a href=\"https:\/\/www.hairstore.pl\/blog\/bardzo-dlugie-wlosy-pielegancja\">pisali\u015bmy o tym, jak dba\u0107 o d\u0142ugie w\u0142osy<\/a>. W\u0142a\u015bnie pojawi\u0142a si\u0119 nowa seria <a href=\"https:\/\/www.hairstore.pl\/schwarzkopf-mad-about-lengths-szampon-do-dlugich-wlosow-300ml-p21357.html\">Schwarzkopf Mad About Lenghts<\/a>. Tym razem kosmetyki opracowano z my\u015bl\u0105 o specyficznych potrzebach w\u0142os\u00f3w d\u0142ugich. Sprawd\u017acie, na co mo\u017cecie liczy\u0107 i poznajcie nowe kosmetyki od Schwarzkopf.<\/p>\n<ul class=\"article-menu article-menu-v2\">\n<li>poznaj now\u0105 seri\u0119 Schwarzkopf Mad About Lenghts do d\u0142ugich w\u0142os\u00f3w<\/li>\n<li>i sprawd\u017a, jak dzia\u0142aj\u0105 poszczeg\u00f3lne kosmetyki<\/li>\n<\/ul>\n<h2>Zadbaj o d\u0142ugie w\u0142osy od nasady po same ko\u0144ce<\/h2>\n<p>Nowe <strong>kosmetyki Schwarzkopf Mad About Lenghts<\/strong> to sp\u00f3jna linia produkt\u00f3w, kt\u00f3re maj\u0105 kompleksowo zadba\u0107 o d\u0142ugie w\u0142osy. Zaczynaj\u0105c od mieszk\u00f3w w\u0142osowych, a ko\u0144cz\u0105c na ko\u0144c\u00f3wkach, kt\u00f3re w przypadku d\u0142ugich pasm bardzo cz\u0119sto si\u0119 rozdwajaj\u0105.<\/p>\n<p>Seria kosmetyk\u00f3w Schwarzkopf Mad About Lenghts zapewnia w\u0142osom opiek\u0119 na ka\u017cdym poziomie:<\/p>\n<ul>\n<li>oczyszczanie<\/li>\n<li>od\u017cywianie<\/li>\n<li>regeneracja<\/li>\n<li>komfort sk\u00f3ry g\u0142owy<\/li>\n<\/ul>\n<p>W kosmetykach z serii Mad About Lenghts spotkacie si\u0119 z <strong>kompleksem Aquarine<\/strong>, kt\u00f3ry mo\u017cecie ju\u017c zna\u0107 z serii Schwarzkopf po\u015bwi\u0119conych w\u0142osom kr\u0119conym i falowanym. Ale mamy tutaj co\u015b wi\u0119cej. Chodzi o <strong>biotyn\u0119<\/strong> oraz <strong>technologi\u0119 Lenghts Maximising Tech<\/strong>.<\/p>\n<p><img decoding=\"async\" class=\"aligncenter size-full wp-image-12597\" src=\"https:\/\/www.hairstore.pl\/blog\/wp-content\/uploads\/2019\/10\/zalety-mad-about-lenghts.jpg\" alt=\"zalety serii schwarzkopf mad about lenghts, mad about lenght opinie\" width=\"1200\" height=\"675\" srcset=\"https:\/\/www.hairstore.pl\/blog\/wp-content\/uploads\/2019\/10\/zalety-mad-about-lenghts.jpg 800w, https:\/\/www.hairstore.pl\/blog\/wp-content\/uploads\/2019\/10\/zalety-mad-about-lenghts-300x169.jpg 300w, https:\/\/www.hairstore.pl\/blog\/wp-content\/uploads\/2019\/10\/zalety-mad-about-lenghts-768x432.jpg 768w, https:\/\/www.hairstore.pl\/blog\/wp-content\/uploads\/2019\/10\/zalety-mad-about-lenghts-1024x576.jpg 1024w\" sizes=\"(max-width: 1200px) 100vw, 1200px\" \/><\/p>\n<h2>Schwarzkopf Mad About Lenghts &#8211; receptury<\/h2>\n<p>Dzia\u0142anie kosmetyk\u00f3w do d\u0142ugich w\u0142os\u00f3w opiera si\u0119 na trzech wymienionych wy\u017cej technologiach. Razem otaczaj\u0105 one w\u0142osy kompleksow\u0105 opiek\u0105 i poprawiaj\u0105 ich kondycj\u0119 od nasady po same ko\u0144ce.<\/p>\n<p><strong>Kompleks Aquarine<\/strong> tworzy na w\u0142osach ochronn\u0105 pow\u0142ok\u0119, dzi\u0119ki czemu s\u0105 znacznie bardziej odporne na uszkodzenia, a w przypadku w\u0142os\u00f3w d\u0142ugich to niezwykle istotne. Poza tym specjalnie dobrane sk\u0142adniki zapewniaj\u0105 w\u0142osom dog\u0142\u0119bne nawil\u017cenie.<\/p>\n<p><strong>Biotyna<\/strong> ma za zadanie wzmocni\u0107 w\u0142osy u samej nasady. Poza tym pobudza zm\u0119czone cebulki w\u0142osowe i sprawia, \u017ce pasma rosn\u0105 szybciej i s\u0105 mocniejsze.<\/p>\n<p><strong>Lenghts Maximising Tech<\/strong> to technologia, kt\u00f3ra niemal natychmiast zamyka rozdwojone ko\u0144c\u00f3wki, dzi\u0119ki czemu w\u0142osy prezentuj\u0105 si\u0119 po prostu pi\u0119knie. S\u0105 l\u015bni\u0105ce, sp\u00f3jne i spr\u0119\u017cyste.<\/p>\n<p><img decoding=\"async\" class=\"aligncenter size-full wp-image-12596\" src=\"https:\/\/www.hairstore.pl\/blog\/wp-content\/uploads\/2019\/10\/technologie-mad-about-lenghts.jpg\" alt=\"lenght maximising tech, biotyna a w\u0142osy, jak wzmocni\u0107 d\u0142ugie w\u0142osy\" width=\"1200\" height=\"675\" srcset=\"https:\/\/www.hairstore.pl\/blog\/wp-content\/uploads\/2019\/10\/technologie-mad-about-lenghts.jpg 800w, https:\/\/www.hairstore.pl\/blog\/wp-content\/uploads\/2019\/10\/technologie-mad-about-lenghts-300x169.jpg 300w, https:\/\/www.hairstore.pl\/blog\/wp-content\/uploads\/2019\/10\/technologie-mad-about-lenghts-768x432.jpg 768w, https:\/\/www.hairstore.pl\/blog\/wp-content\/uploads\/2019\/10\/technologie-mad-about-lenghts-1024x576.jpg 1024w\" sizes=\"(max-width: 1200px) 100vw, 1200px\" \/><\/p>\n<h2>Poznaj kosmetyki Schwarzkopf Mad About Lenghts<\/h2>\n<p>Ca\u0142a seria sk\u0142ada si\u0119 zasadniczo z czterech kosmetyk\u00f3w. Lini\u0119 tworz\u0105: <strong>szampon, maska na ko\u0144c\u00f3wki, maska do w\u0142os\u00f3w, serum wzmacniaj\u0105ce<\/strong>.<\/p>\n<p>W\u0142a\u015bciw\u0105 piel\u0119gnacj\u0119 d\u0142ugich w\u0142os\u00f3w nale\u017cy zacz\u0105\u0107 od dok\u0142adnego oczyszczania.\u00a0<a href=\"https:\/\/www.hairstore.pl\/schwarzkopf-mad-about-lengths-szampon-do-dlugich-wlosow-300ml-p21357.html\">Szampon Schwarzkopf Mad About Lenghts<\/a>\u00a0bardzo delikatnie myje pasma i sk\u00f3r\u0119 g\u0142owy, bez obci\u0105\u017cania. Warto zwr\u00f3ci\u0107 uwag\u0119 na <strong>bezsiarczanow\u0105 formu\u0142\u0119<\/strong> &#8211; doceni\u0105 ten fakt przede wszystkim osoby, kt\u00f3re unikaj\u0105 SLS czy SLES.<\/p>\n<p><strong>Dzia\u0142anie szamponu Schwarzkopf Mad About Lenghts<\/strong>:<\/p>\n<ul>\n<li>\u0142agodnie oczyszcza w\u0142osy i sk\u00f3r\u0119 g\u0142owy<\/li>\n<li>pobudza mieszki w\u0142osowe<\/li>\n<li>nawil\u017ca i wzmacnia uwra\u017cliwione w\u0142osy na ca\u0142ej d\u0142ugo\u015bci<\/li>\n<\/ul>\n<p><strong>Dost\u0119pne pojemno\u015bci<\/strong>: 300 ml, 1000 ml.<\/p>\n<p>Drugi krok to od\u017cywianie. I tutaj przyda si\u0119 intensywnie dzia\u0142aj\u0105ca<a href=\"https:\/\/www.hairstore.pl\/schwarzkopf-mad-about-lengths-maska-do-dlugich-wlosow-300ml-p21361.html\"> maska do w\u0142os\u00f3w Schwarzkopf Mad About Lenghts<\/a>. Stosowanie tego kosmetyku <strong>zmniejsza \u0142amliwo\u015b\u0107 w\u0142os\u00f3w nawet o 95%<\/strong>. A to prosta recepta na d\u0142ugie, elastyczne i l\u015bni\u0105ce pasma.<\/p>\n<p><strong>Dzia\u0142anie maski Schwarzkopf Mad About Lenghts<\/strong>:<\/p>\n<ul>\n<li>intensywnie od\u017cywia uwra\u017cliwione w\u0142osy na ca\u0142ej ich d\u0142ugo\u015bci<\/li>\n<li>przywraca spr\u0119\u017cysto\u015b\u0107<\/li>\n<li>wzmacnia i ogranicza \u0142amliwo\u015b\u0107 w\u0142os\u00f3w<\/li>\n<\/ul>\n<p><strong>Dost\u0119pne pojemno\u015bci<\/strong>: 300 ml, 500 ml.<\/p>\n<p>O rozdwojone ko\u0144c\u00f3wki zadba <a href=\"https:\/\/www.hairstore.pl\/schwarzkopf-mad-about-lengths-maska-bez-splukiwania-na-koncowki-200ml-p21356.html\">dwufazowy spray do w\u0142os\u00f3w<\/a>, kt\u00f3ry niemal natychmiast daje widoczne efekty dzia\u0142ania. Kosmetyk przywraca w\u0142osom odpowiedni poziom nawil\u017cenia, dodaje im po\u0142ysku i poprawia spr\u0119\u017cysto\u015b\u0107. A co wa\u017cne, nie wymaga sp\u0142ukiwania. To takie proste!<\/p>\n<p><strong>Dzia\u0142anie maski na ko\u0144c\u00f3wki Schwarzkopf Split Ends Fix<\/strong>:<\/p>\n<ul>\n<li>b\u0142yskawicznie zamyka rozdwojone ko\u0144c\u00f3wki<\/li>\n<li>nawil\u017ca w\u0142osy<\/li>\n<li>u\u0142atwia rozczesywanie<\/li>\n<li>nadaje po\u0142ysk<\/li>\n<\/ul>\n<p><strong>Pojemno\u015b\u0107<\/strong>: 50 ml.<\/p>\n<p>Ostatnim graczem w tej dru\u017cynie jest <a href=\"https:\/\/www.hairstore.pl\/schwarzkopf-mad-about-lengths-serum-wzmacniajace-wlosy-u-nasady-40ml-p21359.html\">serum wzmacniaj\u0105ce w\u0142osy u nasady<\/a>. Kosmetyk ten przywraca odpowiedni poziom nawil\u017cenia sk\u00f3ry g\u0142owy, dba o jej komfort i o to, \u017ceby w\u0142osy ros\u0142y mocne i zdrowe. Ten preparat mo\u017cna stosowa\u0107 nawet po ka\u017cdym myciu g\u0142owy. Serum dost\u0119pne jest w pojemno\u015bci 40 ml.<\/p>\n<p><strong>Protip<\/strong>: Do tego zestawu mo\u017cesz doda\u0107 <a href=\"https:\/\/www.hairstore.pl\/szampony-schwarzkopf_suchy-szampon\">suchy szampon Schwarzkopf<\/a>. U\u017cywaj go mi\u0119dzy poszczeg\u00f3lnymi myciami w\u0142os\u00f3w, \u017ceby je od\u015bwie\u017cy\u0107. Rekomendujemy szampon Schwarzkopf Mad About Waves. Podobnie jak kosmetyki do d\u0142ugich w\u0142os\u00f3w, zawiera on <a href=\"https:\/\/www.hairstore.pl\/schwarzkopf-mad-about-waves-suchy-szampon-do-wlosow-falowanych-150ml-p16608.html\">kompleks Aquarine<\/a>, wi\u0119c \u015bwietnie uzupe\u0142ni ca\u0142y zestaw.<\/p>\n<p><img decoding=\"async\" class=\"aligncenter size-full wp-image-12578\" src=\"https:\/\/www.hairstore.pl\/blog\/wp-content\/uploads\/2019\/10\/nowosc-schwarzkopf-mad-about-lenghts.jpg\" alt=\"schwarzkopf mad about lenghts, ksometyki schwarzkopf, kosmetyki do d\u0142ugich w\u0142os\u00f3w\" width=\"1200\" height=\"675\" srcset=\"https:\/\/www.hairstore.pl\/blog\/wp-content\/uploads\/2019\/10\/nowosc-schwarzkopf-mad-about-lenghts.jpg 800w, https:\/\/www.hairstore.pl\/blog\/wp-content\/uploads\/2019\/10\/nowosc-schwarzkopf-mad-about-lenghts-300x169.jpg 300w, https:\/\/www.hairstore.pl\/blog\/wp-content\/uploads\/2019\/10\/nowosc-schwarzkopf-mad-about-lenghts-768x432.jpg 768w, https:\/\/www.hairstore.pl\/blog\/wp-content\/uploads\/2019\/10\/nowosc-schwarzkopf-mad-about-lenghts-1024x576.jpg 1024w\" sizes=\"(max-width: 1200px) 100vw, 1200px\" \/><\/p>\n<h2>Dlaczego d\u0142ugie w\u0142osy s\u0105 wyzwaniem?<\/h2>\n<p>A po co w og\u00f3le stosowa\u0107 kosmetyki do d\u0142ugich w\u0142os\u00f3w? Czy nie wystarcz\u0105 po prostu jakie\u015b kosmetyki? Oczywi\u015bcie mo\u017cesz stosowa\u0107 szampon nawil\u017caj\u0105cy czy mask\u0119 od\u017cywcz\u0105, jednak kompleksowe podej\u015bcie do piel\u0119gnacji d\u0142ugich w\u0142os\u00f3w wydaje si\u0119 najlepsze. Dlaczego? Bo d\u0142ugie w\u0142osy, \u017ceby wygl\u0105da\u0142y pi\u0119knie, wymagaj\u0105 szczeg\u00f3lnej opieki.<\/p>\n<p>Cz\u0119stym problemem d\u0142ugich w\u0142os\u00f3w s\u0105 rozdwojone ko\u0144c\u00f3wki. Kolejna kwestia to przesuszenie i brak blasku. Co wi\u0119cej, Twoje d\u0142ugie kosmyki niemal ca\u0142y czas s\u0105 nara\u017cone na uszkodzenia mechaniczne. S\u0105 d\u0142ugie, wi\u0119c pl\u0105cz\u0105 si\u0119 i wkr\u0119caj\u0105 w maski, szaliki i inne. \u017beby wygl\u0105da\u0142y \u0142adnie (a nie po prostu zno\u015bnie), powinna\u015b je nawil\u017ca\u0107, od\u017cywia\u0107, regenerowa\u0107. A to wszystko zapewniaj\u0105 <strong>kosmetyki Schwarzkopf Mad About Lenghts<\/strong>.<\/p>\n<p>Nie musisz sama szpera\u0107 po drogeriach czy formach internetowych, bo Schwarzkopf stworzy\u0142 gotowy zestaw. Masz w nim wszystko, czego potrzebujesz. Delikatny szampon, mask\u0119, spray na ko\u0144c\u00f3wki i serum dbaj\u0105ce o komfort sk\u00f3ry g\u0142owy. Po co wi\u0119c szuka\u0107 skoro masz ju\u017c gotowe rozwi\u0105zanie?<\/p>\n<div id=\"hsbp-1\" class=\"hsbp\"><\/div>\n<p><script type='text\/javascript' src='https:\/\/www.hairstore.pl\/produkty_wordpress.php?dst=hsbp-1&#038;prods=21357,21361,21359,21356,21360,21358'><\/script><\/p>\n","protected":false},"excerpt":{"rendered":"<p>Posiadaczki d\u0142ugich w\u0142os\u00f3w wiedz\u0105, \u017ce utrzymanie ich w dobrej kondycji wymaga troch\u0119 wysi\u0142ku, a tak\u017ce wiedzy. D\u0142ugie w\u0142osy, \u017ceby zachwyca\u0107, powinny by\u0107 l\u015bni\u0105ce, mi\u0119kkie i spr\u0119\u017cyste. I taki efekt ma zapewni\u0107 nowo\u015b\u0107 od Schwarzkopf, czyli seria Schwarzkopf Mad About Lenghts. Kosmetyki te zawieraj\u0105 biotyn\u0119 i specjaln\u0105 technologi\u0119 zespalaj\u0105c\u0105 ko\u0144c\u00f3wki.<\/p>\n","protected":false},"author":8,"featured_media":12595,"comment_status":"open","ping_status":"open","sticky":false,"template":"","format":"standard","meta":{"footnotes":""},"categories":[2],"tags":[4739,144],"yst_prominent_words":[7648,7660,1493,7665,7658,7657,7656,7653,2741,7647,2198,2740,2735,7645,7646,7644,7643,7664,7663,7661],"class_list":["post-12571","post","type-post","status-publish","format-standard","has-post-thumbnail","hentry","category-aktualnosci","tag-dlugie-wlosy","tag-schwarzkopf"],"_links":{"self":[{"href":"https:\/\/www.hairstore.pl\/blog\/wp-json\/wp\/v2\/posts\/12571","targetHints":{"allow":["GET"]}}],"collection":[{"href":"https:\/\/www.hairstore.pl\/blog\/wp-json\/wp\/v2\/posts"}],"about":[{"href":"https:\/\/www.hairstore.pl\/blog\/wp-json\/wp\/v2\/types\/post"}],"author":[{"embeddable":true,"href":"https:\/\/www.hairstore.pl\/blog\/wp-json\/wp\/v2\/users\/8"}],"replies":[{"embeddable":true,"href":"https:\/\/www.hairstore.pl\/blog\/wp-json\/wp\/v2\/comments?post=12571"}],"version-history":[{"count":11,"href":"https:\/\/www.hairstore.pl\/blog\/wp-json\/wp\/v2\/posts\/12571\/revisions"}],"predecessor-version":[{"id":27157,"href":"https:\/\/www.hairstore.pl\/blog\/wp-json\/wp\/v2\/posts\/12571\/revisions\/27157"}],"wp:featuredmedia":[{"embeddable":true,"href":"https:\/\/www.hairstore.pl\/blog\/wp-json\/wp\/v2\/media\/12595"}],"wp:attachment":[{"href":"https:\/\/www.hairstore.pl\/blog\/wp-json\/wp\/v2\/media?parent=12571"}],"wp:term":[{"taxonomy":"category","embeddable":true,"href":"https:\/\/www.hairstore.pl\/blog\/wp-json\/wp\/v2\/categories?post=12571"},{"taxonomy":"post_tag","embeddable":true,"href":"https:\/\/www.hairstore.pl\/blog\/wp-json\/wp\/v2\/tags?post=12571"},{"taxonomy":"yst_prominent_words","embeddable":true,"href":"https:\/\/www.hairstore.pl\/blog\/wp-json\/wp\/v2\/yst_prominent_words?post=12571"}],"curies":[{"name":"wp","href":"https:\/\/api.w.org\/{rel}","templated":true}]}}