{"id":12550,"date":"2019-10-10T13:58:16","date_gmt":"2019-10-10T11:58:16","guid":{"rendered":"https:\/\/www.hairstore.pl\/blog\/?p=12550"},"modified":"2020-09-30T18:43:47","modified_gmt":"2020-09-30T16:43:47","slug":"wlosy-jennifer-lopez-przeglad-fryzur","status":"publish","type":"post","link":"https:\/\/www.hairstore.pl\/blog\/wlosy-jennifer-lopez-przeglad-fryzur\/","title":{"rendered":"W\u0142osy Jennifer Lopez &#8211; przegl\u0105d fryzur"},"content":{"rendered":"<p>Niedawno Jennifer Lopez \u015bwietowa\u0142a swoje 50. urodziny. Bior\u0105c pod uwag\u0119 m\u0142ody wygl\u0105d i nienagann\u0105 figur\u0119 gwiazdy to wydarzenie odbi\u0142o si\u0119 szerokim echem w mediach. Ale skoro emocje ju\u017c troch\u0119 opad\u0142y, to postanowili\u015bmy si\u0119 przyjrze\u0107 fryzurom, kt\u00f3re przez tyle lat kariery Jennifer zd\u0105\u017cy\u0142a niejako naznaczy\u0107 swoim znakiem firowym.<\/p>\n<p><!--more--><\/p>\n<h2>G\u0142adki kok, czyli znak rozpoznawczy Jennifer Lopez<\/h2>\n<p>Warto zacz\u0105\u0107 od najs\u0142ynniejszego uczesania, kt\u00f3re J.LO od lat uwielbia. I to zarowno na czerwonym dywanie, jak i na zakupach. A mowa oczywi\u015bcie o g\u0142adko zaczesanym koku. Mo\u017cna wr\u0119cz powiedzie\u0107, \u017ce to fryzura, kt\u00f3r\u0105 wypromowa\u0142a. W dodatku wygl\u0105da w niej \u015bwietnie.<\/p>\n<figure id=\"attachment_12551\" aria-describedby=\"caption-attachment-12551\" style=\"width: 1200px\" class=\"wp-caption aligncenter\"><img decoding=\"async\" class=\"size-full wp-image-12551\" src=\"https:\/\/www.hairstore.pl\/blog\/wp-content\/uploads\/2019\/10\/gladki-kok-jennifer-lopez.jpg\" alt=\"jennifer lopez\" width=\"1200\" height=\"675\" srcset=\"https:\/\/www.hairstore.pl\/blog\/wp-content\/uploads\/2019\/10\/gladki-kok-jennifer-lopez.jpg 800w, https:\/\/www.hairstore.pl\/blog\/wp-content\/uploads\/2019\/10\/gladki-kok-jennifer-lopez-300x169.jpg 300w, https:\/\/www.hairstore.pl\/blog\/wp-content\/uploads\/2019\/10\/gladki-kok-jennifer-lopez-768x432.jpg 768w, https:\/\/www.hairstore.pl\/blog\/wp-content\/uploads\/2019\/10\/gladki-kok-jennifer-lopez-1024x576.jpg 1024w\" sizes=\"(max-width: 1200px) 100vw, 1200px\" \/><figcaption id=\"caption-attachment-12551\" class=\"wp-caption-text\">\u0179rod\u0142a: instyle.com, laineygossip.com, webstaqram.com, dailymail.co.uk<\/figcaption><\/figure>\n<h2>Jenny from the block, czyli J.Lo kiedy\u015b<\/h2>\n<p>Zanim Jen wylansowa\u0142a gladki kok i jasn\u0105 burz\u0119 w\u0142os\u00f3w mia\u0142a&#8230; loczki. I to du\u017co drobnych loczk\u00f3w w mocno ciemnym kolorze. Trzeba przyzna\u0107, \u017ce wygl\u0105da\u0142a po prostu inaczej. No i zdecydowanie stawia\u0142a na cie\u0144sze brwi. Inne czasy, inna moda.<\/p>\n<figure id=\"attachment_12552\" aria-describedby=\"caption-attachment-12552\" style=\"width: 1200px\" class=\"wp-caption aligncenter\"><img decoding=\"async\" class=\"size-full wp-image-12552\" src=\"https:\/\/www.hairstore.pl\/blog\/wp-content\/uploads\/2019\/10\/jennifer-lopez-loczki-kiedys.jpg\" alt=\"jennifer lopez kiedy\u015b\" width=\"1200\" height=\"675\" srcset=\"https:\/\/www.hairstore.pl\/blog\/wp-content\/uploads\/2019\/10\/jennifer-lopez-loczki-kiedys.jpg 800w, https:\/\/www.hairstore.pl\/blog\/wp-content\/uploads\/2019\/10\/jennifer-lopez-loczki-kiedys-300x169.jpg 300w, https:\/\/www.hairstore.pl\/blog\/wp-content\/uploads\/2019\/10\/jennifer-lopez-loczki-kiedys-768x432.jpg 768w, https:\/\/www.hairstore.pl\/blog\/wp-content\/uploads\/2019\/10\/jennifer-lopez-loczki-kiedys-1024x576.jpg 1024w\" sizes=\"(max-width: 1200px) 100vw, 1200px\" \/><figcaption id=\"caption-attachment-12552\" class=\"wp-caption-text\">\u0179r\u00f3d\u0142a: harpersbazaar.com i allure.com<\/figcaption><\/figure>\n<h2>Jen, fanka p\u00f3\u0142-kucyka i kucyka<\/h2>\n<p>To, \u017ce Jennifer lubi mie\u0107 w\u0142osy upi\u0119te w kok ju\u017c wiemy. Jednak jest jeszcze druga fryzura, z kt\u00f3r\u0105 si\u0119 cz\u0119sto pokazuje. Jest to upi\u0119cie polegaj\u0105ce na kucyku i rozpuszczonych w\u0142osach jednocze\u015bnie. Nie brzmi zach\u0119caj\u0105co, ale za to jak wygl\u0105da! Jennifer lubi to uczesanie zar\u00f3wno w wersji kr\u0119conej, jak i prostej.<\/p>\n<p>Nie mo\u017cemy w tym zestawieniu zapomnie\u0107 r\u00f3wnie\u017c o kucyku, kt\u00f3ry zawsze w wykonaniu Lopez jest elegacnki i pe\u0142ny obj\u0119to\u015bci. Jennifer stawia na kucyki na czerwonym dywanie, dzi\u0119ki temu pi\u0119knie eksponuje szyj\u0119.<\/p>\n<figure id=\"attachment_12553\" aria-describedby=\"caption-attachment-12553\" style=\"width: 1200px\" class=\"wp-caption aligncenter\"><img decoding=\"async\" class=\"size-full wp-image-12553\" src=\"https:\/\/www.hairstore.pl\/blog\/wp-content\/uploads\/2019\/10\/jennifer-lopez-polkucyk.jpg\" alt=\"fryzury jennifer lopez\" width=\"1200\" height=\"675\" srcset=\"https:\/\/www.hairstore.pl\/blog\/wp-content\/uploads\/2019\/10\/jennifer-lopez-polkucyk.jpg 800w, https:\/\/www.hairstore.pl\/blog\/wp-content\/uploads\/2019\/10\/jennifer-lopez-polkucyk-300x169.jpg 300w, https:\/\/www.hairstore.pl\/blog\/wp-content\/uploads\/2019\/10\/jennifer-lopez-polkucyk-768x432.jpg 768w, https:\/\/www.hairstore.pl\/blog\/wp-content\/uploads\/2019\/10\/jennifer-lopez-polkucyk-1024x576.jpg 1024w\" sizes=\"(max-width: 1200px) 100vw, 1200px\" \/><figcaption id=\"caption-attachment-12553\" class=\"wp-caption-text\">\u0179r\u00f3d\u0142a: outfits.myresidances.com, m.nydailynews.com, ecstasycoffe.com<\/figcaption><\/figure>\n<figure id=\"attachment_12557\" aria-describedby=\"caption-attachment-12557\" style=\"width: 1200px\" class=\"wp-caption aligncenter\"><img decoding=\"async\" class=\"size-full wp-image-12557\" src=\"https:\/\/www.hairstore.pl\/blog\/wp-content\/uploads\/2019\/10\/kucyk-jennifer-lopez.jpg\" alt=\"Jennifer Lopez kucyk \" width=\"1200\" height=\"675\" srcset=\"https:\/\/www.hairstore.pl\/blog\/wp-content\/uploads\/2019\/10\/kucyk-jennifer-lopez.jpg 800w, https:\/\/www.hairstore.pl\/blog\/wp-content\/uploads\/2019\/10\/kucyk-jennifer-lopez-300x169.jpg 300w, https:\/\/www.hairstore.pl\/blog\/wp-content\/uploads\/2019\/10\/kucyk-jennifer-lopez-768x432.jpg 768w, https:\/\/www.hairstore.pl\/blog\/wp-content\/uploads\/2019\/10\/kucyk-jennifer-lopez-1024x576.jpg 1024w\" sizes=\"(max-width: 1200px) 100vw, 1200px\" \/><figcaption id=\"caption-attachment-12557\" class=\"wp-caption-text\">\u0179r\u00f3d\u0142a: harpersbazaar.com, dailymail.co.uk i hairstylesweekly.com<\/figcaption><\/figure>\n<h2>Kr\u00f3tkie w\u0142osy w stylu J.LO<\/h2>\n<p>W kwestii kr\u00f3tych fryzur, to nie jest to co\u015b, co cz\u0119sto widzimy w Jen. Raczej pozostaje wierna swoim d\u0142ugim w\u0142osom o mocnej obj\u0119to\u015bci. Ale jak to w \u015bwiecie gwiazd bywa od czasu do czasu mo\u017cemy j\u0105 r\u00f3wnie\u017c zobaczy\u0107 tak\u017ce w takiej ods\u0142onie. Czasem long bob jest idealnie prosty, a czasem dominuj\u0105 typowo hollywoodzkie fale. Aczkolwiek trzeba przyzna\u0107, \u017ce \u0142adnemu we wszystkim \u0142adnie.<\/p>\n<p>Mo\u017cna tak\u017ce powiedzie\u0107, \u017ce Jen zostaje zawsze w palecie blodn\u00f3w. Czasem s\u0105 one ja\u015bniejsze, a czasem ciemniejsze. Zawsze jest to jednak jasny kolor.<\/p>\n<figure id=\"attachment_12555\" aria-describedby=\"caption-attachment-12555\" style=\"width: 1200px\" class=\"wp-caption aligncenter\"><img decoding=\"async\" class=\"size-full wp-image-12555\" src=\"https:\/\/www.hairstore.pl\/blog\/wp-content\/uploads\/2019\/10\/jennifer-lopez-krotkie-wlosy.jpg\" alt=\"jennifer lopez kr\u00f3tkie w\u0142osy\" width=\"1200\" height=\"675\" srcset=\"https:\/\/www.hairstore.pl\/blog\/wp-content\/uploads\/2019\/10\/jennifer-lopez-krotkie-wlosy.jpg 800w, https:\/\/www.hairstore.pl\/blog\/wp-content\/uploads\/2019\/10\/jennifer-lopez-krotkie-wlosy-300x169.jpg 300w, https:\/\/www.hairstore.pl\/blog\/wp-content\/uploads\/2019\/10\/jennifer-lopez-krotkie-wlosy-768x432.jpg 768w, https:\/\/www.hairstore.pl\/blog\/wp-content\/uploads\/2019\/10\/jennifer-lopez-krotkie-wlosy-1024x576.jpg 1024w\" sizes=\"(max-width: 1200px) 100vw, 1200px\" \/><figcaption id=\"caption-attachment-12555\" class=\"wp-caption-text\">\u0179r\u00f3d\u0142a: popsugar.com, popsugar.com<\/figcaption><\/figure>\n<figure id=\"attachment_12556\" aria-describedby=\"caption-attachment-12556\" style=\"width: 1200px\" class=\"wp-caption aligncenter\"><img decoding=\"async\" class=\"size-full wp-image-12556\" src=\"https:\/\/www.hairstore.pl\/blog\/wp-content\/uploads\/2019\/10\/fale-blond-jennifer-lopez.jpg\" alt=\"jennifer lopez blond fale\" width=\"1200\" height=\"675\" srcset=\"https:\/\/www.hairstore.pl\/blog\/wp-content\/uploads\/2019\/10\/fale-blond-jennifer-lopez.jpg 800w, https:\/\/www.hairstore.pl\/blog\/wp-content\/uploads\/2019\/10\/fale-blond-jennifer-lopez-300x169.jpg 300w, https:\/\/www.hairstore.pl\/blog\/wp-content\/uploads\/2019\/10\/fale-blond-jennifer-lopez-768x432.jpg 768w, https:\/\/www.hairstore.pl\/blog\/wp-content\/uploads\/2019\/10\/fale-blond-jennifer-lopez-1024x576.jpg 1024w\" sizes=\"(max-width: 1200px) 100vw, 1200px\" \/><figcaption id=\"caption-attachment-12556\" class=\"wp-caption-text\">\u0179r\u00f3d\u0142a: ninefrogs.com i whowhatwear.com<\/figcaption><\/figure>\n<p>A Ty w jakiej ods\u0142onie lubisz Jennifer najbardziej?<\/p>\n","protected":false},"excerpt":{"rendered":"<p>Niedawno Jennifer Lopez \u015bwietowa\u0142a swoje 50. urodziny. Bior\u0105c pod uwag\u0119 m\u0142ody wygl\u0105d i nienagann\u0105 figur\u0119 gwiazdy to wydarzenie odbi\u0142o si\u0119 szerokim echem w mediach. Ale skoro emocje ju\u017c troch\u0119 opad\u0142y, to postanowili\u015bmy si\u0119 przyjrze\u0107 fryzurom, kt\u00f3re przez tyle lat kariery Jennifer zd\u0105\u017cy\u0142a niejako naznaczy\u0107 swoim znakiem firowym.<\/p>\n","protected":false},"author":5,"featured_media":12560,"comment_status":"open","ping_status":"open","sticky":false,"template":"","format":"standard","meta":{"footnotes":""},"categories":[2],"tags":[],"yst_prominent_words":[2080,2071,7636,2081,801,7637,7632,2472,7630,7633,5415,4307,7634,7631,3343,6493,4995,2393,2596,7641],"class_list":["post-12550","post","type-post","status-publish","format-standard","has-post-thumbnail","hentry","category-aktualnosci"],"_links":{"self":[{"href":"https:\/\/www.hairstore.pl\/blog\/wp-json\/wp\/v2\/posts\/12550","targetHints":{"allow":["GET"]}}],"collection":[{"href":"https:\/\/www.hairstore.pl\/blog\/wp-json\/wp\/v2\/posts"}],"about":[{"href":"https:\/\/www.hairstore.pl\/blog\/wp-json\/wp\/v2\/types\/post"}],"author":[{"embeddable":true,"href":"https:\/\/www.hairstore.pl\/blog\/wp-json\/wp\/v2\/users\/5"}],"replies":[{"embeddable":true,"href":"https:\/\/www.hairstore.pl\/blog\/wp-json\/wp\/v2\/comments?post=12550"}],"version-history":[{"count":7,"href":"https:\/\/www.hairstore.pl\/blog\/wp-json\/wp\/v2\/posts\/12550\/revisions"}],"predecessor-version":[{"id":12564,"href":"https:\/\/www.hairstore.pl\/blog\/wp-json\/wp\/v2\/posts\/12550\/revisions\/12564"}],"wp:featuredmedia":[{"embeddable":true,"href":"https:\/\/www.hairstore.pl\/blog\/wp-json\/wp\/v2\/media\/12560"}],"wp:attachment":[{"href":"https:\/\/www.hairstore.pl\/blog\/wp-json\/wp\/v2\/media?parent=12550"}],"wp:term":[{"taxonomy":"category","embeddable":true,"href":"https:\/\/www.hairstore.pl\/blog\/wp-json\/wp\/v2\/categories?post=12550"},{"taxonomy":"post_tag","embeddable":true,"href":"https:\/\/www.hairstore.pl\/blog\/wp-json\/wp\/v2\/tags?post=12550"},{"taxonomy":"yst_prominent_words","embeddable":true,"href":"https:\/\/www.hairstore.pl\/blog\/wp-json\/wp\/v2\/yst_prominent_words?post=12550"}],"curies":[{"name":"wp","href":"https:\/\/api.w.org\/{rel}","templated":true}]}}