{"id":12211,"date":"2019-09-11T14:08:02","date_gmt":"2019-09-11T12:08:02","guid":{"rendered":"https:\/\/www.hairstore.pl\/blog\/?p=12211"},"modified":"2020-09-30T18:43:48","modified_gmt":"2020-09-30T16:43:48","slug":"wielki-powrot-fryzur-emo","status":"publish","type":"post","link":"https:\/\/www.hairstore.pl\/blog\/wielki-powrot-fryzur-emo\/","title":{"rendered":"Czy powinni\u015bmy by\u0107 gotowi na wielki powr\u00f3t emo?"},"content":{"rendered":"<p>Pami\u0119tacie styl emo? Je\u015bli my\u015bleli\u015bcie, \u017ce to ju\u017c dawno za nami, to si\u0119 mylicie. Styl emo, przede wszystkim na w\u0142osach, w\u0142a\u015bnie powraca z ogromnym hukiem. W ostatnim czasie &#8222;emo hairstyles&#8221; to jedno z najcz\u0119\u015bciej i najch\u0119tniej wyszukiwanych hase\u0142 chocia\u017cby na Pintere\u015bcie. Przypomnijmy sobie, na czym ten styl polega.<\/p>\n<p><!--more--><\/p>\n<p>Z czym kojarzy si\u0119 wam emo styl? Pewnie my\u015blicie troch\u0119 o smutku, melancholii, czarnych w\u0142osach i d\u0142ugich grzywkach? Faktycznie, subkultura emo nawi\u0105zuje do g\u0142\u0119bokiego prze\u017cywania emocji i \u015bwiata. Je\u015bli jednak chodzi o fryzury, a to nas przede wszystkim interesuje, emo oznacza szalone kolory na g\u0142owie i odwa\u017cne cieniowanie.<\/p>\n<ul class=\"article-menu article-menu-v2\">\n<li>na czym polega fryzura emo<\/li>\n<li>jakie kolory pasuj\u0105 do tych fryzur<\/li>\n<li>czy styl emo jest odpowiedni te\u017c dla ch\u0142opc\u00f3w<\/li>\n<li>jak przed\u0142u\u017cy\u0107 trwa\u0142o\u015b\u0107 koloru<\/li>\n<\/ul>\n<h2>Emo, czyli kolorowe i pocieniowane w\u0142osy<\/h2>\n<p>W\u0142osy emo musz\u0105 by\u0107 po pierwsze mocno pocieniowane, po drugie raczej d\u0142ugie, a po trzecie farbowane. I to nie na jaki\u015b &#8222;nudny&#8221; kasztanowy czy miodowy, ale na kolory skrajne. Mile widziane g\u0142\u0119bokie czernie, platynowe blondy i wszelkie kolory t\u0119czy. Im bardziej kolor jest jaskrawy i wyrazisty, tym lepiej.<\/p>\n<figure id=\"attachment_12213\" aria-describedby=\"caption-attachment-12213\" style=\"width: 1200px\" class=\"wp-caption aligncenter\"><img decoding=\"async\" class=\"wp-image-12213 size-full\" src=\"https:\/\/www.hairstore.pl\/blog\/wp-content\/uploads\/2019\/09\/fryzury-emo.jpg\" alt=\"emo fryzury, fryzury emo, emo styl\" width=\"1200\" height=\"675\" srcset=\"https:\/\/www.hairstore.pl\/blog\/wp-content\/uploads\/2019\/09\/fryzury-emo.jpg 800w, https:\/\/www.hairstore.pl\/blog\/wp-content\/uploads\/2019\/09\/fryzury-emo-300x169.jpg 300w, https:\/\/www.hairstore.pl\/blog\/wp-content\/uploads\/2019\/09\/fryzury-emo-768x432.jpg 768w, https:\/\/www.hairstore.pl\/blog\/wp-content\/uploads\/2019\/09\/fryzury-emo-1024x576.jpg 1024w\" sizes=\"(max-width: 1200px) 100vw, 1200px\" \/><figcaption id=\"caption-attachment-12213\" class=\"wp-caption-text\">\u0179r\u00f3d\u0142o: tumblr.com, hairplant.org, lovehairstyles.com<\/figcaption><\/figure>\n<p>Strzy\u017cenie emo jest bardzo charakterystyczne. <strong>W\u0142osy s\u0105 d\u0142ugie, ale mocno pocieniowane przy nasadzie<\/strong>. Dzi\u0119ki temu s\u0105 uniesione u nasady i zachwycaj\u0105 obj\u0119to\u015bci\u0105. A do tego bardzo d\u0142uga grzywka na bok, zakrywaj\u0105ca przynajmniej jedno oko. Oczywi\u015bcie idealne b\u0119d\u0105 pazurki, w\u0142osy wr\u0119cz powinny by\u0107 nawet &#8222;poszarpane&#8221;. A \u017ceby doda\u0107 pocieniowanym w\u0142osom jeszcze wi\u0119kszej obj\u0119to\u015bci, powinno si\u0119 je tapirowa\u0107. Typowe ci\u0119cia emo pokazuje poni\u017csza grafika.<\/p>\n<p><img decoding=\"async\" class=\"aligncenter size-full wp-image-12226\" src=\"https:\/\/www.hairstore.pl\/blog\/wp-content\/uploads\/2019\/09\/styl-emo.jpg\" alt=\"emo fryzury, fryzury emo, emo styl\" width=\"1200\" height=\"1282\" srcset=\"https:\/\/www.hairstore.pl\/blog\/wp-content\/uploads\/2019\/09\/styl-emo.jpg 800w, https:\/\/www.hairstore.pl\/blog\/wp-content\/uploads\/2019\/09\/styl-emo-281x300.jpg 281w, https:\/\/www.hairstore.pl\/blog\/wp-content\/uploads\/2019\/09\/styl-emo-768x820.jpg 768w, https:\/\/www.hairstore.pl\/blog\/wp-content\/uploads\/2019\/09\/styl-emo-959x1024.jpg 959w\" sizes=\"(max-width: 1200px) 100vw, 1200px\" \/><\/p>\n<p>Sprawd\u017a: <a href=\"https:\/\/www.hairstore.pl\/blog\/tapirowane-wlosy-z-tangle-tezer\/\">Jak i czym tapirowa\u0107 w\u0142osy?<\/a><\/p>\n<p>A kolory? Czer\u0144 jest idealna &#8211; oczywi\u015bcie z czarn\u0105 kresk\u0105 wok\u00f3\u0142 oczu. Idealne b\u0119d\u0105 te\u017c <strong>szalone kolory<\/strong>.<\/p>\n<figure id=\"attachment_12214\" aria-describedby=\"caption-attachment-12214\" style=\"width: 1200px\" class=\"wp-caption aligncenter\"><img decoding=\"async\" class=\"wp-image-12214 size-full\" src=\"https:\/\/www.hairstore.pl\/blog\/wp-content\/uploads\/2019\/09\/fryzury-emo-dziewczyny.jpg\" alt=\"jak \u015bci\u0105\u0107 w\u0142osy, jakie fryzury emo, emo dziewczyna, emo styl\" width=\"1200\" height=\"675\" srcset=\"https:\/\/www.hairstore.pl\/blog\/wp-content\/uploads\/2019\/09\/fryzury-emo-dziewczyny.jpg 800w, https:\/\/www.hairstore.pl\/blog\/wp-content\/uploads\/2019\/09\/fryzury-emo-dziewczyny-300x169.jpg 300w, https:\/\/www.hairstore.pl\/blog\/wp-content\/uploads\/2019\/09\/fryzury-emo-dziewczyny-768x432.jpg 768w, https:\/\/www.hairstore.pl\/blog\/wp-content\/uploads\/2019\/09\/fryzury-emo-dziewczyny-1024x576.jpg 1024w\" sizes=\"(max-width: 1200px) 100vw, 1200px\" \/><figcaption id=\"caption-attachment-12214\" class=\"wp-caption-text\">\u0179r\u00f3d\u0142o: yasminfashions.com, tumblr.com, top.superhairmodels.com<\/figcaption><\/figure>\n<p>Seledynowy, mi\u0119towy, r\u00f3\u017cowy, fioletowy, czerwie\u0144 &#8211; w emo fryzurach mo\u017cna zaszale\u0107. W stylu emo chocia\u017c ko\u0144c\u00f3wki powinny mie\u0107 jaki\u015b nieco szalony kolor &#8211; o ile oczywi\u015bcie w\u0142osy nie s\u0105 czarne, bo w przypadku mrocznej czerni \u017cadne inne dodatki nie s\u0105 potrzebne.<\/p>\n<div id=\"hsbp-1\" class=\"hsbp\"><\/div>\n<p><script type='text\/javascript' src='https:\/\/www.hairstore.pl\/produkty_wordpress.php?dst=hsbp-1&#038;prods=18136,18225,16551,16006,8130'><\/script><\/p>\n<figure id=\"attachment_12215\" aria-describedby=\"caption-attachment-12215\" style=\"width: 1200px\" class=\"wp-caption aligncenter\"><img decoding=\"async\" class=\"wp-image-12215 size-full\" src=\"https:\/\/www.hairstore.pl\/blog\/wp-content\/uploads\/2019\/09\/emo-wlosy-2019.jpg\" alt=\"kolorowe w\u0142osy, cieniowane w\u0142osy\" width=\"1200\" height=\"675\" srcset=\"https:\/\/www.hairstore.pl\/blog\/wp-content\/uploads\/2019\/09\/emo-wlosy-2019.jpg 800w, https:\/\/www.hairstore.pl\/blog\/wp-content\/uploads\/2019\/09\/emo-wlosy-2019-300x169.jpg 300w, https:\/\/www.hairstore.pl\/blog\/wp-content\/uploads\/2019\/09\/emo-wlosy-2019-768x432.jpg 768w, https:\/\/www.hairstore.pl\/blog\/wp-content\/uploads\/2019\/09\/emo-wlosy-2019-1024x576.jpg 1024w\" sizes=\"(max-width: 1200px) 100vw, 1200px\" \/><figcaption id=\"caption-attachment-12215\" class=\"wp-caption-text\">\u0179r\u00f3d\u0142o: digitalhairstyles.com, lovehairstyles.com, frisurgram.com<\/figcaption><\/figure>\n<p>Czym farbowa\u0107 w\u0142osy? Przydadz\u0105 si\u0119 produkty do <a href=\"https:\/\/www.hairstore.pl\/koloryzacja-zmywalna-c748.html\">koloryzacji zmywalnej<\/a> albo farby do koloryzacji kreatywnej, np.<\/p>\n<ul>\n<li><a href=\"https:\/\/www.hairstore.pl\/wella-cf-create-farba-semi-permanentna-60ml-p18136.html\">\u00a0farba semi-permanentna Wella CF Create<\/a>: w palecie wiele pastelowych odcieni do wyboru, kolor utrzymuje si\u0119 do 20 my\u0107, a farby mo\u017cna ze sob\u0105 blendowa\u0107<\/li>\n<li><a href=\"https:\/\/www.hairstore.pl\/matrix-socolor-cult-farba-do-koloryzacji-ton-w-ton-85g-p18225.html\">farba do koloryzacji ton w ton Matrix SoColor Cult<\/a>, ze specjalnym kompleksem Cera-Oil, kt\u00f3ry odbudowuje kosmyki i wzmacnia je<\/li>\n<\/ul>\n<p>\u017beby kolor na d\u0142ugo pozosta\u0142 wibruj\u0105cy i wyrazisty, warto si\u0119gn\u0105\u0107 po <a href=\"https:\/\/www.hairstore.pl\/indola-color-blaster-odzywka-koloryzujaca-300ml-p17927.html\">od\u017cywki koloryzuj\u0105ce<\/a> albo <a href=\"https:\/\/www.hairstore.pl\/schwarzkopf-blond-me-instant-blush-wash-kapiel-koloryzujaca-250ml-p18930.html\">szampony koloryzuj\u0105ce<\/a>.<\/p>\n<p>Sprawd\u017a: <a href=\"https:\/\/www.hairstore.pl\/blog\/maski-koloryzujace-ranking-top-3\/\">Top 3 od\u017cywek koloryzuj\u0105cych do w\u0142os\u00f3w.<\/a><\/p>\n<div id=\"hsbp-2\" class=\"hsbp\"><\/div>\n<p><script type='text\/javascript' src='https:\/\/www.hairstore.pl\/produkty_wordpress.php?dst=hsbp-2&#038;prods=18169,18930,17927,1852,20247'><\/script><\/p>\n<p>Kosmetyki tego typu warto stosowa\u0107 co kt\u00f3re\u015b mycie. Szampony i od\u017cywki koloryzuj\u0105ce zawieraj\u0105 pigmenty, kt\u00f3re pog\u0142\u0119biaj\u0105 kolor i chroni\u0105 go przed blakni\u0119ciem, a poza tym s\u0105 bogate w sk\u0142adniki od\u017cywcze, kt\u00f3re wzmacniaj\u0105 w\u0142osy od \u015brodka, wyg\u0142adzaj\u0105 je i pozostawiaj\u0105 l\u015bni\u0105ce.<\/p>\n<div class=\"ebook-download-box\">\n<div class=\"ebook-download-header\">\n<div class=\"ebook-download-header-text\">Mamy dla Ciebie <span class=\"ebook-download-header-text-bold\">darmowego e-booka<\/span>. Wystarczy jedno klikni\u0119cie.<\/div>\n<div class=\"ebook-cover\"><img decoding=\"async\" src=\"https:\/\/www.hairstore.pl\/blog\/wp-content\/uploads\/2020\/04\/okladka_odzywki.jpg\" \/><\/p>\n<div><span class=\"ebook-pages\">8<\/span><span class=\"ebook-pages-txt\">stron<\/span><\/div>\n<\/div>\n<\/div>\n<div class=\"ebook-download-title\">Jak u\u017cywa\u0107 od\u017cywek koloryzuj\u0105cych?<\/div>\n<div class=\"ebook-download-cta\"><a href=\"https:\/\/www.hairstore.pl\/blog\/wp-content\/uploads\/2020\/04\/Od%C5%BCywki-koloryzuj%C4%85ce.pdf\" target=\"_blank\" rel=\"noopener noreferrer\">Pobierz za darmo<\/a><\/div>\n<\/div>\n<p>&nbsp;<\/p>\n<h2>Emo w wersji ch\u0142opi\u0119cej<\/h2>\n<p>Styl emo polubili r\u00f3wnie\u017c m\u0142odzi m\u0119\u017cczy\u017ani, kt\u00f3rzy mniej szalej\u0105 z kolorami (kr\u00f3luje raczej czer\u0144) i d\u0142ugo\u015bci\u0105 (preferowane s\u0105 w\u0142osy maksymalnie do obojczyk\u00f3w), za to stawiaj\u0105 na <strong>mocne pocieniowanie w\u0142os\u00f3w i bardzo d\u0142ug\u0105 grzywk\u0119<\/strong>.<\/p>\n<figure id=\"attachment_12216\" aria-describedby=\"caption-attachment-12216\" style=\"width: 1200px\" class=\"wp-caption aligncenter\"><img decoding=\"async\" class=\"wp-image-12216 size-full\" src=\"https:\/\/www.hairstore.pl\/blog\/wp-content\/uploads\/2019\/09\/emo-hair-boy.jpg\" alt=\"emo ch\u0142opak, ch\u0142opak emo\" width=\"1200\" height=\"675\" srcset=\"https:\/\/www.hairstore.pl\/blog\/wp-content\/uploads\/2019\/09\/emo-hair-boy.jpg 800w, https:\/\/www.hairstore.pl\/blog\/wp-content\/uploads\/2019\/09\/emo-hair-boy-300x169.jpg 300w, https:\/\/www.hairstore.pl\/blog\/wp-content\/uploads\/2019\/09\/emo-hair-boy-768x432.jpg 768w, https:\/\/www.hairstore.pl\/blog\/wp-content\/uploads\/2019\/09\/emo-hair-boy-1024x576.jpg 1024w\" sizes=\"(max-width: 1200px) 100vw, 1200px\" \/><figcaption id=\"caption-attachment-12216\" class=\"wp-caption-text\">\u0179r\u00f3d\u0142o: bestprofilepix.com, gravetics.com, upfashionstyle.com<\/figcaption><\/figure>\n<figure id=\"attachment_12217\" aria-describedby=\"caption-attachment-12217\" style=\"width: 1200px\" class=\"wp-caption aligncenter\"><img decoding=\"async\" class=\"wp-image-12217 size-full\" src=\"https:\/\/www.hairstore.pl\/blog\/wp-content\/uploads\/2019\/09\/emo-w\u0142osy.jpg\" alt=\"fryzury dla ch\u0142opaka, fryzury z grzywk\u0105 m\u0119skie\" width=\"1200\" height=\"675\" srcset=\"https:\/\/www.hairstore.pl\/blog\/wp-content\/uploads\/2019\/09\/emo-w\u0142osy.jpg 800w, https:\/\/www.hairstore.pl\/blog\/wp-content\/uploads\/2019\/09\/emo-w\u0142osy-300x169.jpg 300w, https:\/\/www.hairstore.pl\/blog\/wp-content\/uploads\/2019\/09\/emo-w\u0142osy-768x432.jpg 768w, https:\/\/www.hairstore.pl\/blog\/wp-content\/uploads\/2019\/09\/emo-w\u0142osy-1024x576.jpg 1024w\" sizes=\"(max-width: 1200px) 100vw, 1200px\" \/><figcaption id=\"caption-attachment-12217\" class=\"wp-caption-text\">\u0179r\u00f3d\u0142o: hairstylishe.com, picmonkey.com, wehearit.com<\/figcaption><\/figure>\n<p>Wszystko wskazuje na to, \u017ce emo powr\u00f3ci na ulice, a fryzury w tym stylu znowu b\u0119d\u0105 mocne. Czy rzeczywi\u015bcie tak b\u0119dzie, poka\u017ce najbli\u017csza jesie\u0144.<\/p>\n","protected":false},"excerpt":{"rendered":"<p>Pami\u0119tacie styl emo? Je\u015bli my\u015bleli\u015bcie, \u017ce to ju\u017c dawno za nami, to si\u0119 mylicie. Styl emo, przede wszystkim na w\u0142osach, w\u0142a\u015bnie powraca z ogromnym hukiem. W ostatnim czasie &#8222;emo hairstyles&#8221; to jedno z najcz\u0119\u015bciej i najch\u0119tniej wyszukiwanych hase\u0142 chocia\u017cby na Pintere\u015bcie. Przypomnijmy sobie, na czym ten styl polega.<\/p>\n","protected":false},"author":8,"featured_media":12222,"comment_status":"open","ping_status":"open","sticky":false,"template":"","format":"standard","meta":{"footnotes":""},"categories":[9421],"tags":[],"yst_prominent_words":[7118,784,7114,722,3695,1669,7120,1381,7112,10656,7119,7111,729,6193,7109,787,7113,720,717,737],"class_list":["post-12211","post","type-post","status-publish","format-standard","has-post-thumbnail","hentry","category-trendy"],"_links":{"self":[{"href":"https:\/\/www.hairstore.pl\/blog\/wp-json\/wp\/v2\/posts\/12211","targetHints":{"allow":["GET"]}}],"collection":[{"href":"https:\/\/www.hairstore.pl\/blog\/wp-json\/wp\/v2\/posts"}],"about":[{"href":"https:\/\/www.hairstore.pl\/blog\/wp-json\/wp\/v2\/types\/post"}],"author":[{"embeddable":true,"href":"https:\/\/www.hairstore.pl\/blog\/wp-json\/wp\/v2\/users\/8"}],"replies":[{"embeddable":true,"href":"https:\/\/www.hairstore.pl\/blog\/wp-json\/wp\/v2\/comments?post=12211"}],"version-history":[{"count":11,"href":"https:\/\/www.hairstore.pl\/blog\/wp-json\/wp\/v2\/posts\/12211\/revisions"}],"predecessor-version":[{"id":15491,"href":"https:\/\/www.hairstore.pl\/blog\/wp-json\/wp\/v2\/posts\/12211\/revisions\/15491"}],"wp:featuredmedia":[{"embeddable":true,"href":"https:\/\/www.hairstore.pl\/blog\/wp-json\/wp\/v2\/media\/12222"}],"wp:attachment":[{"href":"https:\/\/www.hairstore.pl\/blog\/wp-json\/wp\/v2\/media?parent=12211"}],"wp:term":[{"taxonomy":"category","embeddable":true,"href":"https:\/\/www.hairstore.pl\/blog\/wp-json\/wp\/v2\/categories?post=12211"},{"taxonomy":"post_tag","embeddable":true,"href":"https:\/\/www.hairstore.pl\/blog\/wp-json\/wp\/v2\/tags?post=12211"},{"taxonomy":"yst_prominent_words","embeddable":true,"href":"https:\/\/www.hairstore.pl\/blog\/wp-json\/wp\/v2\/yst_prominent_words?post=12211"}],"curies":[{"name":"wp","href":"https:\/\/api.w.org\/{rel}","templated":true}]}}