{"id":12190,"date":"2019-09-06T10:17:49","date_gmt":"2019-09-06T08:17:49","guid":{"rendered":"https:\/\/www.hairstore.pl\/blog\/?p=12190"},"modified":"2020-09-30T18:43:48","modified_gmt":"2020-09-30T16:43:48","slug":"manicure-jesien-2019","status":"publish","type":"post","link":"https:\/\/www.hairstore.pl\/blog\/manicure-jesien-2019\/","title":{"rendered":"Jesienne stylizacje paznokci z Semilac. Zainspiruj si\u0119 nasz\u0105 galeri\u0105 z pomys\u0142ami na manicure"},"content":{"rendered":"<p>Szukasz pomys\u0142u na jesienny manicure? Zobacz galeri\u0119 z inspiracjami od Semilac i wybierz styl, kt\u00f3ry najlepiej pasuje do Ciebie. W tym sezonie prym wiod\u0105 czernie, matowe paznokcie i li\u015bciaste wzorki. \u015awietnie sprawdzi si\u0119 r\u00f3wnie\u017c butelkowa ziele\u0144 i \u017c\u00f3\u0142\u0107.<\/p>\n<p><!--more--><\/p>\n<p>Wielkimi krokami zbli\u017ca si\u0119 jesie\u0144, wi\u0119c czas na zmian\u0119 manicure. \u017begnamy neonowe paznokcie i zamieniamy je na matowe stylizacje, kwieciste wzorki zostan\u0105 zast\u0105pione li\u015b\u0107mi, miejsce pikantnych r\u00f3\u017cy zajmie butelkowa ziele\u0144, granat i filety.<\/p>\n<ul class=\"article-menu article-menu-v2\">\n<li>najmodniejsze kolory manicure na jesie\u0144 2019<\/li>\n<li>modne wzory<\/li>\n<li>motywy li\u015bci na paznokciach<\/li>\n<li>gar\u015b\u0107 inspiracji<\/li>\n<\/ul>\n<h2>Czer\u0144 ma moc<\/h2>\n<p>W tym sezonie bardzo modnie b\u0119d\u0105 wygl\u0105da\u0107 czarne paznokcie. Nie musz\u0105 jednak by\u0107 nudne &#8211; mo\u017cesz doda\u0107 po\u0142yskuj\u0105ce elementy albo wzory. <strong>Czer\u0144 jest elegancka, ultrakobieca i ponadczasowa<\/strong>. I pasuje do ka\u017cdej stylizacji. A o\u017cywiona dodatkowymi elementami, jak b\u0142ysk czy geometryczne linie, nabiera nowego smaku.<\/p>\n<figure id=\"attachment_12191\" aria-describedby=\"caption-attachment-12191\" style=\"width: 1200px\" class=\"wp-caption aligncenter\"><img decoding=\"async\" class=\"size-full wp-image-12191\" src=\"https:\/\/www.hairstore.pl\/blog\/wp-content\/uploads\/2019\/09\/czarne-paznokcie-z-wzorkami.jpg\" alt=\"czarne paznokcie, czarny manicure\" width=\"1200\" height=\"675\" srcset=\"https:\/\/www.hairstore.pl\/blog\/wp-content\/uploads\/2019\/09\/czarne-paznokcie-z-wzorkami.jpg 800w, https:\/\/www.hairstore.pl\/blog\/wp-content\/uploads\/2019\/09\/czarne-paznokcie-z-wzorkami-300x169.jpg 300w, https:\/\/www.hairstore.pl\/blog\/wp-content\/uploads\/2019\/09\/czarne-paznokcie-z-wzorkami-768x432.jpg 768w, https:\/\/www.hairstore.pl\/blog\/wp-content\/uploads\/2019\/09\/czarne-paznokcie-z-wzorkami-1024x576.jpg 1024w\" sizes=\"(max-width: 1200px) 100vw, 1200px\" \/><figcaption id=\"caption-attachment-12191\" class=\"wp-caption-text\">\u0179r\u00f3d\u0142o: materia\u0142y Semilac<\/figcaption><\/figure>\n<p>Dodaj troch\u0119 matu albo roz\u015bwietl stylizacj\u0119 be\u017cowym kolorem, a czarny manicure b\u0119dzie wygl\u0105da\u0142 oryginalnie. Czer\u0144 doskonale komponuje si\u0119 ze z\u0142otem i biel\u0105. Geometryczne elementy to jeden z najbardziej dominuj\u0105cych element\u00f3w w modnym jesiennym manicure.<\/p>\n<figure id=\"attachment_12193\" aria-describedby=\"caption-attachment-12193\" style=\"width: 1200px\" class=\"wp-caption aligncenter\"><img decoding=\"async\" class=\"wp-image-12193 size-full\" src=\"https:\/\/www.hairstore.pl\/blog\/wp-content\/uploads\/2019\/09\/czarne-paznokcie.jpg\" alt=\"czarna stylizacja na jesie\u0144, czarny manicure, manicure na jesie\u0144\" width=\"1200\" height=\"675\" srcset=\"https:\/\/www.hairstore.pl\/blog\/wp-content\/uploads\/2019\/09\/czarne-paznokcie.jpg 800w, https:\/\/www.hairstore.pl\/blog\/wp-content\/uploads\/2019\/09\/czarne-paznokcie-300x169.jpg 300w, https:\/\/www.hairstore.pl\/blog\/wp-content\/uploads\/2019\/09\/czarne-paznokcie-768x432.jpg 768w, https:\/\/www.hairstore.pl\/blog\/wp-content\/uploads\/2019\/09\/czarne-paznokcie-1024x576.jpg 1024w\" sizes=\"(max-width: 1200px) 100vw, 1200px\" \/><figcaption id=\"caption-attachment-12193\" class=\"wp-caption-text\">\u0179r\u00f3d\u0142o: materia\u0142y Semilac<\/figcaption><\/figure>\n<div id=\"hsbp-1\" class=\"hsbp\"><\/div>\n<p><script type='text\/javascript' src='https:\/\/www.hairstore.pl\/produkty_wordpress.php?dst=hsbp-1&#038;prods=11215,15192,15962,19067,17818'><\/script><\/p>\n<h2><\/h2>\n<h2>Butelkowa ziele\u0144<\/h2>\n<p>Idealnym kolorem na jesie\u0144 jest <strong>butelkowa ziele\u0144<\/strong>. Zielony doskonale pasuje do jesiennych swetr\u00f3w, szalik\u00f3w i czapek. To stonowana barwa, wygl\u0105daj\u0105ca nieco kr\u00f3lewsko, dostojnie. Dodaj kilka element\u00f3w, \u017ceby jesienny manicure w kolorze butelkowej zieleni sta\u0142 si\u0119 ciekawszy. Paznokcie nie lubi\u0105 monotonii i nudy! Mog\u0105 to by\u0107 po\u0142yskuj\u0105ce drobinki &#8211; jeden z g\u0142\u00f3wnych motyw\u00f3w w manicure na t\u0119 jesie\u0144.<\/p>\n<figure id=\"attachment_12192\" aria-describedby=\"caption-attachment-12192\" style=\"width: 1200px\" class=\"wp-caption aligncenter\"><img decoding=\"async\" class=\"size-full wp-image-12192\" src=\"https:\/\/www.hairstore.pl\/blog\/wp-content\/uploads\/2019\/09\/paznokcie-butelkowa-zielen.jpg\" alt=\"butelkowa ziele\u0144 na paznokciach, zielone paznokcie, jesienne paznokcie\" width=\"1200\" height=\"675\" srcset=\"https:\/\/www.hairstore.pl\/blog\/wp-content\/uploads\/2019\/09\/paznokcie-butelkowa-zielen.jpg 800w, https:\/\/www.hairstore.pl\/blog\/wp-content\/uploads\/2019\/09\/paznokcie-butelkowa-zielen-300x169.jpg 300w, https:\/\/www.hairstore.pl\/blog\/wp-content\/uploads\/2019\/09\/paznokcie-butelkowa-zielen-768x432.jpg 768w, https:\/\/www.hairstore.pl\/blog\/wp-content\/uploads\/2019\/09\/paznokcie-butelkowa-zielen-1024x576.jpg 1024w\" sizes=\"(max-width: 1200px) 100vw, 1200px\" \/><figcaption id=\"caption-attachment-12192\" class=\"wp-caption-text\">\u0179r\u00f3d\u0142o: materia\u0142y Semilac<\/figcaption><\/figure>\n<p>Ciekawym pomys\u0142em jest r\u00f3wnie\u017c po\u0142\u0105czenie tradycyjnego manicure i matowych kolor\u00f3w. A do tego tr\u00f3jwymiarowa faktura. To w\u0142a\u015bnie zdj\u0119cie powy\u017cej z paznokciami w kolorze butelkowej zieleni jest naszym faworytem w tej galerii z jesiennymi inspiracjami.<\/p>\n<div class=\"ebook-download-box\">\n<div class=\"ebook-download-header\">\n<div class=\"ebook-download-header-text\">Mamy dla Ciebie <span class=\"ebook-download-header-text-bold\">darmowego e-booka<\/span>. Wystarczy jedno klikni\u0119cie.<\/div>\n<div class=\"ebook-cover\">\n<p><img decoding=\"async\" src=\"https:\/\/www.hairstore.pl\/blog\/wp-content\/uploads\/2018\/10\/jak-zrobic-hybryde-w-domu.jpg\" \/><\/p>\n<div><span class=\"ebook-pages\">5<\/span><span class=\"ebook-pages-txt\">stron<\/span><\/div>\n<\/div>\n<\/div>\n<div class=\"ebook-download-title\">Jak zrobi\u0107 hybryd\u0119 w domu?<\/div>\n<div class=\"ebook-download-cta\"><a href=\"https:\/\/www.hairstore.pl\/blog\/wp-content\/uploads\/2018\/10\/EBOOK-jak-zrobic-hybryde-w-domu-1.pdf\" target=\"_blank\" rel=\"noopener noreferrer\">Pobierz za darmo<\/a><\/div>\n<\/div>\n<h2>Mat na paznokciach<\/h2>\n<p>W sezonie jesiennym modne s\u0105 te\u017c <strong>matowe paznokcie<\/strong>. Koniecznie w kolorach koresponduj\u0105cych z ciep\u0142ymi, jesiennymi swetrami. Na matowych paznokciach powinny wi\u0119c si\u0119 pojawi\u0107 modne tej jesieni szaro\u015bci i fiolety. Matowy, delikatny r\u00f3\u017c mo\u017ce z kolei o\u017cywi\u0107 nieco ca\u0142\u0105 stylizacj\u0119.<\/p>\n<figure id=\"attachment_12194\" aria-describedby=\"caption-attachment-12194\" style=\"width: 1200px\" class=\"wp-caption aligncenter\"><img decoding=\"async\" class=\"size-full wp-image-12194\" src=\"https:\/\/www.hairstore.pl\/blog\/wp-content\/uploads\/2019\/09\/paznokcie-matowe-z-wzorkami.jpg\" alt=\"matowe paznokcie\" width=\"1200\" height=\"675\" srcset=\"https:\/\/www.hairstore.pl\/blog\/wp-content\/uploads\/2019\/09\/paznokcie-matowe-z-wzorkami.jpg 800w, https:\/\/www.hairstore.pl\/blog\/wp-content\/uploads\/2019\/09\/paznokcie-matowe-z-wzorkami-300x169.jpg 300w, https:\/\/www.hairstore.pl\/blog\/wp-content\/uploads\/2019\/09\/paznokcie-matowe-z-wzorkami-768x432.jpg 768w, https:\/\/www.hairstore.pl\/blog\/wp-content\/uploads\/2019\/09\/paznokcie-matowe-z-wzorkami-1024x576.jpg 1024w\" sizes=\"(max-width: 1200px) 100vw, 1200px\" \/><figcaption id=\"caption-attachment-12194\" class=\"wp-caption-text\">\u0179r\u00f3d\u0142o: materia\u0142y Semilac<\/figcaption><\/figure>\n<h2>Li\u015bcie spadaj\u0105 z drzew&#8230; na paznokcie<\/h2>\n<p>W przegl\u0105dzie najmodniejszych jesiennych stylizacji nie mo\u017ce zabrakn\u0105\u0107 oczywi\u015bcie li\u015bci. <strong>Li\u015bciaste wzory koniecznie musz\u0105 si\u0119 pojawi\u0107 w tym sezonie na Twoich paznokciach chocia\u017c raz<\/strong>. Mo\u017cesz si\u0119 zainspirowa\u0107 pomys\u0142ami od Semilac.<\/p>\n<p>Z jesienn\u0105 aur\u0105 doskonale wsp\u00f3\u0142gra <strong>zgaszony pomara\u0144cz<\/strong>. To doskona\u0142y kolor do jesiennych aplikacji &#8211; w ko\u0144cu tak zbli\u017cony do kolor\u00f3w, kt\u00f3rymi \u015bwiat maluje Matka Natura w jesienne miesi\u0105ce.<\/p>\n<figure id=\"attachment_12196\" aria-describedby=\"caption-attachment-12196\" style=\"width: 1200px\" class=\"wp-caption aligncenter\"><img decoding=\"async\" class=\"size-full wp-image-12196\" src=\"https:\/\/www.hairstore.pl\/blog\/wp-content\/uploads\/2019\/09\/jesienne-paznokcie-wzorki.jpg\" alt=\"paznokcie z wzrokami w li\u015bcie, li\u015bcie na paznokciach\" width=\"1200\" height=\"675\" srcset=\"https:\/\/www.hairstore.pl\/blog\/wp-content\/uploads\/2019\/09\/jesienne-paznokcie-wzorki.jpg 800w, https:\/\/www.hairstore.pl\/blog\/wp-content\/uploads\/2019\/09\/jesienne-paznokcie-wzorki-300x169.jpg 300w, https:\/\/www.hairstore.pl\/blog\/wp-content\/uploads\/2019\/09\/jesienne-paznokcie-wzorki-768x432.jpg 768w, https:\/\/www.hairstore.pl\/blog\/wp-content\/uploads\/2019\/09\/jesienne-paznokcie-wzorki-1024x576.jpg 1024w\" sizes=\"(max-width: 1200px) 100vw, 1200px\" \/><figcaption id=\"caption-attachment-12196\" class=\"wp-caption-text\">\u0179r\u00f3d\u0142o: materia\u0142y Semilac<\/figcaption><\/figure>\n<p><strong>Z\u0142oty, pomara\u0144czowy, br\u0105zowy &#8211; to kolory idealne na jesie\u0144<\/strong>. Nic dziwnego, \u017ce pojawi\u0142y si\u0119 w naszych propozycjach na jesienny manicure.<\/p>\n<figure id=\"attachment_12197\" aria-describedby=\"caption-attachment-12197\" style=\"width: 1200px\" class=\"wp-caption aligncenter\"><img decoding=\"async\" class=\"size-full wp-image-12197\" src=\"https:\/\/www.hairstore.pl\/blog\/wp-content\/uploads\/2019\/09\/jezienne-stylizacje-paznokci.jpg\" alt=\"jesienny manicure, jesienne stylizacje paznokci, lakiery semilac\" width=\"1200\" height=\"675\" srcset=\"https:\/\/www.hairstore.pl\/blog\/wp-content\/uploads\/2019\/09\/jezienne-stylizacje-paznokci.jpg 800w, https:\/\/www.hairstore.pl\/blog\/wp-content\/uploads\/2019\/09\/jezienne-stylizacje-paznokci-300x169.jpg 300w, https:\/\/www.hairstore.pl\/blog\/wp-content\/uploads\/2019\/09\/jezienne-stylizacje-paznokci-768x432.jpg 768w, https:\/\/www.hairstore.pl\/blog\/wp-content\/uploads\/2019\/09\/jezienne-stylizacje-paznokci-1024x576.jpg 1024w\" sizes=\"(max-width: 1200px) 100vw, 1200px\" \/><figcaption id=\"caption-attachment-12197\" class=\"wp-caption-text\">\u0179r\u00f3d\u0142o: materia\u0142y Semilac<\/figcaption><\/figure>\n<p>Klasyczna czerwie\u0144 po\u0142\u0105czona z eleganck\u0105 czerni\u0105 to tak\u017ce doskona\u0142a dru\u017cyna. Czerwony \u015bwietnie odwzorowuje jarz\u0119bin\u0119, kt\u00f3ra kojarzy si\u0119 przecie\u017c z jesieni\u0105.<\/p>\n<figure id=\"attachment_12198\" aria-describedby=\"caption-attachment-12198\" style=\"width: 1200px\" class=\"wp-caption aligncenter\"><img decoding=\"async\" class=\"size-full wp-image-12198\" src=\"https:\/\/www.hairstore.pl\/blog\/wp-content\/uploads\/2019\/09\/pomysly-na-jesienne-panzokcie.jpg\" alt=\"wzorki na paznokcie\" width=\"1200\" height=\"675\" srcset=\"https:\/\/www.hairstore.pl\/blog\/wp-content\/uploads\/2019\/09\/pomysly-na-jesienne-panzokcie.jpg 800w, https:\/\/www.hairstore.pl\/blog\/wp-content\/uploads\/2019\/09\/pomysly-na-jesienne-panzokcie-300x169.jpg 300w, https:\/\/www.hairstore.pl\/blog\/wp-content\/uploads\/2019\/09\/pomysly-na-jesienne-panzokcie-768x432.jpg 768w, https:\/\/www.hairstore.pl\/blog\/wp-content\/uploads\/2019\/09\/pomysly-na-jesienne-panzokcie-1024x576.jpg 1024w\" sizes=\"(max-width: 1200px) 100vw, 1200px\" \/><figcaption id=\"caption-attachment-12198\" class=\"wp-caption-text\">\u0179r\u00f3d\u0142o: materia\u0142y Semilac<\/figcaption><\/figure>\n<div id=\"hsbp-2\" class=\"hsbp\"><\/div>\n<p><script type='text\/javascript' src='https:\/\/www.hairstore.pl\/produkty_wordpress.php?dst=hsbp-2&#038;prods=11798,17822,11785,19721,17945'><\/script><\/p>\n<h2>Jesienne kolory na paznokciach<\/h2>\n<p>Wzorki w tej jesieni b\u0119d\u0105 bardzo modne. Najlepiej, \u017ceby odwzorowywa\u0142y one wzory charakterystyczne dla jesiennych i zimowych swetr\u00f3w. Obligatoryjnie na paznokciach powinien pojawi\u0107 si\u0119 jeden z jesiennych kolor\u00f3w w manicure:<strong> pomara\u0144czowy, granatowy, ciemny zielony b\u0105d\u017a z\u0142oty<\/strong>.<\/p>\n<figure id=\"attachment_12200\" aria-describedby=\"caption-attachment-12200\" style=\"width: 1200px\" class=\"wp-caption aligncenter\"><img decoding=\"async\" class=\"size-full wp-image-12200\" src=\"https:\/\/www.hairstore.pl\/blog\/wp-content\/uploads\/2019\/09\/jesienne-kolory.jpg\" alt=\"jesienne kolory na paznokcie, modny manicure na jesie\u0144, jak pomalowa\u0107 paznokcie na jesie\u0144\" width=\"1200\" height=\"675\" srcset=\"https:\/\/www.hairstore.pl\/blog\/wp-content\/uploads\/2019\/09\/jesienne-kolory.jpg 800w, https:\/\/www.hairstore.pl\/blog\/wp-content\/uploads\/2019\/09\/jesienne-kolory-300x169.jpg 300w, https:\/\/www.hairstore.pl\/blog\/wp-content\/uploads\/2019\/09\/jesienne-kolory-768x432.jpg 768w, https:\/\/www.hairstore.pl\/blog\/wp-content\/uploads\/2019\/09\/jesienne-kolory-1024x576.jpg 1024w\" sizes=\"(max-width: 1200px) 100vw, 1200px\" \/><figcaption id=\"caption-attachment-12200\" class=\"wp-caption-text\">\u0179r\u00f3d\u0142o: materia\u0142y Semilac<\/figcaption><\/figure>\n<figure id=\"attachment_12199\" aria-describedby=\"caption-attachment-12199\" style=\"width: 1200px\" class=\"wp-caption aligncenter\"><img decoding=\"async\" class=\"wp-image-12199 size-full\" src=\"https:\/\/www.hairstore.pl\/blog\/wp-content\/uploads\/2019\/09\/zolte-paznokcie.jpg\" alt=\"jesienne pomys\u0142y na paznokcie\" width=\"1200\" height=\"675\" srcset=\"https:\/\/www.hairstore.pl\/blog\/wp-content\/uploads\/2019\/09\/zolte-paznokcie.jpg 800w, https:\/\/www.hairstore.pl\/blog\/wp-content\/uploads\/2019\/09\/zolte-paznokcie-300x169.jpg 300w, https:\/\/www.hairstore.pl\/blog\/wp-content\/uploads\/2019\/09\/zolte-paznokcie-768x432.jpg 768w, https:\/\/www.hairstore.pl\/blog\/wp-content\/uploads\/2019\/09\/zolte-paznokcie-1024x576.jpg 1024w\" sizes=\"(max-width: 1200px) 100vw, 1200px\" \/><figcaption id=\"caption-attachment-12199\" class=\"wp-caption-text\">\u0179r\u00f3d\u0142o: materia\u0142y Semilac<\/figcaption><\/figure>\n<p>Kt\u00f3ra propozycja podoba Wam si\u0119 najbardziej? Dajcie zna\u0107 w komentarzach.<\/p>\n<div id=\"hsbp-3\" class=\"hsbp\"><\/div>\n<p><script type='text\/javascript' src='https:\/\/www.hairstore.pl\/produkty_wordpress.php?dst=hsbp-3&#038;prods=11209,12488,18818,18589,18497'><\/script><\/p>\n","protected":false},"excerpt":{"rendered":"<p>Szukasz pomys\u0142u na jesienny manicure? Zobacz galeri\u0119 z inspiracjami od Semilac i wybierz styl, kt\u00f3ry najlepiej pasuje do Ciebie. W tym sezonie prym wiod\u0105 czernie, matowe paznokcie i li\u015bciaste wzorki. \u015awietnie sprawdzi si\u0119 r\u00f3wnie\u017c butelkowa ziele\u0144 i \u017c\u00f3\u0142\u0107.<\/p>\n","protected":false},"author":8,"featured_media":12206,"comment_status":"open","ping_status":"open","sticky":false,"template":"","format":"standard","meta":{"footnotes":""},"categories":[9421],"tags":[],"yst_prominent_words":[7092,7093,7103,713,7098,7106,7102,7101,1819,5380,5379,7105,4132,1816,1822,1288,7094,737,5378,5377],"class_list":["post-12190","post","type-post","status-publish","format-standard","has-post-thumbnail","hentry","category-trendy"],"_links":{"self":[{"href":"https:\/\/www.hairstore.pl\/blog\/wp-json\/wp\/v2\/posts\/12190","targetHints":{"allow":["GET"]}}],"collection":[{"href":"https:\/\/www.hairstore.pl\/blog\/wp-json\/wp\/v2\/posts"}],"about":[{"href":"https:\/\/www.hairstore.pl\/blog\/wp-json\/wp\/v2\/types\/post"}],"author":[{"embeddable":true,"href":"https:\/\/www.hairstore.pl\/blog\/wp-json\/wp\/v2\/users\/8"}],"replies":[{"embeddable":true,"href":"https:\/\/www.hairstore.pl\/blog\/wp-json\/wp\/v2\/comments?post=12190"}],"version-history":[{"count":11,"href":"https:\/\/www.hairstore.pl\/blog\/wp-json\/wp\/v2\/posts\/12190\/revisions"}],"predecessor-version":[{"id":15300,"href":"https:\/\/www.hairstore.pl\/blog\/wp-json\/wp\/v2\/posts\/12190\/revisions\/15300"}],"wp:featuredmedia":[{"embeddable":true,"href":"https:\/\/www.hairstore.pl\/blog\/wp-json\/wp\/v2\/media\/12206"}],"wp:attachment":[{"href":"https:\/\/www.hairstore.pl\/blog\/wp-json\/wp\/v2\/media?parent=12190"}],"wp:term":[{"taxonomy":"category","embeddable":true,"href":"https:\/\/www.hairstore.pl\/blog\/wp-json\/wp\/v2\/categories?post=12190"},{"taxonomy":"post_tag","embeddable":true,"href":"https:\/\/www.hairstore.pl\/blog\/wp-json\/wp\/v2\/tags?post=12190"},{"taxonomy":"yst_prominent_words","embeddable":true,"href":"https:\/\/www.hairstore.pl\/blog\/wp-json\/wp\/v2\/yst_prominent_words?post=12190"}],"curies":[{"name":"wp","href":"https:\/\/api.w.org\/{rel}","templated":true}]}}