{"id":12102,"date":"2019-08-20T13:08:48","date_gmt":"2019-08-20T11:08:48","guid":{"rendered":"https:\/\/www.hairstore.pl\/blog\/?p=12102"},"modified":"2020-09-30T18:43:48","modified_gmt":"2020-09-30T16:43:48","slug":"lawendowe-wlosy-hit-2019","status":"publish","type":"post","link":"https:\/\/www.hairstore.pl\/blog\/lawendowe-wlosy-hit-2019\/","title":{"rendered":"Czy lawendowe w\u0142osy b\u0119d\u0105 hitem sezonu jesie\u0144\/zima? Sprawdzamy trendy!"},"content":{"rendered":"<p>Lubicie kolorowe w\u0142osy? My uwielbiamy najnowsze trendy w koloryzacji i dlatego ch\u0119tnie je \u015bledzimy. Tym razem chcemy przyjrze\u0107 si\u0119 lawendowym w\u0142osom, kt\u00f3re maj\u0105 szans\u0119 sta\u0107 si\u0119 hitem sezonu jesie\u0144\/zima 2019\/2020.<\/p>\n<p><!--more--><\/p>\n<p>Po w\u0142osach <a href=\"https:\/\/www.hairstore.pl\/blog\/apricot-hair-zdjecia\/\">w kolorze moreli<\/a>, <a href=\"https:\/\/www.hairstore.pl\/blog\/waniliowo-liliowe-wlosy-trendy-2019\/\">waniliowo-liliowej koloryzacji<\/a> i <a href=\"https:\/\/www.hairstore.pl\/blog\/opal-hair\/\">opal hair<\/a>, przyszed\u0142 czas na <strong>lawendowe w\u0142osy<\/strong>. Ten wpadaj\u0105cy lekko w niebieski odcie\u0144 fioletu wygl\u0105da cudownie zar\u00f3wno na w\u0142osach d\u0142ugich, jak i kr\u00f3tkich. <strong>Fioletowe w\u0142osy<\/strong> jednocze\u015bnie cudownie komponuj\u0105 si\u0119 z kolorami jesiennych ubra\u0144 i maj\u0105 szans\u0119 wnie\u015b\u0107 nieco koloru na szare ulice, omiatane nieco zimnym wiatrem i br\u0105zowymi li\u015b\u0107mi.<\/p>\n<ul class=\"article-menu article-menu-v2\">\n<li>inspiracje na lawendowe w\u0142osy<\/li>\n<li>pomys\u0142y na lawendowe ombre<\/li>\n<li>komu pasuj\u0105 lawendowe w\u0142osy<\/li>\n<\/ul>\n<h2>Lawendowe w\u0142osy &#8211; uwielbiamy to!<\/h2>\n<p>Uwielbiamy <strong>kolorowe w\u0142osy<\/strong>. Pastelowe, neonowe, wibruj\u0105ce &#8211; w ka\u017cdej postaci. Nic wi\u0119c dziwnego, \u017ce jak tylko us\u0142yszeli\u015bmy o nowym trendzie w koloryzacji, postanowili\u015bmy to sprawdzi\u0107. Dzisiaj tematem s\u0105 <strong>lawendowe w\u0142osy<\/strong>.<\/p>\n<figure id=\"attachment_12105\" aria-describedby=\"caption-attachment-12105\" style=\"width: 1200px\" class=\"wp-caption aligncenter\"><img decoding=\"async\" class=\"wp-image-12105 size-full\" src=\"https:\/\/www.hairstore.pl\/blog\/wp-content\/uploads\/2019\/08\/lawendowe-wlosy-trendy-2020.jpg\" alt=\"fioletowe w\u0142osy, r\u00f3\u017cowe w\u0142osy, kolorowe w\u0142osy\" width=\"1200\" height=\"675\" srcset=\"https:\/\/www.hairstore.pl\/blog\/wp-content\/uploads\/2019\/08\/lawendowe-wlosy-trendy-2020.jpg 800w, https:\/\/www.hairstore.pl\/blog\/wp-content\/uploads\/2019\/08\/lawendowe-wlosy-trendy-2020-300x169.jpg 300w, https:\/\/www.hairstore.pl\/blog\/wp-content\/uploads\/2019\/08\/lawendowe-wlosy-trendy-2020-768x432.jpg 768w, https:\/\/www.hairstore.pl\/blog\/wp-content\/uploads\/2019\/08\/lawendowe-wlosy-trendy-2020-1024x576.jpg 1024w\" sizes=\"(max-width: 1200px) 100vw, 1200px\" \/><figcaption id=\"caption-attachment-12105\" class=\"wp-caption-text\">\u0179r\u00f3d\u0142o: stylezco.com, decorbedroom.com, fashionsum.com<\/figcaption><\/figure>\n<p>Czy\u017c nie wygl\u0105daj\u0105 one cudownie? Fiolet wpadaj\u0105cy w niebieski albo lekko r\u00f3\u017cowy odcie\u0144 wygl\u0105da bardzo \u0142adnie. Mo\u017cesz te\u017c, zgodnie z najnowszymi trendami, pozostawi\u0107 ciemniejsze w\u0142osy u nasady i zacz\u0105\u0107 farbowanie kilka centymetr\u00f3w ni\u017cej. W ten spos\u00f3b uzyskasz <strong>rockowy look<\/strong>. A lawendowy kolor doskonale komponuje si\u0119 z ciemnymi tonami.<\/p>\n<p>Ten zabieg to te\u017c doskona\u0142y spos\u00f3b, \u017ceby nie martwi\u0107 si\u0119 zbyt szybko pojawiaj\u0105cymi si\u0119 odrostami.<\/p>\n<figure id=\"attachment_12106\" aria-describedby=\"caption-attachment-12106\" style=\"width: 1200px\" class=\"wp-caption aligncenter\"><img decoding=\"async\" class=\"wp-image-12106 size-full\" src=\"https:\/\/www.hairstore.pl\/blog\/wp-content\/uploads\/2019\/08\/lawendowe-wlosy.jpg\" alt=\"trendy 2019, lawendowy kolor w\u0142os\u00f3w, d\u0142ugie lawendowe wlosy\" width=\"1200\" height=\"675\" srcset=\"https:\/\/www.hairstore.pl\/blog\/wp-content\/uploads\/2019\/08\/lawendowe-wlosy.jpg 800w, https:\/\/www.hairstore.pl\/blog\/wp-content\/uploads\/2019\/08\/lawendowe-wlosy-300x169.jpg 300w, https:\/\/www.hairstore.pl\/blog\/wp-content\/uploads\/2019\/08\/lawendowe-wlosy-768x432.jpg 768w, https:\/\/www.hairstore.pl\/blog\/wp-content\/uploads\/2019\/08\/lawendowe-wlosy-1024x576.jpg 1024w\" sizes=\"(max-width: 1200px) 100vw, 1200px\" \/><figcaption id=\"caption-attachment-12106\" class=\"wp-caption-text\">\u0179r\u00f3d\u0142o: glaminati.com, glowsy.com, annatour1.com<\/figcaption><\/figure>\n<p>Podobaj\u0105 si\u0119 Wam lawendowe w\u0142osy? My jeste\u015bmy w nich zakochani! Taki kolor w\u0142os\u00f3w mo\u017cesz uzyska\u0107 korzystaj\u0105c z <a href=\"https:\/\/www.hairstore.pl\/farby-do-wlosow-c659.html\">farb do koloryzacji kreatywnej<\/a>\u00a0(np. <a href=\"https:\/\/www.hairstore.pl\/matrix-socolor-cult-farba-do-koloryzacji-ton-w-ton-85g-p18225.html\">Matrix SoColor Cult<\/a>, polecamy odcie\u0144 Royal Purple albo <a href=\"https:\/\/www.hairstore.pl\/schwarzkopf-igora-colorworx-koncentrat-koloru-pigment-100ml-p12040.html\">koncentrat koloru Schwarzkopf Igora ColorWorx<\/a>, najlepiej w odcieniu fioletowym) albo si\u0119gn\u0105\u0107 po produkty do koloryzacji zmywalnej (rekomendujemy <a href=\"https:\/\/www.hairstore.pl\/indola-color-blaster-odzywka-koloryzujaca-300ml-p17927.html\">od\u017cywk\u0119 koloryzuj\u0105c\u0105 Indola Color Blaster<\/a>\u00a0 w odcieniu Lark b\u0105d\u017a <a href=\"https:\/\/www.hairstore.pl\/inebrya-kolor-vibes-zel-do-poltrwalej-koloryzacji-100-vegan-150ml-p20247.html\">wega\u0144ski \u017cel do p\u00f3\u0142trwa\u0142ej koloryzacji Inebrya Kolor Vibes<\/a> w odcieniu Flamingo).<\/p>\n<h2>Kr\u00f3tko i na temat &#8211; lawenda jest super!<\/h2>\n<p>Do tej pory pokazali\u015bmy lawendowe w\u0142osy w wersji d\u0142u\u017cszej. Ta koloryzacja bardzo efektownie prezentuje si\u0119 tak\u017ce na w\u0142osach kr\u00f3tkich, co zreszt\u0105 wida\u0107 na poni\u017cszych zdj\u0119ciach.<\/p>\n<figure id=\"attachment_12107\" aria-describedby=\"caption-attachment-12107\" style=\"width: 1200px\" class=\"wp-caption aligncenter\"><img decoding=\"async\" class=\"wp-image-12107 size-full\" src=\"https:\/\/www.hairstore.pl\/blog\/wp-content\/uploads\/2019\/08\/krotkie-fioletowe-wlosy.jpg\" alt=\"kr\u00f3tkie w\u0142osy koloryzacja, kr\u00f3tkie w\u0142osy fryzury\" width=\"1200\" height=\"675\" srcset=\"https:\/\/www.hairstore.pl\/blog\/wp-content\/uploads\/2019\/08\/krotkie-fioletowe-wlosy.jpg 800w, https:\/\/www.hairstore.pl\/blog\/wp-content\/uploads\/2019\/08\/krotkie-fioletowe-wlosy-300x169.jpg 300w, https:\/\/www.hairstore.pl\/blog\/wp-content\/uploads\/2019\/08\/krotkie-fioletowe-wlosy-768x432.jpg 768w, https:\/\/www.hairstore.pl\/blog\/wp-content\/uploads\/2019\/08\/krotkie-fioletowe-wlosy-1024x576.jpg 1024w\" sizes=\"(max-width: 1200px) 100vw, 1200px\" \/><figcaption id=\"caption-attachment-12107\" class=\"wp-caption-text\">\u0179r\u00f3d\u0142o: crazyforus.com, helathbeautyspace.com<\/figcaption><\/figure>\n<p>A mo\u017ce <strong>lawendowe w\u0142osy i grzywka<\/strong>? To doskona\u0142e po\u0142\u0105czenie! Oczywi\u015bcie przed zrobieniem grzywki, je\u015bli jeszcze jej nie masz, sprawd\u017a koniecznie, <a href=\"https:\/\/www.hairstore.pl\/blog\/jak-dobrac-grzywke-do-ksztaltu-twarzy\/\">komu pasuje grzywka<\/a>.<\/p>\n<figure id=\"attachment_12108\" aria-describedby=\"caption-attachment-12108\" style=\"width: 1200px\" class=\"wp-caption aligncenter\"><img decoding=\"async\" class=\"wp-image-12108 size-full\" src=\"https:\/\/www.hairstore.pl\/blog\/wp-content\/uploads\/2019\/08\/krotkie-kolorowe-wlosy.jpg\" alt=\"w\u0142osy z grzywka, lawendowe kr\u00f3tkie w\u0142osy, pomys\u0142y na kr\u00f3tkie fryzury\" width=\"1200\" height=\"675\" srcset=\"https:\/\/www.hairstore.pl\/blog\/wp-content\/uploads\/2019\/08\/krotkie-kolorowe-wlosy.jpg 800w, https:\/\/www.hairstore.pl\/blog\/wp-content\/uploads\/2019\/08\/krotkie-kolorowe-wlosy-300x169.jpg 300w, https:\/\/www.hairstore.pl\/blog\/wp-content\/uploads\/2019\/08\/krotkie-kolorowe-wlosy-768x432.jpg 768w, https:\/\/www.hairstore.pl\/blog\/wp-content\/uploads\/2019\/08\/krotkie-kolorowe-wlosy-1024x576.jpg 1024w\" sizes=\"(max-width: 1200px) 100vw, 1200px\" \/><figcaption id=\"caption-attachment-12108\" class=\"wp-caption-text\">\u0179r\u00f3d\u0142o: crazyforus.com, stylezco.com<\/figcaption><\/figure>\n<h2>Lawendowe ombre wygl\u0105da cudownie<\/h2>\n<p>Nie jeste\u015b gotowa na tak widoczn\u0105 zmian\u0119, a lawendowa metamorfoza musi jeszcze poczeka\u0107? To nie oznacza wcale, \u017ce nie mo\u017cesz przej\u015b\u0107 na lawendow\u0105 stron\u0119 mocy. Zamiast farbowa\u0107 ca\u0142e w\u0142osy na fiolet, wybierz <strong>subtelne ombre albo kolorowe ko\u0144c\u00f3wki<\/strong>.<\/p>\n<figure id=\"attachment_12109\" aria-describedby=\"caption-attachment-12109\" style=\"width: 1200px\" class=\"wp-caption aligncenter\"><img decoding=\"async\" class=\"wp-image-12109 size-full\" src=\"https:\/\/www.hairstore.pl\/blog\/wp-content\/uploads\/2019\/08\/lawendowe-krotkie-ombre.jpg\" alt=\"lawendowe ombre, ombre kolorowe, ombre na d\u0142ugich w\u0142osach\" width=\"1200\" height=\"675\" srcset=\"https:\/\/www.hairstore.pl\/blog\/wp-content\/uploads\/2019\/08\/lawendowe-krotkie-ombre.jpg 800w, https:\/\/www.hairstore.pl\/blog\/wp-content\/uploads\/2019\/08\/lawendowe-krotkie-ombre-300x169.jpg 300w, https:\/\/www.hairstore.pl\/blog\/wp-content\/uploads\/2019\/08\/lawendowe-krotkie-ombre-768x432.jpg 768w, https:\/\/www.hairstore.pl\/blog\/wp-content\/uploads\/2019\/08\/lawendowe-krotkie-ombre-1024x576.jpg 1024w\" sizes=\"(max-width: 1200px) 100vw, 1200px\" \/><figcaption id=\"caption-attachment-12109\" class=\"wp-caption-text\">\u0179r\u00f3d\u0142o: haircolourstyle.com, painting.32luxe.com<\/figcaption><\/figure>\n<p>Lawendowe w\u0142osy w wersji ombre najlepiej wygl\u0105daj\u0105 na ciemniejszej podstawie. Nam nieco przypominaj\u0105 <a href=\"https:\/\/www.hairstore.pl\/blog\/oil-slick-hair-trendy\/\">oil slick hair<\/a>, czyli kolejn\u0105 kreatywn\u0105 koloryzacj\u0119 dla szatynek i brunetek. To \u015bwietna wiadomo\u015b\u0107, bo zazwyczaj pastelowe kolory w bajecznych barwach typu r\u00f3\u017c czy b\u0142\u0119kit zarezerwowane s\u0105 dla blondynek.<\/p>\n<figure id=\"attachment_12110\" aria-describedby=\"caption-attachment-12110\" style=\"width: 1200px\" class=\"wp-caption aligncenter\"><img decoding=\"async\" class=\"wp-image-12110 size-full\" src=\"https:\/\/www.hairstore.pl\/blog\/wp-content\/uploads\/2019\/08\/krotkie-wlosy-ombre.jpg\" alt=\"ombre na kr\u00f3tkich w\u0142osach\" width=\"1200\" height=\"675\" srcset=\"https:\/\/www.hairstore.pl\/blog\/wp-content\/uploads\/2019\/08\/krotkie-wlosy-ombre.jpg 800w, https:\/\/www.hairstore.pl\/blog\/wp-content\/uploads\/2019\/08\/krotkie-wlosy-ombre-300x169.jpg 300w, https:\/\/www.hairstore.pl\/blog\/wp-content\/uploads\/2019\/08\/krotkie-wlosy-ombre-768x432.jpg 768w, https:\/\/www.hairstore.pl\/blog\/wp-content\/uploads\/2019\/08\/krotkie-wlosy-ombre-1024x576.jpg 1024w\" sizes=\"(max-width: 1200px) 100vw, 1200px\" \/><figcaption id=\"caption-attachment-12110\" class=\"wp-caption-text\">\u0179r\u00f3d\u0142o: fashionseve.com, lovehairstyles.com<\/figcaption><\/figure>\n<p>Czy lawendowy kolor b\u0119dzie wygl\u0105da\u0142 dobrze na blondzie? Efekt ko\u0144cowy nie jest a\u017c tak wyrazisty, a delikatna lawenda wr\u0119cz stapia si\u0119 z blondem. Ca\u0142o\u015b\u0107 wygl\u0105da niezwykle subtelnie.<\/p>\n<p>Zalecamy jednak lawendow\u0105 koloryzacj\u0119 przy <strong>ciemniejszych w\u0142osach<\/strong> &#8211; w\u0142\u0105cznie z ciemnym br\u0105zem. Blondynki b\u0119d\u0105 cudownie wygl\u0105da\u0107 w <a href=\"https:\/\/www.hairstore.pl\/blog\/cotton-candy-hair-trendy-2018\/\">koloryzacji inspirowanej wat\u0105 cukrow\u0105<\/a>.<\/p>\n<figure id=\"attachment_12111\" aria-describedby=\"caption-attachment-12111\" style=\"width: 1200px\" class=\"wp-caption aligncenter\"><img decoding=\"async\" class=\"wp-image-12111 size-full\" src=\"https:\/\/www.hairstore.pl\/blog\/wp-content\/uploads\/2019\/08\/dlugie-wlosy-kolorowe-ombre-1.jpg\" alt=\"kolorowe ombre, ombre\" width=\"1200\" height=\"675\" srcset=\"https:\/\/www.hairstore.pl\/blog\/wp-content\/uploads\/2019\/08\/dlugie-wlosy-kolorowe-ombre-1.jpg 800w, https:\/\/www.hairstore.pl\/blog\/wp-content\/uploads\/2019\/08\/dlugie-wlosy-kolorowe-ombre-1-300x169.jpg 300w, https:\/\/www.hairstore.pl\/blog\/wp-content\/uploads\/2019\/08\/dlugie-wlosy-kolorowe-ombre-1-768x432.jpg 768w, https:\/\/www.hairstore.pl\/blog\/wp-content\/uploads\/2019\/08\/dlugie-wlosy-kolorowe-ombre-1-1024x576.jpg 1024w\" sizes=\"(max-width: 1200px) 100vw, 1200px\" \/><figcaption id=\"caption-attachment-12111\" class=\"wp-caption-text\">\u0179r\u00f3d\u0142o: lovehairstyles.com, tricksbeauty.com, loveambie.com<\/figcaption><\/figure>\n<p>Fioletowe, lawendowe w\u0142osy, ciemniejsze pasma u nasady, ciemna oprawa oczu i raczej ciep\u0142y typ urody, a do tego stylizacja rockowa &#8211; to najlepsze po\u0142\u0105czenie na nadchodz\u0105c\u0105 jesie\u0144!<\/p>\n<div id=\"hsbp-1\" class=\"hsbp\"><\/div>\n<p><script type='text\/javascript' src='https:\/\/www.hairstore.pl\/produkty_wordpress.php?dst=hsbp-1&#038;prods=8130,18136,18225,17927,1852,1351'><\/script><\/p>\n","protected":false},"excerpt":{"rendered":"<p>Lubicie kolorowe w\u0142osy? My uwielbiamy najnowsze trendy w koloryzacji i dlatego ch\u0119tnie je \u015bledzimy. Tym razem chcemy przyjrze\u0107 si\u0119 lawendowym w\u0142osom, kt\u00f3re maj\u0105 szans\u0119 sta\u0107 si\u0119 hitem sezonu jesie\u0144\/zima 2019\/2020.<\/p>\n","protected":false},"author":8,"featured_media":12103,"comment_status":"open","ping_status":"open","sticky":false,"template":"","format":"standard","meta":{"footnotes":""},"categories":[9421],"tags":[],"yst_prominent_words":[6966,722,1929,2672,1669,6969,6972,6968,6978,6980,4260,6981,1283,6970,2393,6971,720,6979,737,6136],"class_list":["post-12102","post","type-post","status-publish","format-standard","has-post-thumbnail","hentry","category-trendy"],"_links":{"self":[{"href":"https:\/\/www.hairstore.pl\/blog\/wp-json\/wp\/v2\/posts\/12102","targetHints":{"allow":["GET"]}}],"collection":[{"href":"https:\/\/www.hairstore.pl\/blog\/wp-json\/wp\/v2\/posts"}],"about":[{"href":"https:\/\/www.hairstore.pl\/blog\/wp-json\/wp\/v2\/types\/post"}],"author":[{"embeddable":true,"href":"https:\/\/www.hairstore.pl\/blog\/wp-json\/wp\/v2\/users\/8"}],"replies":[{"embeddable":true,"href":"https:\/\/www.hairstore.pl\/blog\/wp-json\/wp\/v2\/comments?post=12102"}],"version-history":[{"count":2,"href":"https:\/\/www.hairstore.pl\/blog\/wp-json\/wp\/v2\/posts\/12102\/revisions"}],"predecessor-version":[{"id":12113,"href":"https:\/\/www.hairstore.pl\/blog\/wp-json\/wp\/v2\/posts\/12102\/revisions\/12113"}],"wp:featuredmedia":[{"embeddable":true,"href":"https:\/\/www.hairstore.pl\/blog\/wp-json\/wp\/v2\/media\/12103"}],"wp:attachment":[{"href":"https:\/\/www.hairstore.pl\/blog\/wp-json\/wp\/v2\/media?parent=12102"}],"wp:term":[{"taxonomy":"category","embeddable":true,"href":"https:\/\/www.hairstore.pl\/blog\/wp-json\/wp\/v2\/categories?post=12102"},{"taxonomy":"post_tag","embeddable":true,"href":"https:\/\/www.hairstore.pl\/blog\/wp-json\/wp\/v2\/tags?post=12102"},{"taxonomy":"yst_prominent_words","embeddable":true,"href":"https:\/\/www.hairstore.pl\/blog\/wp-json\/wp\/v2\/yst_prominent_words?post=12102"}],"curies":[{"name":"wp","href":"https:\/\/api.w.org\/{rel}","templated":true}]}}