{"id":11935,"date":"2019-08-08T15:08:06","date_gmt":"2019-08-08T13:08:06","guid":{"rendered":"https:\/\/www.hairstore.pl\/blog\/?p=11935"},"modified":"2020-09-30T18:43:48","modified_gmt":"2020-09-30T16:43:48","slug":"naturalna-pielegnacja-zarostu-z-horde","status":"publish","type":"post","link":"https:\/\/www.hairstore.pl\/blog\/naturalna-pielegnacja-zarostu-z-horde\/","title":{"rendered":"Pojawi\u0142 si\u0119 nowy gracz &#8211; silny, m\u0119ski brand. Poznajcie naturalne kosmetyki do brody Horde"},"content":{"rendered":"<p>Si\u0142a naturalnych sk\u0142adnik\u00f3w, pobudzaj\u0105ce zmys\u0142y zapachy i formu\u0142y stworzone od pocz\u0105tku do ko\u0144ca z my\u015bl\u0105 o m\u0119\u017cczyznach. A do tego charakterystyczny &#8222;gro\u017any&#8221; jele\u0144 jako logo. Poznajcie kolejn\u0105 mark\u0119 do piel\u0119gnacji zarostu. Czy Horde wybije si\u0119 na tle konkurencji?<\/p>\n<p><!--more--><\/p>\n<p><strong>Horde to silny, m\u0119ski brand<\/strong>. Wida\u0107 ju\u017c na pierwszy rzut oka, \u017ce przy tworzeniu zar\u00f3wno filozofii, jak i innych element\u00f3w tej marki, my\u015blano ci\u0105gle o odbiorcach &#8211; czyli o brodatych m\u0119\u017cczyznach. W ofercie znajduj\u0105 si\u0119 <a href=\"https:\/\/www.hairstore.pl\/horde-olejek-do-brody-lumberjack-30ml-p20751.html\">olejki do brody<\/a> i <a href=\"https:\/\/www.hairstore.pl\/horde-szczotka-do-brody-z-raczka-p20754.html\">szczotka do zarostu<\/a>.<\/p>\n<p>Horde to kosmetyki przede wszystkim dla m\u0119\u017cczyzn, kt\u00f3rzy maj\u0105 wra\u017cliw\u0105 sk\u00f3r\u0119. W sk\u0142adzie tych produkt\u00f3w nie ma \u017cadnych substancji dra\u017cni\u0105cych czy potencjalnie alergizuj\u0105cych &#8211; bazuj\u0105 one tylko na naturalnych olejach i s\u0105 wega\u0144skie.<\/p>\n<ul class=\"article-menu article-menu-v2\">\n<li style=\"list-style-type: none;\"><\/li>\n<li>dla kogo stworzono kosmetyki Horde<\/li>\n<li>manifest marki<\/li>\n<li>s\u0142\u00f3w kilka o produktach Horde<\/li>\n<\/ul>\n<h2>Naturalna piel\u0119gnacja dla brodaczy z wra\u017cliw\u0105 sk\u00f3r\u0105<\/h2>\n<p>Co kojarzy si\u0119 z Horde? Z pewno\u015bci\u0105 takie atrybuty jak si\u0142a, m\u0119sko\u015b\u0107, pewno\u015b\u0107 siebie, ale tak\u017ce szacunek &#8211; dla natury i dla ludzkiego cia\u0142a. M\u0119skie kosmetyki Horde powsta\u0142y <strong>tylko z naturalnych substancji<\/strong>, z kt\u00f3rych na plan pierwszy wysuwaj\u0105 si\u0119 drogocenne oleje bogate w liczne w\u0142a\u015bciwo\u015bci piel\u0119gnacyjne. Kosmetyki te s\u0105 skuteczne, ale i bezpieczne.<\/p>\n<p>G\u0142\u00f3wne zalety kosmetyk\u00f3w do brody Horde:<\/p>\n<ul>\n<li>naturalne sk\u0142adniki<\/li>\n<li>100% wege<\/li>\n<li>bezpieczne dla ka\u017cdego typu sk\u00f3ry, r\u00f3wnie\u017c tej wra\u017cliwej<\/li>\n<li>nie zapychaj\u0105 por\u00f3w<\/li>\n<li>powsta\u0142y z my\u015bl\u0105 o m\u0119\u017cczyznach i dla m\u0119\u017cczyzn<\/li>\n<\/ul>\n<p>Podkre\u015blmy, \u017ce Horde to marka kosmetyk\u00f3w wega\u0144skich. <strong>Kosmetyki wega\u0144skie to takie, kt\u00f3re nie zawieraj\u0105 sk\u0142adnik\u00f3w pochodzenia zwierz\u0119cego i nie s\u0105 testowane na zwierz\u0119tach<\/strong>.<\/p>\n<p>Czego chcie\u0107 wi\u0119cej? Mo\u017cna sobie chyba tylko \u017cyczy\u0107 poszerzenia asortymentu o inne produkty do piel\u0119gnacji brody, jak balsamy czy myd\u0142a. Bo p\u00f3ki co pod szyldem Horde wysz\u0142y olejki do brody i <a href=\"https:\/\/www.hairstore.pl\/horde-szczotka-do-brody-z-raczka-p20754.html\">szczotka<\/a>.<\/p>\n<p><img decoding=\"async\" class=\"aligncenter size-full wp-image-11940\" src=\"https:\/\/www.hairstore.pl\/blog\/wp-content\/uploads\/2019\/08\/kosmetyki-horde.jpg\" alt=\"kosmetyki horde, horde, olejki horde, kosmetyki do brody, kosmetyki do piel\u0119gnacji brody, piel\u0119gnacja brody\" width=\"1200\" height=\"675\" srcset=\"https:\/\/www.hairstore.pl\/blog\/wp-content\/uploads\/2019\/08\/kosmetyki-horde.jpg 800w, https:\/\/www.hairstore.pl\/blog\/wp-content\/uploads\/2019\/08\/kosmetyki-horde-300x169.jpg 300w, https:\/\/www.hairstore.pl\/blog\/wp-content\/uploads\/2019\/08\/kosmetyki-horde-768x432.jpg 768w, https:\/\/www.hairstore.pl\/blog\/wp-content\/uploads\/2019\/08\/kosmetyki-horde-1024x576.jpg 1024w\" sizes=\"(max-width: 1200px) 100vw, 1200px\" \/><\/p>\n<h2>M\u0119ska duma i si\u0142a natury<\/h2>\n<p>Za mark\u0105 Horde stoi naprawd\u0119 wiele. Przede wszystkim wskaza\u0107 trzeba na wspominane ju\u017c <strong>naturalne sk\u0142ady<\/strong>, a tak\u017ce na ca\u0142y koncept. <strong>Horde m\u00f3wi do m\u0119\u017cczyzn i powsta\u0142 dla m\u0119\u017cczyzn<\/strong>. Zapachy maj\u0105 trafia\u0107 w m\u0119skie gusta, a kosmetyki odpowiada\u0107 na ich potrzeby. A wszystko to pod szyldem dumy z bycia m\u0119\u017cczyzn\u0105 i si\u0142y natury.<\/p>\n<p>W manife\u015bcie Horde mo\u017cemy przeczyta\u0107:<\/p>\n<blockquote><p>H\u00d8RDE\u00a0to znacznie wi\u0119cej ni\u017c sama skuteczno\u015b\u0107 kosmetyk\u00f3w.<br \/>\nTo po\u0142\u0105czenie\u00a0si\u0142y i dumy m\u0119skiego charakteru z dziko\u015bci\u0105 t\u0119tni\u0105cej natury.<\/p><\/blockquote>\n<p>I trudno si\u0119 z tym nie zgodzi\u0107. Retoryka ta przebija przez wszystkie elementu brandu &#8211; przekazy marketingowe, design czy filozofi\u0119 marki.<\/p>\n<h2>Keep calm and&#8230; be wild!<\/h2>\n<p>Z tymi kosmetykami ka\u017cdy brodacz b\u0119dzie m\u00f3g\u0142 uwolni\u0107 swoj\u0105 dzik\u0105 natur\u0119, a zarazem &#8211; nieco przewrotnie &#8211; zapanowa\u0107 nad swoim wizerunkiem. Mo\u017cna powiedzie\u0107, \u017ce to taka dziko\u015b\u0107 kontrolowana.<\/p>\n<p>Marka Horde powsta\u0142a w 2019 roku, wi\u0119c jest stosunkowo m\u0142oda.\u00a0 To polska marka, kt\u00f3rej przyjdzie konkurowa\u0107 o laur pierwsze\u0144stwa z <a href=\"https:\/\/www.hairstore.pl\/pielegnacja-brody-i-wasow-zew-for-men\">ZEW for Men<\/a> czy <a href=\"https:\/\/www.hairstore.pl\/olejki-do-brody-cyrulicy\">Cyrulikami<\/a>. Tw\u00f3rcy opowiadaj\u0105, \u017ce do stworzenia naturalnych kosmetyk\u00f3w sk\u0142oni\u0142y ich&#8230; w\u0142asne problemy. W \u015bwiecie piel\u0119gnacji czy fryzjerstwa cz\u0119sto tak bywa. I zazwyczaj takie historie ko\u0144cz\u0105 si\u0119 happy endem, czyli opatentowaniem nowego, skutecznego pomys\u0142u. Tak te\u017c by\u0142o w tym przypadku.<\/p>\n<p>Tw\u00f3rcy Horde mieli problemy z cer\u0105 i wi\u0119kszo\u015b\u0107 dost\u0119pnych na rynku kosmetyk\u00f3w im nie odpowiada\u0142a. Ten fakt w\u0142a\u015bnie popchn\u0105\u0142 ich do <strong>opracowania nowych formu\u0142, przyjaznych wra\u017cliwej sk\u00f3rze twarzy<\/strong>.<\/p>\n<p><img decoding=\"async\" class=\"aligncenter size-full wp-image-11942\" src=\"https:\/\/www.hairstore.pl\/blog\/wp-content\/uploads\/2019\/08\/horde-horde.jpg\" alt=\"naturalna piel\u0119gnacja brody, naturalne kosmetyki do brody\" width=\"1200\" height=\"675\" srcset=\"https:\/\/www.hairstore.pl\/blog\/wp-content\/uploads\/2019\/08\/horde-horde.jpg 800w, https:\/\/www.hairstore.pl\/blog\/wp-content\/uploads\/2019\/08\/horde-horde-300x169.jpg 300w, https:\/\/www.hairstore.pl\/blog\/wp-content\/uploads\/2019\/08\/horde-horde-768x432.jpg 768w, https:\/\/www.hairstore.pl\/blog\/wp-content\/uploads\/2019\/08\/horde-horde-1024x576.jpg 1024w\" sizes=\"(max-width: 1200px) 100vw, 1200px\" \/><\/p>\n<h2>Dlaczego Horde?<\/h2>\n<p>Marka Horde ma naprawd\u0119 szans\u0119 zaistnie\u0107 na rynku barberskim. Wida\u0107, \u017ce w centrum ka\u017cdego procesu stoi w tym przypadku m\u0119\u017cczyzna. Horde m\u00f3wi do m\u0119\u017cczyzn i tworzy rozwi\u0105zania dla m\u0119\u017cczyzn. To silny, m\u0119ski brand.<\/p>\n<p>Zacytujmy jeszcze raz tw\u00f3rc\u00f3w marki Horde:<\/p>\n<blockquote><p>Wszystko, czym si\u0119 otaczamy i z czego korzystamy, w jaki\u015b spos\u00f3b nas definiuje. Dlatego tak wa\u017cne jest, by m\u0119\u017cczyzna korzysta\u0142 z kosmetyk\u00f3w i akcesori\u00f3w stworzonych specjalnie dla jego potrzeb, a nie damskich w lekko zmienionym opakowaniu. H\u00d8RDE to si\u0142a i charakter budz\u0105cej si\u0119 do \u017cycia dzikiej natury, kt\u00f3ra pozwoli ka\u017cdemu m\u0119\u017cczy\u017anie dobrze si\u0119 poczu\u0107 w swojej sk\u00f3rze i doda si\u0142y na wi\u0119cej.<\/p><\/blockquote>\n<p>Przede wszystkim jednak kosmetyki Horde to doskona\u0142e rozwi\u0105zanie dla os\u00f3b z wra\u017cliw\u0105 cer\u0105. <strong>Kosmetyki z tej linii spe\u0142niaj\u0105 rygorystyczne normy i s\u0105 bezpieczne nawet dla najbardziej wymagaj\u0105cej cery<\/strong>. W sk\u0142adzie na pr\u00f3\u017cno szuka\u0107 t\u0142uszcz\u00f3w zwierz\u0119cych, substancji potencjalnie nawet zatykaj\u0105cych pory czy sk\u0142adnik\u00f3w uczulaj\u0105cych oraz dra\u017cni\u0105cych.<\/p>\n<h2>Olejki do brody Horde<\/h2>\n<p>W tej chwili w ofercie Horde mamy <a href=\"https:\/\/www.hairstore.pl\/horde-olejek-do-brody-lumberjack-30ml-p20751.html\">olejki do brody<\/a> w dw\u00f3ch pojemno\u015bciach &#8211; i o dw\u00f3ch kompozycjach zapachowych &#8211; oraz <a href=\"https:\/\/www.hairstore.pl\/horde-szczotka-do-brody-z-raczka-p20754.html\">szczotk\u0119 do brody<\/a>. Olejki te zawieraj\u0105 tylko naturalne substancje.<\/p>\n<p><img decoding=\"async\" class=\"aligncenter size-full wp-image-11941\" src=\"https:\/\/www.hairstore.pl\/blog\/wp-content\/uploads\/2019\/08\/olejki-d-brody-horde.jpg\" alt=\"olejek do brody, olejki do brody, olejek dla wra\u017cliwej sk\u00f3ry\" width=\"1200\" height=\"675\" srcset=\"https:\/\/www.hairstore.pl\/blog\/wp-content\/uploads\/2019\/08\/olejki-d-brody-horde.jpg 800w, https:\/\/www.hairstore.pl\/blog\/wp-content\/uploads\/2019\/08\/olejki-d-brody-horde-300x169.jpg 300w, https:\/\/www.hairstore.pl\/blog\/wp-content\/uploads\/2019\/08\/olejki-d-brody-horde-768x432.jpg 768w, https:\/\/www.hairstore.pl\/blog\/wp-content\/uploads\/2019\/08\/olejki-d-brody-horde-1024x576.jpg 1024w\" sizes=\"(max-width: 1200px) 100vw, 1200px\" \/><\/p>\n<p>G\u0142\u00f3wne sk\u0142adniki aktywne olejk\u00f3w:<\/p>\n<ul>\n<li>olej ry\u017cowy<\/li>\n<li>olej migda\u0142owy<\/li>\n<li>witamina E<\/li>\n<li>olej z ostropestu plamistego<\/li>\n<li>witamina F<\/li>\n<\/ul>\n<p>Dzia\u0142anie:<\/p>\n<ul>\n<li>nawil\u017cenie i regeneracja sk\u00f3ry pod zarostem<\/li>\n<li>zmi\u0119kczenie i nab\u0142yszczenie zarostu<\/li>\n<li>w\u0142a\u015bciwo\u015bci przeciwzapalne i ochronne<\/li>\n<li>wzmocnienie<\/li>\n<\/ul>\n<p>Zapach:<\/p>\n<ul>\n<li><a href=\"https:\/\/www.hairstore.pl\/horde-olejek-do-brody-lumberjack-30ml-p20751.html\">olejek Horde Lumberjack<\/a>: \u015bwierk, czarna porzeczka, \u015bwie\u017co \u015bci\u0119te drewno, przyprawy<\/li>\n<li><a href=\"https:\/\/www.hairstore.pl\/horde-olejek-do-brody-smoky-amber-30ml-p20753.html\">olejek Smoky Amber<\/a>: wanilia, bursztyn, kadzid\u0142o, wyprawiana sk\u00f3ra<\/li>\n<\/ul>\n<p>Olejki dost\u0119pne s\u0105 w dw\u00f3ch pojemno\u015bciach &#8211; 30 ml albo 10 ml.<\/p>\n<div id=\"hsbp-1\" class=\"hsbp\"><\/div>\n<p><script type='text\/javascript' src='https:\/\/www.hairstore.pl\/produkty_wordpress.php?dst=hsbp-1&#038;prods=20751,20753,20754,20750,20752'><\/script><\/p>\n<h2><\/h2>\n<h2>A mo\u017ce szczotka?<\/h2>\n<p>Nie zapominajmy o szczotce dla prawdziwego brodacza. <a href=\"https:\/\/www.hairstore.pl\/horde-szczotka-do-brody-z-raczka-p20754.html\">Szczotka Horde<\/a> zosta\u0142a wykonana <strong>z w\u0142osia dzika<\/strong> (przebadanego przez s\u0142u\u017cby weterynaryjne) oraz <strong>drewna bukowego z Jury Krakowsko-Cz\u0119stochowskiej<\/strong>. Do\u015b\u0107 d\u0142uga r\u0105czka zosta\u0142a tak zaprojektowana, \u017ceby wygodnie le\u017ca\u0142a w d\u0142oni i pozwala\u0142a na swobod\u0119 ruch\u00f3w &#8211; a przede wszystkim znaczn\u0105 rotacj\u0119. Poza tym dzi\u0119ki ergonomicznego kszta\u0142towi podczas szczotkowania do\u015b\u0107 spora si\u0142a jest ogniskowana w\u0142a\u015bnie na szczotce, przez co w sumie nie trzeba si\u0119 wysila\u0107 przy czesaniu.<\/p>\n<p><img decoding=\"async\" class=\"aligncenter size-full wp-image-11938\" src=\"https:\/\/www.hairstore.pl\/blog\/wp-content\/uploads\/2019\/08\/szczotka-do-brody-horde.jpg\" alt=\"szczotka do brody, kartacz, czesanie brody, szczotka horde, szczotka z w\u0142osiem dzika\" width=\"1200\" height=\"675\" srcset=\"https:\/\/www.hairstore.pl\/blog\/wp-content\/uploads\/2019\/08\/szczotka-do-brody-horde.jpg 800w, https:\/\/www.hairstore.pl\/blog\/wp-content\/uploads\/2019\/08\/szczotka-do-brody-horde-300x169.jpg 300w, https:\/\/www.hairstore.pl\/blog\/wp-content\/uploads\/2019\/08\/szczotka-do-brody-horde-768x432.jpg 768w, https:\/\/www.hairstore.pl\/blog\/wp-content\/uploads\/2019\/08\/szczotka-do-brody-horde-1024x576.jpg 1024w\" sizes=\"(max-width: 1200px) 100vw, 1200px\" \/><\/p>\n<p>W\u0142osie z dzika jest do\u015b\u0107 sztywne, wi\u0119c <strong>szczotka do brody Horde jest odpowiednia do ka\u017cdego typu zarostu.<\/strong>\u00a0W\u0142osie dzika jest twardsze ni\u017c w\u0142osie \u015bwi\u0144skie. Szczeg\u00f3lnie za\u015b doceni\u0105 j\u0105 brodacze z epick\u0105 brod\u0105 &#8211; d\u0142ug\u0105 i g\u0119st\u0105. Szczotka \u0142atwo rozczesuje nawet &#8222;twardy&#8221; zarost i pomaga zapanowa\u0107 nad wygl\u0105dem brody.<\/p>\n<p>Warto zauwa\u017cy\u0107, \u017ce zasadniczo ma\u0142o jest w ofertach m\u0119skich brand\u00f3w szczotek do brody. Zazwyczaj sprzedawane s\u0105 kartacze, czyli takie &#8222;szczotki&#8221; bez r\u0105czki. Dla tych brodaczy, kt\u00f3rym znacznie \u0142atwiej &#8222;wywija\u0107&#8221; szczotk\u0105 z solidn\u0105 r\u0119koje\u015bci\u0105, Horde to doskona\u0142a propozycja.<\/p>\n","protected":false},"excerpt":{"rendered":"<p>Si\u0142a naturalnych sk\u0142adnik\u00f3w, pobudzaj\u0105ce zmys\u0142y zapachy i formu\u0142y stworzone od pocz\u0105tku do ko\u0144ca z my\u015bl\u0105 o m\u0119\u017cczyznach. A do tego charakterystyczny &#8222;gro\u017any&#8221; jele\u0144 jako logo. Poznajcie kolejn\u0105 mark\u0119 do piel\u0119gnacji zarostu. Czy Horde wybije si\u0119 na tle konkurencji?<\/p>\n","protected":false},"author":8,"featured_media":11939,"comment_status":"open","ping_status":"open","sticky":false,"template":"","format":"standard","meta":{"footnotes":""},"categories":[11350],"tags":[6826],"yst_prominent_words":[934,6825,6817,6827,6809,766,6824,993,6820,6823,2504,6813,6811,1995,2527,6816,6822,6821,3116,1026],"class_list":["post-11935","post","type-post","status-publish","format-standard","has-post-thumbnail","hentry","category-meska-strefa","tag-horde"],"_links":{"self":[{"href":"https:\/\/www.hairstore.pl\/blog\/wp-json\/wp\/v2\/posts\/11935","targetHints":{"allow":["GET"]}}],"collection":[{"href":"https:\/\/www.hairstore.pl\/blog\/wp-json\/wp\/v2\/posts"}],"about":[{"href":"https:\/\/www.hairstore.pl\/blog\/wp-json\/wp\/v2\/types\/post"}],"author":[{"embeddable":true,"href":"https:\/\/www.hairstore.pl\/blog\/wp-json\/wp\/v2\/users\/8"}],"replies":[{"embeddable":true,"href":"https:\/\/www.hairstore.pl\/blog\/wp-json\/wp\/v2\/comments?post=11935"}],"version-history":[{"count":11,"href":"https:\/\/www.hairstore.pl\/blog\/wp-json\/wp\/v2\/posts\/11935\/revisions"}],"predecessor-version":[{"id":11954,"href":"https:\/\/www.hairstore.pl\/blog\/wp-json\/wp\/v2\/posts\/11935\/revisions\/11954"}],"wp:featuredmedia":[{"embeddable":true,"href":"https:\/\/www.hairstore.pl\/blog\/wp-json\/wp\/v2\/media\/11939"}],"wp:attachment":[{"href":"https:\/\/www.hairstore.pl\/blog\/wp-json\/wp\/v2\/media?parent=11935"}],"wp:term":[{"taxonomy":"category","embeddable":true,"href":"https:\/\/www.hairstore.pl\/blog\/wp-json\/wp\/v2\/categories?post=11935"},{"taxonomy":"post_tag","embeddable":true,"href":"https:\/\/www.hairstore.pl\/blog\/wp-json\/wp\/v2\/tags?post=11935"},{"taxonomy":"yst_prominent_words","embeddable":true,"href":"https:\/\/www.hairstore.pl\/blog\/wp-json\/wp\/v2\/yst_prominent_words?post=11935"}],"curies":[{"name":"wp","href":"https:\/\/api.w.org\/{rel}","templated":true}]}}