{"id":1082,"date":"2015-10-22T11:10:38","date_gmt":"2015-10-22T09:10:38","guid":{"rendered":"http:\/\/blog.hairstore.pl\/?p=1082"},"modified":"2026-03-25T15:12:53","modified_gmt":"2026-03-25T14:12:53","slug":"przyczyny-uszkodzen-wlosow","status":"publish","type":"post","link":"https:\/\/www.hairstore.pl\/blog\/przyczyny-uszkodzen-wlosow\/","title":{"rendered":"Przyczyny uszkodze\u0144 w\u0142os\u00f3w"},"content":{"rendered":"<p>Jak si\u0119 okazuje w\u0142osy nara\u017cone s\u0105 na wiele r\u00f3\u017cnych zniszcze\u0144. By czemu\u015b zapobiega\u0107, nale\u017cy najpierw pozna\u0107 przyczyn\u0119. Dlatego te\u017c zgromadzi\u0142am dla Was wszystkie najwa\u017cniejsze przyczyny uszkodze\u0144 w\u0142os\u00f3w.<\/p>\n<p><!--more--><\/p>\n<p>Zobaczmy zatem przez jakie czynniki nasze w\u0142osy si\u0119 niszcz\u0105. Wtedy z pewno\u015bci\u0105 \u0142atwiej b\u0119dzie zapobiega\u0107 uszkodzeniom.<\/p>\n<h2>Dzia\u0142anie preparat\u00f3w chemicznych<\/h2>\n<p>Najbardziej inwazyjnymi zabiegami s\u0105: trwa\u0142a ondulacja oraz rozja\u015bnianie w\u0142os\u00f3w. w pierwszym przypadku zostaj\u0105 rozerwane wi\u0105zania dwusiarczkowe we wn\u0119trzu w\u0142osa oraz nast\u0119puje uszkodzenie spajaj\u0105cego lepiszcza. W efekcie w\u0142os mo\u017ce straci\u0107 nawet do 80% keratyny. Natomiast rozja\u015bnianie w\u0142os\u00f3w jest bardzo powa\u017cnym naruszeniem struktury w\u0142os\u00f3w. Im wi\u0119kszy stopie\u0144 rozja\u015bniania, tym wi\u0119ksze szkody w strukturze w\u0142osa. Co wa\u017cne, odporno\u015b\u0107 na zrywanie silnie rozja\u015bnionych w\u0142os\u00f3w drastycznie spada.<\/p>\n<h2>Zniszczenia mechaniczne<\/h2>\n<p>Najpodatniejsze na zniszczenia mechaniczne s\u0105 w\u0142osy poddawane wcze\u015bniej zabiegom chemicznym. Podczas czesania, tapirowania i szczotkowania mo\u017ce doj\u015b\u0107 do uszkodzenia os\u0142onki w\u0142os\u00f3w i ich zniszczenia.<\/p>\n<p><a href=\"https:\/\/www.hairstore.pl\/blog\/wp-content\/uploads\/2014\/07\/zniszczone-w\u0142osy-2.jpg\"><img decoding=\"async\" class=\"alignnone size-full wp-image-1087\" src=\"https:\/\/www.hairstore.pl\/blog\/wp-content\/uploads\/2014\/07\/zniszczone-w\u0142osy-2.jpg\" alt=\"zniszczone-w\u0142osy-2\" width=\"720\" height=\"365\" \/><\/a><\/p>\n<h2>Zniszczenia termiczne<\/h2>\n<p>Niestety zbyt d\u0142ugie suszenie z u\u017cyciem wysokiej temperatury spowoduje usuni\u0119cie z w\u0142os\u00f3w znacznej ilo\u015bci wilgoci. W\u00f3wczas keratyna zostaje uszkodzona i w\u0142os staje si\u0119 \u0142amliwy oraz suchy. Wysoka temperatura jest tak\u017ce przyczyn\u0105 pod\u0142u\u017cnych p\u0119kni\u0119\u0107 os\u0142onki w\u0142os\u00f3w oraz nieodwracalnych uszkodze\u0144.<\/p>\n<h2>Promieniowanie UV<\/h2>\n<p>Silne promieniowanie uszkadza struktur\u0119 w\u0142os\u00f3w oraz sk\u00f3r\u0119 g\u0142owy. Dzia\u0142a niszcz\u0105co na cz\u0105steczki melaniny, rozja\u015bniaj\u0105c w\u0142osy. Ponadto uszkodzona zostaje tak\u017ce keratyna os\u0142onki i warstwy korowej. W efekcie w\u0142os staje si\u0119 szorstki, matowy oraz \u0142atwo si\u0119 \u0142amie. Nale\u017cy pami\u0119ta\u0107, \u017ce w\u0142osy jasne s\u0105 wra\u017cliwsze od ciemnych i cz\u0119\u015bciej ulegaj\u0105 uszkodzeniom poprzez promieniowanie.<\/p>\n<p>Zawsze pami\u0119taj by swoje w\u0142osy traktowa\u0107 delikatnie i s\u0142ucha\u0107 ich potrzeb. Niestety, pasma \u0142atwo zniszczy\u0107 a ju\u017c trudniej odbudowa\u0107.<\/p>\n","protected":false},"excerpt":{"rendered":"<p>Jak si\u0119 okazuje w\u0142osy nara\u017cone s\u0105 na wiele r\u00f3\u017cnych zniszcze\u0144. By czemu\u015b zapobiega\u0107, nale\u017cy najpierw pozna\u0107 przyczyn\u0119. Dlatego te\u017c zgromadzi\u0142am dla Was wszystkie najwa\u017cniejsze przyczyny uszkodze\u0144 w\u0142os\u00f3w.<\/p>\n","protected":false},"author":5,"featured_media":6705,"comment_status":"open","ping_status":"closed","sticky":false,"template":"","format":"standard","meta":{"footnotes":""},"categories":[2],"tags":[],"yst_prominent_words":[2469,4606,4559,4557,9084,1367,1463,717,2052],"class_list":["post-1082","post","type-post","status-publish","format-standard","has-post-thumbnail","hentry","category-aktualnosci"],"_links":{"self":[{"href":"https:\/\/www.hairstore.pl\/blog\/wp-json\/wp\/v2\/posts\/1082","targetHints":{"allow":["GET"]}}],"collection":[{"href":"https:\/\/www.hairstore.pl\/blog\/wp-json\/wp\/v2\/posts"}],"about":[{"href":"https:\/\/www.hairstore.pl\/blog\/wp-json\/wp\/v2\/types\/post"}],"author":[{"embeddable":true,"href":"https:\/\/www.hairstore.pl\/blog\/wp-json\/wp\/v2\/users\/5"}],"replies":[{"embeddable":true,"href":"https:\/\/www.hairstore.pl\/blog\/wp-json\/wp\/v2\/comments?post=1082"}],"version-history":[{"count":2,"href":"https:\/\/www.hairstore.pl\/blog\/wp-json\/wp\/v2\/posts\/1082\/revisions"}],"predecessor-version":[{"id":27143,"href":"https:\/\/www.hairstore.pl\/blog\/wp-json\/wp\/v2\/posts\/1082\/revisions\/27143"}],"wp:featuredmedia":[{"embeddable":true,"href":"https:\/\/www.hairstore.pl\/blog\/wp-json\/wp\/v2\/media\/6705"}],"wp:attachment":[{"href":"https:\/\/www.hairstore.pl\/blog\/wp-json\/wp\/v2\/media?parent=1082"}],"wp:term":[{"taxonomy":"category","embeddable":true,"href":"https:\/\/www.hairstore.pl\/blog\/wp-json\/wp\/v2\/categories?post=1082"},{"taxonomy":"post_tag","embeddable":true,"href":"https:\/\/www.hairstore.pl\/blog\/wp-json\/wp\/v2\/tags?post=1082"},{"taxonomy":"yst_prominent_words","embeddable":true,"href":"https:\/\/www.hairstore.pl\/blog\/wp-json\/wp\/v2\/yst_prominent_words?post=1082"}],"curies":[{"name":"wp","href":"https:\/\/api.w.org\/{rel}","templated":true}]}}