{"id":10750,"date":"2019-03-26T09:58:12","date_gmt":"2019-03-26T08:58:12","guid":{"rendered":"https:\/\/www.hairstore.pl\/blog\/?p=10750"},"modified":"2025-04-16T09:47:41","modified_gmt":"2025-04-16T07:47:41","slug":"fryzury-na-komunie-zdjecia","status":"publish","type":"post","link":"https:\/\/www.hairstore.pl\/blog\/fryzury-na-komunie-zdjecia\/","title":{"rendered":"Fryzura na komuni\u0119 dla dziewczynki &#8211; inspiracje i instrukcje"},"content":{"rendered":"<p>Pierwsza komunia \u015bwi\u0119ta to jedno z wa\u017cniejszych wydarze\u0144 w \u017cyciu dziecka wychowywanego w wierze katolickiej. W tym dniu dziewcz\u0119ta przywdziewaj\u0105 bia\u0142e suknie &#8211; bardziej albo mniej efektowne, a na g\u0142owy zak\u0142adaj\u0105 wianki. A poniewa\u017c to bardzo uroczysty i wa\u017cny dzie\u0144, chcemy, \u017ceby nasze pociechy wygl\u0105da\u0142y bardzo od\u015bwi\u0119tnie. Dzisiaj kilka propozycji na fryzury na komuni\u0119 dla dziewczynki.<\/p>\n<p><!--more--><\/p>\n<p>Chocia\u017c nie jest najwa\u017cniejsza, z pewno\u015bci\u0105 po\u015bwi\u0119camy jej nieco uwagi &#8211;<strong> fryzura na komuni\u0119<\/strong>. Dawniej, gdy ja sz\u0142am do komunii, najmodniejsze by\u0142y poka\u017anych rozmiar\u00f3w koki albo mocno zakr\u0119cone w\u0142osy. Dzisiaj nieco odchodzimy ju\u017c od tego przepychu, a fryzury na komuni\u0119 s\u0105 bardziej stonowane. I w\u0142a\u015bnie takie propozycje &#8211; efektowne, ale bez przepychu, tony lakieru i niepotrzebnych ozd\u00f3b &#8211; przygotowa\u0142am specjalnie z okazji zbli\u017caj\u0105cego si\u0119 sezonu komunijnego.<\/p>\n<ul class=\"article-menu article-menu-v2\">\n<li>fryzury na komuni\u0119 dla dziewczynki<\/li>\n<li>koki, warkocze i rozpuszczone w\u0142osy<\/li>\n<li>instrukcja, jak zrobi\u0107 koka ze \u015blimaczkami<\/li>\n<li>krok po kroku jak wykona\u0107 opask\u0119 z warkocza<\/li>\n<\/ul>\n<p>Sprawd\u017a: <a href=\"https:\/\/www.hairstore.pl\/blog\/fryzura-na-komunie-zdjecia\/\">Fryzura na komuni\u0119 2025 dla dziewczynki \u2013 inspiracje, porady, zdj\u0119cia<\/a><\/p>\n<h2>Pierwsza komunia \u015bwi\u0119ta &#8211; fryzury<\/h2>\n<p>Zazwyczaj dziewczynki id\u0105ce do pierwszej komunii \u015bwi\u0119tej maj\u0105<strong> d\u0142ugie w\u0142osy<\/strong> &#8211; za\u0142o\u017c\u0119 si\u0119, \u017ce wiele mam, kt\u00f3re czyta ten post, pami\u0119ta zapuszczanie w\u0142os\u00f3w do komunii. Z tego wzgl\u0119du najwi\u0119cej propozycji w tym artykule to w\u0142a\u015bnie fryzury na komuni\u0119 z d\u0142ugich w\u0142os\u00f3w.<\/p>\n<p>Pierwsza propozycja jest bardzo klasyczna &#8211; chodzi o <strong>kok<\/strong>. Koki s\u0105 wygodne &#8211; dziecku nic nie majta si\u0119 wok\u00f3\u0142 twarzy, \u0142atwo te\u017c &#8222;zamontowa\u0107&#8221; wianek. \u017beby kok wyszed\u0142 nieco wi\u0119kszy, mo\u017cna u\u017cy\u0107 <a href=\"https:\/\/www.hairstore.pl\/efalock-wypelnienie-do-koka-okragle-10cm-blond-p637.html\">wype\u0142niacza do koka<\/a>.<\/p>\n<figure id=\"attachment_10752\" aria-describedby=\"caption-attachment-10752\" style=\"width: 1024px\" class=\"wp-caption aligncenter\"><img decoding=\"async\" class=\"size-full wp-image-10752\" src=\"https:\/\/www.hairstore.pl\/blog\/wp-content\/uploads\/2019\/03\/fryzura-na-komunie-kok.jpg\" alt=\"kok na komunie, upi\u0119cia na komuni\u0119, jak spi\u0105\u0107 w\u0142osy na komuni\u0119, fryzury komunia\" width=\"1024\" height=\"478\" srcset=\"https:\/\/www.hairstore.pl\/blog\/wp-content\/uploads\/2019\/03\/fryzura-na-komunie-kok.jpg 800w, https:\/\/www.hairstore.pl\/blog\/wp-content\/uploads\/2019\/03\/fryzura-na-komunie-kok-300x140.jpg 300w, https:\/\/www.hairstore.pl\/blog\/wp-content\/uploads\/2019\/03\/fryzura-na-komunie-kok-768x359.jpg 768w, https:\/\/www.hairstore.pl\/blog\/wp-content\/uploads\/2019\/03\/fryzura-na-komunie-kok-1024x478.jpg 1024w, https:\/\/www.hairstore.pl\/blog\/wp-content\/uploads\/2019\/03\/fryzura-na-komunie-kok-845x395.jpg 845w\" sizes=\"(max-width: 1024px) 100vw, 1024px\" \/><figcaption id=\"caption-attachment-10752\" class=\"wp-caption-text\">\u0179r\u00f3d\u0142o: hairstyle2019.com, macyhair.com, hairstylediy.net<\/figcaption><\/figure>\n<div id=\"hsbp-1\" class=\"hsbp\"><\/div>\n<p><script type='text\/javascript' src='https:\/\/www.hairstore.pl\/produkty_wordpress.php?dst=hsbp-1&#038;prods=21371,21368,575,342,693,3120'><\/script><br \/>\nKolejna propozycja na fryzur\u0119 na pierwsz\u0105 komuni\u0119 \u015bwi\u0119t\u0105 to<strong> plecionki<\/strong>. Mog\u0105 by\u0107 z pozoru niedba\u0142e &#8211; taki kontrolowany &#8222;chaos&#8221; dodaje uroku i wygl\u0105da bardzo dziewcz\u0119co. A przecie\u017c nie chodzi o to, \u017ceby przebiera\u0107 dziewczynki czy stylizowa\u0107 je tak, \u017ceby wygl\u0105da\u0142y jak doros\u0142e. Fryzura powinna dope\u0142ni\u0107 stylizacj\u0119 i podkre\u015bli\u0107 dziewcz\u0119cy urok.<\/p>\n<figure id=\"attachment_10753\" aria-describedby=\"caption-attachment-10753\" style=\"width: 1024px\" class=\"wp-caption aligncenter\"><img decoding=\"async\" class=\"size-full wp-image-10753\" src=\"https:\/\/www.hairstore.pl\/blog\/wp-content\/uploads\/2019\/03\/pierwsza-komunia-fryzura.jpg\" alt=\"warocz na komuni\u0119, zaplecione w\u0142osy na komuni\u0119, fryzury na komuni\u0119 \u015bwi\u0119t\u0105 d\u0142ugie w\u0142osy\" width=\"1024\" height=\"478\" srcset=\"https:\/\/www.hairstore.pl\/blog\/wp-content\/uploads\/2019\/03\/pierwsza-komunia-fryzura.jpg 800w, https:\/\/www.hairstore.pl\/blog\/wp-content\/uploads\/2019\/03\/pierwsza-komunia-fryzura-300x140.jpg 300w, https:\/\/www.hairstore.pl\/blog\/wp-content\/uploads\/2019\/03\/pierwsza-komunia-fryzura-768x359.jpg 768w, https:\/\/www.hairstore.pl\/blog\/wp-content\/uploads\/2019\/03\/pierwsza-komunia-fryzura-1024x478.jpg 1024w, https:\/\/www.hairstore.pl\/blog\/wp-content\/uploads\/2019\/03\/pierwsza-komunia-fryzura-845x395.jpg 845w\" sizes=\"(max-width: 1024px) 100vw, 1024px\" \/><figcaption id=\"caption-attachment-10753\" class=\"wp-caption-text\">\u0179r\u00f3d\u0142o: weddingforward.com, depeinados.com, depeinados.com<\/figcaption><\/figure>\n<p>Wianek nie jest jedyn\u0105 mo\u017cliw\u0105 ozdob\u0105 je\u015bli chodzi o fryzury na komuni\u0119. We w\u0142osy mo\u017cna wczepi\u0107 <strong>bia\u0142e drobne kwiatki<\/strong> albo zawi\u0105za\u0107 warkocza <strong>bia\u0142\u0105 gumk\u0105<\/strong>.\u00a0 Subtelne, bia\u0142e ozdoby \u015bwietnie pasuj\u0105 do komunijnych stylizacji.<\/p>\n<div id=\"hsbp-2\" class=\"hsbp\"><\/div>\n<p><script type='text\/javascript' src='https:\/\/www.hairstore.pl\/produkty_wordpress.php?dst=hsbp-2&#038;prods=5243,19087,3178,1536'><\/script><\/p>\n<h2>Fryzury na komuni\u0119 dla dziewczynki<\/h2>\n<p>W\u0142osy wcale nie musz\u0105 by\u0107 zwi\u0105zane &#8211; fajna fryzura na komuni\u0119 to r\u00f3wnie\u017c <strong>w\u0142osy rozpuszczone<\/strong>. Mo\u017cna pu\u015bci\u0107 proste pasma albo delikatnie je <strong>zakr\u0119ci\u0107<\/strong>. Je\u015bli nie chcesz niszczy\u0107 w\u0142os\u00f3w dziecka wysok\u0105 temperatur\u0105, mo\u017cesz u\u017cy\u0107 <a href=\"https:\/\/www.hairstore.pl\/efalock-flex-papiloty-zestaw-24-szt-p366.html\">papilot\u00f3w<\/a>.<\/p>\n<figure id=\"attachment_10754\" aria-describedby=\"caption-attachment-10754\" style=\"width: 1024px\" class=\"wp-caption aligncenter\"><img decoding=\"async\" class=\"size-full wp-image-10754\" src=\"https:\/\/www.hairstore.pl\/blog\/wp-content\/uploads\/2019\/03\/fryzura-na-komunie-dla-dziewczynki-dlugie-wlosy.jpg\" alt=\"d\u0142ugie w\u0142osy fryzura na komuni\u0119, fryzura pierwsza komunia \u015bwi\u0119ta rozpuszczone w\u0142osy\" width=\"1024\" height=\"478\" srcset=\"https:\/\/www.hairstore.pl\/blog\/wp-content\/uploads\/2019\/03\/fryzura-na-komunie-dla-dziewczynki-dlugie-wlosy.jpg 800w, https:\/\/www.hairstore.pl\/blog\/wp-content\/uploads\/2019\/03\/fryzura-na-komunie-dla-dziewczynki-dlugie-wlosy-300x140.jpg 300w, https:\/\/www.hairstore.pl\/blog\/wp-content\/uploads\/2019\/03\/fryzura-na-komunie-dla-dziewczynki-dlugie-wlosy-768x359.jpg 768w, https:\/\/www.hairstore.pl\/blog\/wp-content\/uploads\/2019\/03\/fryzura-na-komunie-dla-dziewczynki-dlugie-wlosy-1024x478.jpg 1024w, https:\/\/www.hairstore.pl\/blog\/wp-content\/uploads\/2019\/03\/fryzura-na-komunie-dla-dziewczynki-dlugie-wlosy-845x395.jpg 845w\" sizes=\"(max-width: 1024px) 100vw, 1024px\" \/><figcaption id=\"caption-attachment-10754\" class=\"wp-caption-text\">\u0179r\u00f3d\u0142o: fashionizm.com, momooze.com, paquibarroso.es<\/figcaption><\/figure>\n<p>W\u0142osy do ramion bardzo dobrze b\u0119d\u0105 wygl\u0105da\u0142y rozpuszczone. Warto delikatnie je zakr\u0119ci\u0107. I tutaj mam dla Ciebie drug\u0105 propozycj\u0119 na kr\u0119cenie w\u0142os\u00f3w dziecka bez u\u017cycia wysokiej temperatury. Potrzebny b\u0119dzie <a href=\"https:\/\/www.hairstore.pl\/nevitaly-styling-sea-touch-spray-z-sola-morska-200ml-p17660.html\">spray z sol\u0105 morsk\u0105<\/a>.<\/p>\n<p>Wieczorem spryskaj w\u0142osy niewielk\u0105 ilo\u015bci\u0105 kosmetyku i zaple\u0107 w\u0142osy w warkocz na noc. Rano rozpu\u015b\u0107 w\u0142osy. Zapewniam Ci\u0119, \u017ce u\u0142o\u017c\u0105 si\u0119 w cudowne fale.<\/p>\n<figure id=\"attachment_10755\" aria-describedby=\"caption-attachment-10755\" style=\"width: 1024px\" class=\"wp-caption aligncenter\"><img decoding=\"async\" class=\"size-full wp-image-10755\" src=\"https:\/\/www.hairstore.pl\/blog\/wp-content\/uploads\/2019\/03\/komnijne-fryzury-2019.jpg\" alt=\"piewsza komunia, fryzura na komuni\u0119, pierwsza komunia \u015bwi\u0119ta\" width=\"1024\" height=\"478\" srcset=\"https:\/\/www.hairstore.pl\/blog\/wp-content\/uploads\/2019\/03\/komnijne-fryzury-2019.jpg 800w, https:\/\/www.hairstore.pl\/blog\/wp-content\/uploads\/2019\/03\/komnijne-fryzury-2019-300x140.jpg 300w, https:\/\/www.hairstore.pl\/blog\/wp-content\/uploads\/2019\/03\/komnijne-fryzury-2019-768x359.jpg 768w, https:\/\/www.hairstore.pl\/blog\/wp-content\/uploads\/2019\/03\/komnijne-fryzury-2019-1024x478.jpg 1024w, https:\/\/www.hairstore.pl\/blog\/wp-content\/uploads\/2019\/03\/komnijne-fryzury-2019-845x395.jpg 845w\" sizes=\"(max-width: 1024px) 100vw, 1024px\" \/><figcaption id=\"caption-attachment-10755\" class=\"wp-caption-text\">\u0179r\u00f3d\u0142o: stylemepretty.com, nnavascues.com, hairstylishe.com<\/figcaption><\/figure>\n<p>Sprawd\u017a, j<a href=\"https:\/\/www.hairstore.pl\/blog\/spray-z-sola-morska-nevitaly-sprawdzilysmy-go-na-wlasnych-wlosach\/\">akie efekty my (dziewczyny z hairstore.pl) osi\u0105gn\u0119\u0142y\u015bmy korzystaj\u0105c z Nevitaly Sea Touch<\/a>.<\/p>\n<p>Poni\u017cej kolejne propozycje na <strong>fryzury na pierwsz\u0105 komuni\u0119<\/strong>. Kt\u00f3ra z nich najbardziej Wam si\u0119 podoba?<\/p>\n<figure id=\"attachment_10756\" aria-describedby=\"caption-attachment-10756\" style=\"width: 1024px\" class=\"wp-caption aligncenter\"><img decoding=\"async\" class=\"size-full wp-image-10756\" src=\"https:\/\/www.hairstore.pl\/blog\/wp-content\/uploads\/2019\/03\/fryzury-na-komunie-zaplecione-wlosy.jpg\" alt=\"komunia fryzury, fryzury komunia \u015bwi\u0119ta zdj\u0119cia\" width=\"1024\" height=\"478\" srcset=\"https:\/\/www.hairstore.pl\/blog\/wp-content\/uploads\/2019\/03\/fryzury-na-komunie-zaplecione-wlosy.jpg 800w, https:\/\/www.hairstore.pl\/blog\/wp-content\/uploads\/2019\/03\/fryzury-na-komunie-zaplecione-wlosy-300x140.jpg 300w, https:\/\/www.hairstore.pl\/blog\/wp-content\/uploads\/2019\/03\/fryzury-na-komunie-zaplecione-wlosy-768x359.jpg 768w, https:\/\/www.hairstore.pl\/blog\/wp-content\/uploads\/2019\/03\/fryzury-na-komunie-zaplecione-wlosy-1024x478.jpg 1024w, https:\/\/www.hairstore.pl\/blog\/wp-content\/uploads\/2019\/03\/fryzury-na-komunie-zaplecione-wlosy-845x395.jpg 845w\" sizes=\"(max-width: 1024px) 100vw, 1024px\" \/><figcaption id=\"caption-attachment-10756\" class=\"wp-caption-text\">\u0179r\u00f3d\u0142o: wedge-hairstyles.com, lacomuniondemaria.com, emmeshairstyles.xyz<\/figcaption><\/figure>\n<div id=\"hsbp-3\" class=\"hsbp\"><\/div>\n<p><script type='text\/javascript' src='https:\/\/www.hairstore.pl\/produkty_wordpress.php?dst=hsbp-3&#038;prods=321,2474,366,775,16440'><\/script><\/p>\n<h2>Fryzura na komuni\u0119 &#8211; opaska z warkocza<\/h2>\n<p>Ju\u017c troch\u0119 tradycyjnie przy wpisach dotycz\u0105cych fryzur dziewczynek pojawia si\u0119 akcent od Marzeny Sak, autorki strony internetowej <a href=\"https:\/\/www.fryzurymarzeny.pl\/\" rel=\"nofollow\">fryzurymarzeny.pl<\/a>. Jak zwykle, mo\u017cecie liczy\u0107 na czyteln\u0105 <strong>fotoinstrukcj\u0119<\/strong> i <strong>ciekawe pomys\u0142y na fryzury dla dziewczynek<\/strong>. Tym razem mamy dla Was dwie propozycje.<\/p>\n<p>Pierwsza fryzura to <strong>opaska z warkocza<\/strong>. Wykonana ona zosta\u0142a w sumie z <strong>warkocza holenderskiego<\/strong> plecionego przy samym czole od jednej strony do drugiej. W dalszej kolejno\u015bci w\u0142osy pleciemy do ko\u0144ca d\u0142ugo\u015bci i wi\u0105\u017cemy gumk\u0105.<\/p>\n<figure id=\"attachment_10761\" aria-describedby=\"caption-attachment-10761\" style=\"width: 1024px\" class=\"wp-caption aligncenter\"><img decoding=\"async\" class=\"size-full wp-image-10761\" src=\"https:\/\/www.hairstore.pl\/blog\/wp-content\/uploads\/2019\/03\/opaska-z-warkocza-krok-1.jpg\" alt=\"opaska z warkocza, warkocz holenderski\" width=\"1024\" height=\"478\" srcset=\"https:\/\/www.hairstore.pl\/blog\/wp-content\/uploads\/2019\/03\/opaska-z-warkocza-krok-1.jpg 800w, https:\/\/www.hairstore.pl\/blog\/wp-content\/uploads\/2019\/03\/opaska-z-warkocza-krok-1-300x140.jpg 300w, https:\/\/www.hairstore.pl\/blog\/wp-content\/uploads\/2019\/03\/opaska-z-warkocza-krok-1-768x359.jpg 768w, https:\/\/www.hairstore.pl\/blog\/wp-content\/uploads\/2019\/03\/opaska-z-warkocza-krok-1-1024x478.jpg 1024w, https:\/\/www.hairstore.pl\/blog\/wp-content\/uploads\/2019\/03\/opaska-z-warkocza-krok-1-845x395.jpg 845w\" sizes=\"(max-width: 1024px) 100vw, 1024px\" \/><figcaption id=\"caption-attachment-10761\" class=\"wp-caption-text\">\u0179r\u00f3d\u0142o: fryzurymarzeny.pl<\/figcaption><\/figure>\n<figure id=\"attachment_10764\" aria-describedby=\"caption-attachment-10764\" style=\"width: 1024px\" class=\"wp-caption aligncenter\"><img decoding=\"async\" class=\"size-full wp-image-10764\" src=\"https:\/\/www.hairstore.pl\/blog\/wp-content\/uploads\/2019\/03\/opaska-zwarkocza-krok-2-1.jpg\" alt=\"fryzura na komunie, fryzura komunijna\" width=\"1024\" height=\"478\" srcset=\"https:\/\/www.hairstore.pl\/blog\/wp-content\/uploads\/2019\/03\/opaska-zwarkocza-krok-2-1.jpg 800w, https:\/\/www.hairstore.pl\/blog\/wp-content\/uploads\/2019\/03\/opaska-zwarkocza-krok-2-1-300x140.jpg 300w, https:\/\/www.hairstore.pl\/blog\/wp-content\/uploads\/2019\/03\/opaska-zwarkocza-krok-2-1-768x359.jpg 768w, https:\/\/www.hairstore.pl\/blog\/wp-content\/uploads\/2019\/03\/opaska-zwarkocza-krok-2-1-1024x478.jpg 1024w, https:\/\/www.hairstore.pl\/blog\/wp-content\/uploads\/2019\/03\/opaska-zwarkocza-krok-2-1-845x395.jpg 845w\" sizes=\"(max-width: 1024px) 100vw, 1024px\" \/><figcaption id=\"caption-attachment-10764\" class=\"wp-caption-text\">\u0179r\u00f3d\u0142o: fryzurymarzeny.pl<\/figcaption><\/figure>\n<p>Na koniec przypinamy ko\u0144c\u00f3wk\u0119 warkocza po tej stronie, po kt\u00f3rej zaczynali\u015bmy zaplata\u0107. Reszt\u0119 w\u0142os\u00f3w delikatnie kr\u0119cimy. <strong>Ta fryzura jest doskona\u0142\u0105 propozycj\u0105 dla dziewczynek z kr\u00f3tszymi w\u0142osami<\/strong>, chocia\u017c nie tylko &#8211; i z d\u0142u\u017cszymi mo\u017cna sobie poradzi\u0107.<\/p>\n<figure id=\"attachment_10765\" aria-describedby=\"caption-attachment-10765\" style=\"width: 1024px\" class=\"wp-caption aligncenter\"><img decoding=\"async\" class=\"size-full wp-image-10765\" src=\"https:\/\/www.hairstore.pl\/blog\/wp-content\/uploads\/2019\/03\/opaska-z-warkocza-krok-3.jpg\" alt=\"opaska z warkocza, fryzura z wiankiem, fryzura na pierwsza komunie \u015bwi\u0119t\u0105\" width=\"1024\" height=\"476\" srcset=\"https:\/\/www.hairstore.pl\/blog\/wp-content\/uploads\/2019\/03\/opaska-z-warkocza-krok-3.jpg 800w, https:\/\/www.hairstore.pl\/blog\/wp-content\/uploads\/2019\/03\/opaska-z-warkocza-krok-3-300x139.jpg 300w, https:\/\/www.hairstore.pl\/blog\/wp-content\/uploads\/2019\/03\/opaska-z-warkocza-krok-3-768x357.jpg 768w, https:\/\/www.hairstore.pl\/blog\/wp-content\/uploads\/2019\/03\/opaska-z-warkocza-krok-3-1024x476.jpg 1024w\" sizes=\"(max-width: 1024px) 100vw, 1024px\" \/><figcaption id=\"caption-attachment-10765\" class=\"wp-caption-text\">\u0179r\u00f3d\u0142o: fryzurymarzeny.pl<\/figcaption><\/figure>\n<p>Do kr\u0119cenia w\u0142os\u00f3w mo\u017cna u\u017cy\u0107 <a href=\"https:\/\/www.hairstore.pl\/babyliss-pro-prostownica-do-wlosow-elipsis-bab3100epe-p15253.html\">prostownicy do w\u0142os\u00f3w<\/a>, takiej z w\u0119\u017cszymi p\u0142ytkami. Przed kr\u0119ceniem warto <strong>spryska\u0107 w\u0142osy kosmetykiem termoochronnym<\/strong>, kt\u00f3ry roztoczy swoist\u0105 opiek\u0119 nad delikatnymi w\u0142osami dziecka. Polecamy olejek do modelowania <a href=\"https:\/\/www.hairstore.pl\/insight-styling-plyn-do-modelowania-250ml-p14543.html\">InSight Styling Oil Non Oil<\/a>. Kosmetyk jest ekologiczny i bezpieczny dla w\u0142os\u00f3w. U\u0142atwia modelowanie, chroni w\u0142osy przed wysok\u0105 temperatur\u0105 i dodaje im spr\u0119\u017cysto\u015bci.<\/p>\n<p>Przeczytaj wi\u0119cej o <a href=\"https:\/\/www.hairstore.pl\/blog\/stylizacja-na-olej-tylko-insight-styling-oil-non-oil\/\">stylizacji z InSight Oil Non Oil<\/a>.<\/p>\n<p>Ca\u0142\u0105 fryzur\u0119 utrwal <a href=\"https:\/\/www.hairstore.pl\/goldwell-salon-only-lakier-do-wlosow-elastyczny-600ml-p5243.html\">lakierem<\/a>. Jak poleca Marzena Sak, <strong>warto przy zaplataniu warkoczy zawsze u\u017cywa\u0107 bazy do stylizacji<\/strong>. Dzi\u0119ki temu pojedyncze w\u0142oski nie powinny wychodzi\u0107 z plecionki. My polecamy <a href=\"https:\/\/www.hairstore.pl\/cece-kreativ-start-odzywcza-baza-do-stylizacji-bez-splukiwania-250ml-p12059.html\">baz\u0119 CeCe Kreativ Start<\/a>. Kosmetyk zawiera keratyn\u0119 (naturalny budulec w\u0142osa), witaminy z grupy B oraz filtr UV.<\/p>\n<h2>A mo\u017ce kok z zakr\u0119conymi \u015blimaczkami?<\/h2>\n<p>Nasza ostatnia propozycja to <strong>kok ze \u015blimaczkami<\/strong>. Na zdj\u0119ciach macie pokazane krok po kroku, jak wykona\u0107 tak\u0105 fryzur\u0119 na komuni\u0119. Fryzur\u0119 zaczynamy od wykonania koka, nast\u0119pnie w\u0142oski nale\u017cy zawin\u0105\u0107 wok\u00f3\u0142 koczka. Pami\u0119taj, \u017ceby pozostawi\u0107 pasmo w\u0142os\u00f3w u nasady &#8211; zrobimy z nich potem \u015blimaczki.<\/p>\n<figure id=\"attachment_10758\" aria-describedby=\"caption-attachment-10758\" style=\"width: 1024px\" class=\"wp-caption aligncenter\"><img decoding=\"async\" class=\"size-full wp-image-10758\" src=\"https:\/\/www.hairstore.pl\/blog\/wp-content\/uploads\/2019\/03\/kok-slimak-krok-1.jpg\" alt=\"fryzury na komunie, kok na komunie\" width=\"1024\" height=\"478\" srcset=\"https:\/\/www.hairstore.pl\/blog\/wp-content\/uploads\/2019\/03\/kok-slimak-krok-1.jpg 800w, https:\/\/www.hairstore.pl\/blog\/wp-content\/uploads\/2019\/03\/kok-slimak-krok-1-300x140.jpg 300w, https:\/\/www.hairstore.pl\/blog\/wp-content\/uploads\/2019\/03\/kok-slimak-krok-1-768x359.jpg 768w, https:\/\/www.hairstore.pl\/blog\/wp-content\/uploads\/2019\/03\/kok-slimak-krok-1-1024x478.jpg 1024w, https:\/\/www.hairstore.pl\/blog\/wp-content\/uploads\/2019\/03\/kok-slimak-krok-1-845x395.jpg 845w\" sizes=\"(max-width: 1024px) 100vw, 1024px\" \/><figcaption id=\"caption-attachment-10758\" class=\"wp-caption-text\">\u0179r\u00f3d\u0142o: fryzurymarzeny.pl<\/figcaption><\/figure>\n<figure id=\"attachment_10759\" aria-describedby=\"caption-attachment-10759\" style=\"width: 1024px\" class=\"wp-caption aligncenter\"><img decoding=\"async\" class=\"size-full wp-image-10759\" src=\"https:\/\/www.hairstore.pl\/blog\/wp-content\/uploads\/2019\/03\/kok-slimak-krok-2.jpg\" alt=\"jak zrobic fryzure na komunie, fryzura na komunie krok po kroku, kok dla dziewczynki krok po kroku\" width=\"1024\" height=\"478\" srcset=\"https:\/\/www.hairstore.pl\/blog\/wp-content\/uploads\/2019\/03\/kok-slimak-krok-2.jpg 800w, https:\/\/www.hairstore.pl\/blog\/wp-content\/uploads\/2019\/03\/kok-slimak-krok-2-300x140.jpg 300w, https:\/\/www.hairstore.pl\/blog\/wp-content\/uploads\/2019\/03\/kok-slimak-krok-2-768x359.jpg 768w, https:\/\/www.hairstore.pl\/blog\/wp-content\/uploads\/2019\/03\/kok-slimak-krok-2-1024x478.jpg 1024w, https:\/\/www.hairstore.pl\/blog\/wp-content\/uploads\/2019\/03\/kok-slimak-krok-2-845x395.jpg 845w\" sizes=\"(max-width: 1024px) 100vw, 1024px\" \/><figcaption id=\"caption-attachment-10759\" class=\"wp-caption-text\">\u0179r\u00f3d\u0142o: fryzurymarzeny.pl<\/figcaption><\/figure>\n<p>Kolejno robimy \u015blimaczka i zakr\u0119camy w\u0142osy w taki spos\u00f3b, \u017ceby powsta\u0142y \u015blimaczki i zakr\u0119tasy. I fryzura gotowa &#8211; wystarczy tylko ca\u0142o\u015b\u0107 ozdobi\u0107 wiankiem.<\/p>\n<figure id=\"attachment_10760\" aria-describedby=\"caption-attachment-10760\" style=\"width: 1024px\" class=\"wp-caption aligncenter\"><img decoding=\"async\" class=\"size-full wp-image-10760\" src=\"https:\/\/www.hairstore.pl\/blog\/wp-content\/uploads\/2019\/03\/kok-slimak-krok-3.jpg\" alt=\"\u0142adna fryzura na komunie, komunia fryzura\" width=\"1024\" height=\"478\" srcset=\"https:\/\/www.hairstore.pl\/blog\/wp-content\/uploads\/2019\/03\/kok-slimak-krok-3.jpg 800w, https:\/\/www.hairstore.pl\/blog\/wp-content\/uploads\/2019\/03\/kok-slimak-krok-3-300x140.jpg 300w, https:\/\/www.hairstore.pl\/blog\/wp-content\/uploads\/2019\/03\/kok-slimak-krok-3-768x359.jpg 768w, https:\/\/www.hairstore.pl\/blog\/wp-content\/uploads\/2019\/03\/kok-slimak-krok-3-1024x478.jpg 1024w, https:\/\/www.hairstore.pl\/blog\/wp-content\/uploads\/2019\/03\/kok-slimak-krok-3-845x395.jpg 845w\" sizes=\"(max-width: 1024px) 100vw, 1024px\" \/><figcaption id=\"caption-attachment-10760\" class=\"wp-caption-text\">\u0179r\u00f3d\u0142o: fryzurymarzeny.pl<\/figcaption><\/figure>\n<p>Prawda, \u017ce ca\u0142o\u015b\u0107 wygl\u0105da bardzo efektownie? A jak mo\u017cecie si\u0119 przekona\u0107, zrobienie takiej fryzury na komuni\u0119 wcale nie jest takie trudne, jak mog\u0142oby wygl\u0105da\u0107 na pierwszy rzut oka.<\/p>\n","protected":false},"excerpt":{"rendered":"<p>Pierwsza komunia \u015bwi\u0119ta to jedno z wa\u017cniejszych wydarze\u0144 w \u017cyciu dziecka wychowywanego w wierze katolickiej. W tym dniu dziewcz\u0119ta przywdziewaj\u0105 bia\u0142e suknie &#8211; bardziej albo mniej efektowne, a na g\u0142owy zak\u0142adaj\u0105 wianki. A poniewa\u017c to bardzo uroczysty i wa\u017cny dzie\u0144, chcemy, \u017ceby nasze pociechy wygl\u0105da\u0142y bardzo od\u015bwi\u0119tnie. Dzisiaj kilka propozycji na fryzury na komuni\u0119 dla [&hellip;]<\/p>\n","protected":false},"author":8,"featured_media":10757,"comment_status":"open","ping_status":"open","sticky":false,"template":"","format":"standard","meta":{"footnotes":""},"categories":[2],"tags":[],"yst_prominent_words":[5422,784,5410,5412,5407,5411,5413,3463,1485,5419,5409,704,5426,717,737,4726],"class_list":["post-10750","post","type-post","status-publish","format-standard","has-post-thumbnail","hentry","category-aktualnosci"],"_links":{"self":[{"href":"https:\/\/www.hairstore.pl\/blog\/wp-json\/wp\/v2\/posts\/10750","targetHints":{"allow":["GET"]}}],"collection":[{"href":"https:\/\/www.hairstore.pl\/blog\/wp-json\/wp\/v2\/posts"}],"about":[{"href":"https:\/\/www.hairstore.pl\/blog\/wp-json\/wp\/v2\/types\/post"}],"author":[{"embeddable":true,"href":"https:\/\/www.hairstore.pl\/blog\/wp-json\/wp\/v2\/users\/8"}],"replies":[{"embeddable":true,"href":"https:\/\/www.hairstore.pl\/blog\/wp-json\/wp\/v2\/comments?post=10750"}],"version-history":[{"count":13,"href":"https:\/\/www.hairstore.pl\/blog\/wp-json\/wp\/v2\/posts\/10750\/revisions"}],"predecessor-version":[{"id":25066,"href":"https:\/\/www.hairstore.pl\/blog\/wp-json\/wp\/v2\/posts\/10750\/revisions\/25066"}],"wp:featuredmedia":[{"embeddable":true,"href":"https:\/\/www.hairstore.pl\/blog\/wp-json\/wp\/v2\/media\/10757"}],"wp:attachment":[{"href":"https:\/\/www.hairstore.pl\/blog\/wp-json\/wp\/v2\/media?parent=10750"}],"wp:term":[{"taxonomy":"category","embeddable":true,"href":"https:\/\/www.hairstore.pl\/blog\/wp-json\/wp\/v2\/categories?post=10750"},{"taxonomy":"post_tag","embeddable":true,"href":"https:\/\/www.hairstore.pl\/blog\/wp-json\/wp\/v2\/tags?post=10750"},{"taxonomy":"yst_prominent_words","embeddable":true,"href":"https:\/\/www.hairstore.pl\/blog\/wp-json\/wp\/v2\/yst_prominent_words?post=10750"}],"curies":[{"name":"wp","href":"https:\/\/api.w.org\/{rel}","templated":true}]}}