{"id":10736,"date":"2019-03-25T10:30:15","date_gmt":"2019-03-25T09:30:15","guid":{"rendered":"https:\/\/www.hairstore.pl\/blog\/?p=10736"},"modified":"2020-09-30T18:44:03","modified_gmt":"2020-09-30T16:44:03","slug":"manicure-wiosna-2019-semilac","status":"publish","type":"post","link":"https:\/\/www.hairstore.pl\/blog\/manicure-wiosna-2019-semilac\/","title":{"rendered":"Wiosenne trendy w manicure z Semilac. Zobacz galeri\u0119 i zainspiruj si\u0119"},"content":{"rendered":"<p>Chocia\u017c w marcu pogoda jeszcze nie rozpieszcza, ju\u017c teraz warto pomy\u015ble\u0107 o wiosennym manicure. Czas na \u017cywe, pe\u0142ne optymizmu kolory i wzorki. Razem z Semilac przygotowali\u015bmy kilka propozycji na najmodniejszy manicure wiosenny.<\/p>\n<p><!--more--><\/p>\n<p>Chocia\u017c nie jest to blog o lakierach do paznokci, to czasami lubimy zaj\u0105\u0107 si\u0119 i tym tematem w przerwie od zg\u0142\u0119biania tajnik\u00f3w w\u0142os\u00f3w. Sprawd\u017a, jakie kolory na paznokciach b\u0119d\u0105 modne tej wiosny. \u017begnamy ciemne kolory, czernie, szaro\u015bci, g\u0142\u0119bokie zielenie i burgundy, a zamiast nich witamy pastele, neony i pe\u0142ne rado\u015bci kolory. Przygotowali\u015bmy dla Was a\u017c cztery propozycje na wiosenny manicure &#8211; a przy okazji podpowiadamy, jakimi kolorami <a href=\"https:\/\/www.hairstore.pl\/semilac-lakier-hybrydowy-7ml-p11215.html\">lakier\u00f3w Semilac<\/a> uzyskacie taki efekt.<\/p>\n<ul class=\"article-menu article-menu-v2\">\n<li>koralowe paznokcie<\/li>\n<li>szale\u0144stwo kolor\u00f3w, czyli wielokolorowe stylizacje<\/li>\n<li>dwukolorowy french manicure prosto w wybiegu<\/li>\n<li>przewrotne tr\u00f3jk\u0105ty i akwarele<\/li>\n<\/ul>\n<h2>Koral to najgor\u0119tszy kolor tej wiosny!<\/h2>\n<p>Styli\u015bci s\u0105 zgodni, \u017ce <strong>koral<\/strong> jest najwa\u017cniejszym kolorem tej wiosny. I to nie tylko na paznokciach, ale tak\u017ce na ustach czy powiekach. My proponujemy albo jednolite koralowe paznokcie albo wersj\u0119 ombre. Pierwsz\u0105 stylizacj\u0119 wykonasz lakierem nr <strong>033 Pink Doll<\/strong>. Druga to po\u0142\u0105czenie dw\u00f3ch kolor\u00f3w: na czubku lakier hydrydowy <strong>102 Pastel Peach<\/strong>, dalej lakier Semilac <strong>046 Intense Pink<\/strong>.<\/p>\n<figure id=\"attachment_10737\" aria-describedby=\"caption-attachment-10737\" style=\"width: 1200px\" class=\"wp-caption aligncenter\"><img decoding=\"async\" class=\"size-full wp-image-10737\" src=\"https:\/\/www.hairstore.pl\/blog\/wp-content\/uploads\/2019\/03\/koralowe-paznokcie.jpg\" alt=\"koralowe paznokcie, koralowy kolor paznokci, trendy manicure 2019\" width=\"1200\" height=\"675\" srcset=\"https:\/\/www.hairstore.pl\/blog\/wp-content\/uploads\/2019\/03\/koralowe-paznokcie.jpg 800w, https:\/\/www.hairstore.pl\/blog\/wp-content\/uploads\/2019\/03\/koralowe-paznokcie-300x169.jpg 300w, https:\/\/www.hairstore.pl\/blog\/wp-content\/uploads\/2019\/03\/koralowe-paznokcie-768x432.jpg 768w, https:\/\/www.hairstore.pl\/blog\/wp-content\/uploads\/2019\/03\/koralowe-paznokcie-1024x576.jpg 1024w\" sizes=\"(max-width: 1200px) 100vw, 1200px\" \/><figcaption id=\"caption-attachment-10737\" class=\"wp-caption-text\">\u0179r\u00f3d\u0142o: materia\u0142y Semilac<\/figcaption><\/figure>\n<p>Kolejne dwie propozycje s\u0105 od siebie bardzo r\u00f3\u017cne. Pierwsza stylizacja to lakier hybrydowy Semilac <strong>130 Sleeping Beauty<\/strong>. To niezwykle subtelna, dziewcz\u0119ca, delikatna stylizacja. Takie paznokcie b\u0119d\u0105 te\u017c \u015bwietnie wygl\u0105da\u0107 jako element stylizacji \u015blubnej.<\/p>\n<p>Sprawd\u017a te\u017c <a href=\"https:\/\/www.hairstore.pl\/blog\/fryzury-na-wesele-2019\/\">fryzury na wesele<\/a>.<\/p>\n<p>Druga stylizacja jest bardziej szalona. Mocny, wibruj\u0105cy koral po\u0142\u0105czono z geometrycznymi wzorami i modnymi w tym sezonie kropkami. Wykorzystane kolory to: <strong>001 Strong White<\/strong>, <strong>007 Pink Rock, 044 Intense Blue, 048 Bright Emerald, 132 Orange Lollipop.<\/strong><\/p>\n<figure id=\"attachment_10738\" aria-describedby=\"caption-attachment-10738\" style=\"width: 1200px\" class=\"wp-caption aligncenter\"><img decoding=\"async\" class=\"size-full wp-image-10738\" src=\"https:\/\/www.hairstore.pl\/blog\/wp-content\/uploads\/2019\/03\/paznokcie-koralowe-trendy-2019.jpg\" alt=\"modne paznokcie, paznokcie z semilac, lakiery semilac, kolory semilac\" width=\"1200\" height=\"675\" srcset=\"https:\/\/www.hairstore.pl\/blog\/wp-content\/uploads\/2019\/03\/paznokcie-koralowe-trendy-2019.jpg 800w, https:\/\/www.hairstore.pl\/blog\/wp-content\/uploads\/2019\/03\/paznokcie-koralowe-trendy-2019-300x169.jpg 300w, https:\/\/www.hairstore.pl\/blog\/wp-content\/uploads\/2019\/03\/paznokcie-koralowe-trendy-2019-768x432.jpg 768w, https:\/\/www.hairstore.pl\/blog\/wp-content\/uploads\/2019\/03\/paznokcie-koralowe-trendy-2019-1024x576.jpg 1024w\" sizes=\"(max-width: 1200px) 100vw, 1200px\" \/><figcaption id=\"caption-attachment-10738\" class=\"wp-caption-text\">\u0179r\u00f3d\u0142o: materia\u0142y Semilac<\/figcaption><\/figure>\n<p>Jak wida\u0107 ju\u017c po pierwszych stylizacjach, <strong>koral<\/strong> niejedno ma imi\u0119. Ten kolor b\u0119dzie pasowa\u0142 i do eleganckiej, i subtelnej, i szalonej kobiety. Koral to po prostu ultrakobieca barwa, kt\u00f3ra doskonale wyra\u017ca nasz\u0105 osobowo\u015b\u0107.<\/p>\n<p>A wiecie, co jest najfajniejsze? Koral mo\u017ce zago\u015bci\u0107 nie tylko na paznokciach, ale tak\u017ce na ustach czy powiece. Polecamy matow\u0105 pomadk\u0119 w p\u0142ynie <a href=\"https:\/\/www.hairstore.pl\/semilac-makeup-matowa-pomadka-65ml-p18184.html\">Semilac Makeup 006 Classic Coral<\/a>. Do pudrowych, koralowych paznokci doskonale b\u0119d\u0105 pasowa\u0107 te\u017c <a href=\"https:\/\/www.hairstore.pl\/semilac-makeup-cien-do-powiek-w-kremie-7ml-p18177.html\">cienie do powiek w kremie Semilac Makeup<\/a> w kolorach <strong>054 Pale Peach Glow<\/strong> albo <strong>094 Pink Gold<\/strong>.<\/p>\n<div class=\"ebook-download-box\">\n<div class=\"ebook-download-header\">\n<div class=\"ebook-download-header-text\">Mamy dla Ciebie <span class=\"ebook-download-header-text-bold\">darmowego e-booka<\/span>. Wystarczy jedno klikni\u0119cie.<\/div>\n<div class=\"ebook-cover\"><img decoding=\"async\" src=\"https:\/\/www.hairstore.pl\/blog\/wp-content\/uploads\/2018\/10\/jak-zrobic-hybryde-w-domu.jpg\" \/><\/p>\n<div><span class=\"ebook-pages\">5<\/span><span class=\"ebook-pages-txt\">stron<\/span><\/div>\n<\/div>\n<\/div>\n<div class=\"ebook-download-title\">Jak zrobi\u0107 hybryd\u0119 w domu?<\/div>\n<div class=\"ebook-download-cta\"><a href=\"https:\/\/www.hairstore.pl\/blog\/wp-content\/uploads\/2018\/10\/EBOOK-jak-zrobic-hybryde-w-domu-1.pdf\" target=\"_blank\" rel=\"noopener noreferrer\">Pobierz za darmo<\/a><\/div>\n<\/div>\n<h2>Feeria kolor\u00f3w<\/h2>\n<p>Kolejna propozycja manicure na <strong>sezon wiosna-lato 2019<\/strong> to ca\u0142a plejada kolor\u00f3w. Niczym kwiaty na b\u0142oniach, tak i Twoje paznokcie mog\u0105 zakwitn\u0105\u0107 na wiosn\u0119.\u00a0 W tym przypadku mam dwie propozycje.<\/p>\n<p>Na pierwszym zdj\u0119ciu bardziej <strong>pastelowy, delikatny manicure<\/strong>. Gdy na niego patrz\u0119, na my\u015bl przychodz\u0105 mi zbli\u017caj\u0105ce si\u0119 \u015bwi\u0119ta wielkanocne i kolorowe pisanki. Wykorzystane kolory to: <strong>130 Sleeping Beauty, 183 Grey Pepper, 184 Tagiatelle Tuscany<\/strong>.<\/p>\n<figure id=\"attachment_10739\" aria-describedby=\"caption-attachment-10739\" style=\"width: 1200px\" class=\"wp-caption aligncenter\"><img decoding=\"async\" class=\"size-full wp-image-10739\" src=\"https:\/\/www.hairstore.pl\/blog\/wp-content\/uploads\/2019\/03\/kolorowe-paznokcie.jpg\" alt=\"kolorowe paznokcie, t\u0119czowe paznokcie, neonowe paznokcie, paznojcie na wiosn\u0119\" width=\"1200\" height=\"675\" srcset=\"https:\/\/www.hairstore.pl\/blog\/wp-content\/uploads\/2019\/03\/kolorowe-paznokcie.jpg 800w, https:\/\/www.hairstore.pl\/blog\/wp-content\/uploads\/2019\/03\/kolorowe-paznokcie-300x169.jpg 300w, https:\/\/www.hairstore.pl\/blog\/wp-content\/uploads\/2019\/03\/kolorowe-paznokcie-768x432.jpg 768w, https:\/\/www.hairstore.pl\/blog\/wp-content\/uploads\/2019\/03\/kolorowe-paznokcie-1024x576.jpg 1024w\" sizes=\"(max-width: 1200px) 100vw, 1200px\" \/><figcaption id=\"caption-attachment-10739\" class=\"wp-caption-text\">\u0179r\u00f3d\u0142o: materia\u0142y Semilac<\/figcaption><\/figure>\n<p>Druga stylizacja jeszcze bardziej si\u0119 rzuca w oczy. <strong>Jest neonowa, szalona, pe\u0142na rado\u015bci i wiosennej energii<\/strong>. Wykorzystane kolory to <strong>103 Elegant Raspberry, 122 Kiss The Prince, 156 Racing Car<\/strong>.<\/p>\n<h2>Odwr\u00f3cony french manicure<\/h2>\n<p><strong>French manicure<\/strong> to chyba jeden z najbardziej tradycyjnych stylizacji, o jakiej mo\u017cna pomy\u015ble\u0107. A przynajmniej by\u0142o tak do tej pory. Bo wiosna 2019 przynosi zmiany.<\/p>\n<p>W tym sezonie w manicure \u0142\u0105czymy dwa kontrastuj\u0105ce ze sob\u0105 odcienie. Najlepiej, \u017ceby by\u0142 to kolor jasny (pudrowy) i wyrazisty albo dwie mocno ze sob\u0105 kontrastuj\u0105ce barwy.<\/p>\n<p>W tym trendzie chodzi przede wszystkim o <strong>barwn\u0105 obw\u00f3dk\u0119<\/strong>. Mo\u017cna powiedzie\u0107, \u017ce ciemniejszym lakierem &#8222;obrysowujemy&#8221; p\u0142ytk\u0119 paznokcia.<\/p>\n<figure id=\"attachment_10740\" aria-describedby=\"caption-attachment-10740\" style=\"width: 1200px\" class=\"wp-caption aligncenter\"><img decoding=\"async\" class=\"size-full wp-image-10740\" src=\"https:\/\/www.hairstore.pl\/blog\/wp-content\/uploads\/2019\/03\/odwrocony-french-manicure.jpg\" alt=\"odwr\u00f3cony french manicure, trendy w manicure 2019, trendy semilac\" width=\"1200\" height=\"675\" srcset=\"https:\/\/www.hairstore.pl\/blog\/wp-content\/uploads\/2019\/03\/odwrocony-french-manicure.jpg 800w, https:\/\/www.hairstore.pl\/blog\/wp-content\/uploads\/2019\/03\/odwrocony-french-manicure-300x169.jpg 300w, https:\/\/www.hairstore.pl\/blog\/wp-content\/uploads\/2019\/03\/odwrocony-french-manicure-768x432.jpg 768w, https:\/\/www.hairstore.pl\/blog\/wp-content\/uploads\/2019\/03\/odwrocony-french-manicure-1024x576.jpg 1024w\" sizes=\"(max-width: 1200px) 100vw, 1200px\" \/><figcaption id=\"caption-attachment-10740\" class=\"wp-caption-text\">\u0179r\u00f3d\u0142o: materia\u0142y Semilac<\/figcaption><\/figure>\n<p>W stylizacji powy\u017cej wykorzystano nast\u0119puj\u0105ce lakiery Semilac: <strong>002 Delicate French<\/strong> oraz <strong>257 Platinum Rose Brown<\/strong> (do obrysowania).<\/p>\n<p>Na drugim zdj\u0119ciu widzimy kolory <strong>083 Burgundy Wine<\/strong> do obrysowania i <strong>157 Little Rosie<\/strong> do wype\u0142nienia. To po\u0142\u0105czenie jest bardzo eleganckie, modne i doskonale nadaje si\u0119 na biznesowe spotkanie.<\/p>\n<h2>Akwarele i wzory geometryczne<\/h2>\n<p>W tym sezonie \u0142\u0105czymy delikatne, <strong>akwarelowe kolory i wyraziste wzory geometryczne<\/strong>. Z jednej strony rozmycie i delikatne barwy, a z drugiej mocne, kanciaste wr\u0119cz akcenty.<\/p>\n<p>Jak uzyska\u0107 efekt &#8222;rozmytego&#8221; koloru? Eksperci Semilac radz\u0105, \u017ceby <strong>po\u0142\u0105czy\u0107 lakier hybrydowy i p\u0142yn<\/strong>. Wzorki dla najlepszego efektu najlepiej zrobi\u0107 czarnym albo bia\u0142ym lakierem.<\/p>\n<p>Pierwsza stylizacja bazuje na lakierze Semilac <strong>055 Peach Milk<\/strong>. Do zdobie\u0144 u\u017cyj lakier\u00f3w (np. <a href=\"https:\/\/www.hairstore.pl\/semilac-sharm-effect-lakier-hybrydowy-7ml-p15192.html\">Sharm Effect<\/a>), <a href=\"https:\/\/www.hairstore.pl\/pylki-do-paznokci-c1390.html\">py\u0142k\u00f3w<\/a>, <a href=\"https:\/\/www.hairstore.pl\/zele-uv-c1251.html\">lakier\u00f3w \u017celowych do zdobie\u0144<\/a>.<\/p>\n<figure id=\"attachment_10741\" aria-describedby=\"caption-attachment-10741\" style=\"width: 1200px\" class=\"wp-caption aligncenter\"><img decoding=\"async\" class=\"size-full wp-image-10741\" src=\"https:\/\/www.hairstore.pl\/blog\/wp-content\/uploads\/2019\/03\/akwarele.jpg\" alt=\"wzory geometryczne na paznokciach, akwarele na paznokciach\" width=\"1200\" height=\"675\" srcset=\"https:\/\/www.hairstore.pl\/blog\/wp-content\/uploads\/2019\/03\/akwarele.jpg 800w, https:\/\/www.hairstore.pl\/blog\/wp-content\/uploads\/2019\/03\/akwarele-300x169.jpg 300w, https:\/\/www.hairstore.pl\/blog\/wp-content\/uploads\/2019\/03\/akwarele-768x432.jpg 768w, https:\/\/www.hairstore.pl\/blog\/wp-content\/uploads\/2019\/03\/akwarele-1024x576.jpg 1024w\" sizes=\"(max-width: 1200px) 100vw, 1200px\" \/><figcaption id=\"caption-attachment-10741\" class=\"wp-caption-text\">\u0179r\u00f3d\u0142o: materia\u0142y Semilac<\/figcaption><\/figure>\n<p>Chcesz mie\u0107 dwukolorowe paznokcie, ale ombre jest dla Ciebie jeszcze za trudne do wykonania? Wypr\u00f3buj <a href=\"https:\/\/www.hairstore.pl\/semilac-thermal-lakier-hybrydowy-termiczny-7ml-p15855.html\">termiczne lakiery hybrydowe Semilac<\/a>, kt\u00f3re pod wp\u0142ywem temperatury zmieniaj\u0105 odcienie. Na wiosn\u0119 2019 polecamy kolory <strong>640 Orange&amp;Peach<\/strong> albo <strong>643 Cherry&amp;White<\/strong>. Na zaprezentowanej stylizacji wykorzystano lakier hybrydowy<strong> 279 Light Violet<\/strong>. Wyraziste &#8222;tr\u00f3jk\u0105ty&#8221; narysowane na czarno dodaj\u0105 ca\u0142ej stylizacji charakteru.<\/p>\n<figure id=\"attachment_10742\" aria-describedby=\"caption-attachment-10742\" style=\"width: 1200px\" class=\"wp-caption aligncenter\"><img decoding=\"async\" class=\"size-full wp-image-10742\" src=\"https:\/\/www.hairstore.pl\/blog\/wp-content\/uploads\/2019\/03\/geometryczne-wzory.jpg\" alt=\"geometria manicure, wzory paznokcie, wzory manicure, semilac, lakier semilac, semilac hybryda\" width=\"1200\" height=\"675\" srcset=\"https:\/\/www.hairstore.pl\/blog\/wp-content\/uploads\/2019\/03\/geometryczne-wzory.jpg 800w, https:\/\/www.hairstore.pl\/blog\/wp-content\/uploads\/2019\/03\/geometryczne-wzory-300x169.jpg 300w, https:\/\/www.hairstore.pl\/blog\/wp-content\/uploads\/2019\/03\/geometryczne-wzory-768x432.jpg 768w, https:\/\/www.hairstore.pl\/blog\/wp-content\/uploads\/2019\/03\/geometryczne-wzory-1024x576.jpg 1024w\" sizes=\"(max-width: 1200px) 100vw, 1200px\" \/><figcaption id=\"caption-attachment-10742\" class=\"wp-caption-text\">\u0179r\u00f3d\u0142o: materia\u0142y Semilac<\/figcaption><\/figure>\n<p>Druga stylizacja to zupe\u0142nie inne podej\u015bcie do wzor\u00f3w geometrycznych. To kolejna <strong>propozycja biznesowa<\/strong> &#8211; bardzo elegancka. Takie paznokcie pasuj\u0105 na ka\u017cd\u0105 okazj\u0119. Wykorzystane kolory: <strong>001 Strong White<\/strong>, <strong>169 Baby Boy<\/strong>.<\/p>\n<p>Kt\u00f3ry trend w manicure na 2019 rok podoba Wam si\u0119 najbardziej?<\/p>\n<div id=\"hsbp-1\" class=\"hsbp\"><\/div>\n<p><script type='text\/javascript' src='https:\/\/www.hairstore.pl\/produkty_wordpress.php?dst=hsbp-1&#038;prods=11215,12077,15194,19407,20566'><\/script><\/p>\n<div id=\"hsbp-2\" class=\"hsbp\"><\/div>\n<p><script type='text\/javascript' src='https:\/\/www.hairstore.pl\/produkty_wordpress.php?dst=hsbp-2&#038;prods=15831,15202,11785,17822,11811'><\/script><\/p>\n","protected":false},"excerpt":{"rendered":"<p>Chocia\u017c w marcu pogoda jeszcze nie rozpieszcza, ju\u017c teraz warto pomy\u015ble\u0107 o wiosennym manicure. Czas na \u017cywe, pe\u0142ne optymizmu kolory i wzorki. Razem z Semilac przygotowali\u015bmy kilka propozycji na najmodniejszy manicure wiosenny.<\/p>\n","protected":false},"author":8,"featured_media":10745,"comment_status":"open","ping_status":"open","sticky":false,"template":"","format":"standard","meta":{"footnotes":""},"categories":[9421],"tags":[324],"yst_prominent_words":[5400,5401,5392,5391,5394,5395,5399,3695,5403,5397,1819,5379,1822,4281,5393,5402,5389,5396,5378,5377],"class_list":["post-10736","post","type-post","status-publish","format-standard","has-post-thumbnail","hentry","category-trendy","tag-semilac"],"_links":{"self":[{"href":"https:\/\/www.hairstore.pl\/blog\/wp-json\/wp\/v2\/posts\/10736","targetHints":{"allow":["GET"]}}],"collection":[{"href":"https:\/\/www.hairstore.pl\/blog\/wp-json\/wp\/v2\/posts"}],"about":[{"href":"https:\/\/www.hairstore.pl\/blog\/wp-json\/wp\/v2\/types\/post"}],"author":[{"embeddable":true,"href":"https:\/\/www.hairstore.pl\/blog\/wp-json\/wp\/v2\/users\/8"}],"replies":[{"embeddable":true,"href":"https:\/\/www.hairstore.pl\/blog\/wp-json\/wp\/v2\/comments?post=10736"}],"version-history":[{"count":11,"href":"https:\/\/www.hairstore.pl\/blog\/wp-json\/wp\/v2\/posts\/10736\/revisions"}],"predecessor-version":[{"id":15498,"href":"https:\/\/www.hairstore.pl\/blog\/wp-json\/wp\/v2\/posts\/10736\/revisions\/15498"}],"wp:featuredmedia":[{"embeddable":true,"href":"https:\/\/www.hairstore.pl\/blog\/wp-json\/wp\/v2\/media\/10745"}],"wp:attachment":[{"href":"https:\/\/www.hairstore.pl\/blog\/wp-json\/wp\/v2\/media?parent=10736"}],"wp:term":[{"taxonomy":"category","embeddable":true,"href":"https:\/\/www.hairstore.pl\/blog\/wp-json\/wp\/v2\/categories?post=10736"},{"taxonomy":"post_tag","embeddable":true,"href":"https:\/\/www.hairstore.pl\/blog\/wp-json\/wp\/v2\/tags?post=10736"},{"taxonomy":"yst_prominent_words","embeddable":true,"href":"https:\/\/www.hairstore.pl\/blog\/wp-json\/wp\/v2\/yst_prominent_words?post=10736"}],"curies":[{"name":"wp","href":"https:\/\/api.w.org\/{rel}","templated":true}]}}