{"id":10578,"date":"2019-03-01T10:41:36","date_gmt":"2019-03-01T09:41:36","guid":{"rendered":"https:\/\/www.hairstore.pl\/blog\/?p=10578"},"modified":"2020-09-30T18:44:03","modified_gmt":"2020-09-30T16:44:03","slug":"trendy-wiosna-2019-koloryzacja","status":"publish","type":"post","link":"https:\/\/www.hairstore.pl\/blog\/trendy-wiosna-2019-koloryzacja\/","title":{"rendered":"Jakie kolory w\u0142os\u00f3w b\u0119d\u0105 modne na wiosn\u0119 2019? Sprawdzamy trendy"},"content":{"rendered":"<p>Gdy zaczyna by\u0107 cieplej i ja\u015bniej na dworze, kiedy zrzucamy czapki i szaliki, nachodzi Nas ch\u0119\u0107 zmian. My ju\u017c teraz sprawdzili\u015bmy specjalnie dla Was, jakie kolory w\u0142os\u00f3w b\u0119d\u0105 modne na wiosn\u0119 2019. Zobacz, o jakich kolorach b\u0119dzie z pewno\u015bci\u0105 g\u0142o\u015bno w 2019 roku wed\u0142ug \u015bwiatowych stylist\u00f3w.<\/p>\n<p><!--more--><\/p>\n<p>Wiosna to czas zmian, przebudzenia, metamorfoz. Cz\u0119sto te metamorfozy dotycz\u0105 koloru w\u0142os\u00f3w. Nie nosimy ju\u017c czapek, nie jeste\u015bmy okutani szalikami, mo\u017cna wi\u0119c nieco poeksperymentowa\u0107 z w\u0142osami i fryzur\u0105. Prze\u015bledzili\u015bmy wypowiedzi znanych stylist\u00f3w na \u015bwiecie i zebrali\u015bmy dla Was w jednym miejscu kolory, kt\u00f3re b\u0119d\u0105 modne na wiosn\u0119 2019.<\/p>\n<ul class=\"article-menu article-menu-v2\">\n<li>kolory na wiosn\u0119 2019<\/li>\n<li>t\u0119czowe i pastelowe w\u0142osy<\/li>\n<li>modne blondy, br\u0105zy i czernie<\/li>\n<\/ul>\n<h2>T\u0119czowe w\u0142osy, czyli era jednoro\u017cca<\/h2>\n<p>W 2019 roku pastele nie b\u0119d\u0105 ju\u017c takie modne (chocia\u017c nie \u017cegnamy si\u0119 z nimi ostatecznie), ale za to triumf \u015bwi\u0119ci\u0107 maj\u0105 <strong>w\u0142osy t\u0119czowe<\/strong>, czyli <strong>unicorn hair<\/strong>. Takie bajkowe w\u0142osy &#8211; w wersji pastelowej albo bardziej wyrazistej &#8211; to pierwszy trend, na jaki powinni\u015bmy si\u0119 przygotowa\u0107 na wiosn\u0119 2019.<\/p>\n<figure id=\"attachment_10579\" aria-describedby=\"caption-attachment-10579\" style=\"width: 1024px\" class=\"wp-caption aligncenter\"><img decoding=\"async\" class=\"wp-image-10579 size-full\" src=\"https:\/\/www.hairstore.pl\/blog\/wp-content\/uploads\/2019\/02\/teczowe-wlosy.jpg\" alt=\"kolorowe w\u0142osy, t\u0119czowe w\u0142osy, unicorn hair\" width=\"1024\" height=\"478\" srcset=\"https:\/\/www.hairstore.pl\/blog\/wp-content\/uploads\/2019\/02\/teczowe-wlosy.jpg 800w, https:\/\/www.hairstore.pl\/blog\/wp-content\/uploads\/2019\/02\/teczowe-wlosy-300x140.jpg 300w, https:\/\/www.hairstore.pl\/blog\/wp-content\/uploads\/2019\/02\/teczowe-wlosy-768x359.jpg 768w, https:\/\/www.hairstore.pl\/blog\/wp-content\/uploads\/2019\/02\/teczowe-wlosy-1024x478.jpg 1024w, https:\/\/www.hairstore.pl\/blog\/wp-content\/uploads\/2019\/02\/teczowe-wlosy-845x395.jpg 845w\" sizes=\"(max-width: 1024px) 100vw, 1024px\" \/><figcaption id=\"caption-attachment-10579\" class=\"wp-caption-text\">\u0179r\u00f3d\u0142o: fashionjeet.com, popsugar.com, lovehairstyles.com<\/figcaption><\/figure>\n<p>Podobaj\u0105 Ci si\u0119 t\u0119czowe w\u0142osy? Mog\u0105 Ci\u0119 r\u00f3wnie\u017c zainteresowa\u0107 <a href=\"https:\/\/www.hairstore.pl\/blog\/kolorowe-wlosy-pomysly-na-fryzury\/\">pomys\u0142y na kolorowe w\u0142osy<\/a>.<\/p>\n<h2>Morelowe w\u0142osy, czyli apricot hair<\/h2>\n<p>Kolejnym trendem, o kt\u00f3rym m\u00f3wi\u0105 styli\u015bci na \u015bwiecie, s\u0105 <strong>w\u0142osy morelowe<\/strong>, czyli <strong>apricot hair<\/strong>. Takie morelowe, lekko pastelowe w\u0142osy doskonale roz\u015bwietl\u0105 wizerunek na wiosn\u0119.<\/p>\n<figure id=\"attachment_10580\" aria-describedby=\"caption-attachment-10580\" style=\"width: 1024px\" class=\"wp-caption aligncenter\"><img decoding=\"async\" class=\"wp-image-10580 size-full\" src=\"https:\/\/www.hairstore.pl\/blog\/wp-content\/uploads\/2019\/02\/brzoskwiniowe-wlosy-2019.jpg\" alt=\"brzoskwiniowe w\u0142osy, w\u0142osy brziskwiniowe\" width=\"1024\" height=\"478\" srcset=\"https:\/\/www.hairstore.pl\/blog\/wp-content\/uploads\/2019\/02\/brzoskwiniowe-wlosy-2019.jpg 800w, https:\/\/www.hairstore.pl\/blog\/wp-content\/uploads\/2019\/02\/brzoskwiniowe-wlosy-2019-300x140.jpg 300w, https:\/\/www.hairstore.pl\/blog\/wp-content\/uploads\/2019\/02\/brzoskwiniowe-wlosy-2019-768x359.jpg 768w, https:\/\/www.hairstore.pl\/blog\/wp-content\/uploads\/2019\/02\/brzoskwiniowe-wlosy-2019-1024x478.jpg 1024w, https:\/\/www.hairstore.pl\/blog\/wp-content\/uploads\/2019\/02\/brzoskwiniowe-wlosy-2019-845x395.jpg 845w\" sizes=\"(max-width: 1024px) 100vw, 1024px\" \/><figcaption id=\"caption-attachment-10580\" class=\"wp-caption-text\">\u0179r\u00f3d\u0142o: lushwigs.com, refinery29.com, shopstyle.com<\/figcaption><\/figure>\n<p>Co s\u0105dzicie o apricot hair? Powiem wam szczerze, \u017ce gdy szuka\u0142am dla Was nowinek ze \u015bwiata koloryzacji, to w\u0142a\u015bnie ten trend spodoba\u0142 mi si\u0119 najbardziej. Z jednej strony taka metamorfoza jest do\u015b\u0107 odwa\u017cna, ale z drugiej kolor jest subtelny i delikatny.<\/p>\n<p>Zawsze mo\u017cna poeksperymentowa\u0107 ze zmian\u0105 wizerunku na chwil\u0119. Taki chwilowy efekt mo\u017cna uzyska\u0107 za pomoc\u0105 <a href=\"https:\/\/www.hairstore.pl\/inebrya-kromask-maska-odswiezajaca-kolor-300ml-p1852.html\">masek koloryzuj\u0105cych<\/a>.<\/p>\n<p>Sprawd\u017a <a href=\"https:\/\/www.hairstore.pl\/blog\/maski-koloryzujace-ranking-top-3\/\">ranking masek koloryzuj\u0105cych<\/a>.<\/p>\n<h2>Icy blue hair, czyli trend, kt\u00f3ry lansuj\u0105 gwiazdy<\/h2>\n<p>Kolejnym ciekawym pomys\u0142em na od\u015bwie\u017cenie wizerunku na wiosn\u0119 2019 s\u0105 <strong>niebieskie w\u0142osy<\/strong>. Ale nie chodzi tutaj o taki zwyk\u0142y niebieski, o nie. Mowa o <strong>icy blue hair<\/strong>.<\/p>\n<p>W tym kolorze w\u0142os\u00f3w ju\u017c na pocz\u0105tku roku pojawi\u0142a si\u0119 <strong>Lady Gaga<\/strong> i wywo\u0142a\u0142a tym niema\u0142e poruszenie, co mogli\u015bmy ostatnio obserwowa\u0107 na gali Golden Globe Awards. Na podobn\u0105 metamorfoz\u0119 zdecydowa\u0142a si\u0119 r\u00f3wnie\u017c Kylie Jenner. W b\u0142\u0119kitno-lodowych w\u0142osach mogli\u015bmy te\u017c obserwowa\u0107 jaki\u015b czas temu Kim Kardashian.<\/p>\n<figure id=\"attachment_10591\" aria-describedby=\"caption-attachment-10591\" style=\"width: 1024px\" class=\"wp-caption aligncenter\"><img decoding=\"async\" class=\"size-full wp-image-10591\" src=\"https:\/\/www.hairstore.pl\/blog\/wp-content\/uploads\/2019\/03\/niebieskie-wlosy-trend-2019.jpg\" alt=\"niebieskie w\u0142osy, icy blue, w\u0142osy lady gaga, w\u0142osy kylie jenner, w\u0142osy kim kardashian, kim kardashian niebieskie w\u0142osy, lady gaga niebieskie w\u0142osy\" width=\"1024\" height=\"478\" srcset=\"https:\/\/www.hairstore.pl\/blog\/wp-content\/uploads\/2019\/03\/niebieskie-wlosy-trend-2019.jpg 800w, https:\/\/www.hairstore.pl\/blog\/wp-content\/uploads\/2019\/03\/niebieskie-wlosy-trend-2019-300x140.jpg 300w, https:\/\/www.hairstore.pl\/blog\/wp-content\/uploads\/2019\/03\/niebieskie-wlosy-trend-2019-768x359.jpg 768w, https:\/\/www.hairstore.pl\/blog\/wp-content\/uploads\/2019\/03\/niebieskie-wlosy-trend-2019-1024x478.jpg 1024w, https:\/\/www.hairstore.pl\/blog\/wp-content\/uploads\/2019\/03\/niebieskie-wlosy-trend-2019-845x395.jpg 845w\" sizes=\"(max-width: 1024px) 100vw, 1024px\" \/><figcaption id=\"caption-attachment-10591\" class=\"wp-caption-text\">\u0179r\u00f3d\u0142o: thecut.com, retroworldnews.com, hercampus.com<\/figcaption><\/figure>\n<p>\u015awiatowi styli\u015bci s\u0105 raczej zgodni, \u017ce ten kolor to trend, kt\u00f3ry <strong>b\u0119dzie modny tak\u017ce na wiosn\u0119 2019<\/strong>. Icy blue hair pretenduje to najbardziej gor\u0105cych (cho\u0107 lodowych) kolor\u00f3w wiosny 2019. Warto obserwowa\u0107, co dalej b\u0119dzie si\u0119 dzia\u0142o z tym trendem. Niew\u0105tpliwie zima 2019 up\u0142yn\u0119\u0142a w\u0142a\u015bnie pod znakiem icy blue hair.<\/p>\n<h2>Rose gold powraca z wielkim przytupem<\/h2>\n<p>Wiosna ju\u017c nied\u0142ugo, a wraz z ciep\u0142ymi miesi\u0105cami, zielon\u0105 traw\u0105, motylkami i s\u0142onecznymi dniami przyjdzie&#8230; po raz kolejny moda na kolor <strong>rose gold<\/strong>. R\u00f3\u017cowo-z\u0142ote w\u0142osy b\u0119d\u0105 i w tym roku modne. Za spraw\u0105 influencerek sw\u00f3j triumf <strong>rose gold<\/strong> \u015bwi\u0119ci\u0142 ju\u017c w poprzednim roku, ale wszystko wskazuje na to, \u017ce ta moda jednak nie przeminie.<\/p>\n<p>I bardzo dobrze, bo na wiosn\u0119 taka koloryzacja jest jak znalaz\u0142.<\/p>\n<figure id=\"attachment_10582\" aria-describedby=\"caption-attachment-10582\" style=\"width: 1024px\" class=\"wp-caption aligncenter\"><img decoding=\"async\" class=\"wp-image-10582 size-full\" src=\"https:\/\/www.hairstore.pl\/blog\/wp-content\/uploads\/2019\/02\/rose-gold-2019.jpg\" alt=\"rose gold, z\u0142oty r\u00f3\u017c, r\u00f3\u017cowe w\u0142osy, z\u0142ote wlosy\" width=\"1024\" height=\"478\" srcset=\"https:\/\/www.hairstore.pl\/blog\/wp-content\/uploads\/2019\/02\/rose-gold-2019.jpg 800w, https:\/\/www.hairstore.pl\/blog\/wp-content\/uploads\/2019\/02\/rose-gold-2019-300x140.jpg 300w, https:\/\/www.hairstore.pl\/blog\/wp-content\/uploads\/2019\/02\/rose-gold-2019-768x359.jpg 768w, https:\/\/www.hairstore.pl\/blog\/wp-content\/uploads\/2019\/02\/rose-gold-2019-1024x478.jpg 1024w, https:\/\/www.hairstore.pl\/blog\/wp-content\/uploads\/2019\/02\/rose-gold-2019-845x395.jpg 845w\" sizes=\"(max-width: 1024px) 100vw, 1024px\" \/><figcaption id=\"caption-attachment-10582\" class=\"wp-caption-text\">\u0179r\u00f3d\u0142o: society19.com, elivyahair.com, thecuddl.com<\/figcaption><\/figure>\n<h2>Czer\u0144 i blond, czyli kolory ponadczasowe w nowych ods\u0142onach<\/h2>\n<p>Jak zawsze, tak i <strong>na wiosn\u0119 2019<\/strong> pojawi\u0105 si\u0119 ciekawe kolory w\u0142os\u00f3w, kt\u00f3re z naturalnymi odcieniami nie b\u0119d\u0105 mia\u0142y zbyt wiele wsp\u00f3lnego.<\/p>\n<p>Wielu stylist\u00f3w jednak uwa\u017ca, \u017ce rok 2019 b\u0119dzie wielkim powrotem do naturalnych ton\u00f3w i odcieni. Znowu modne stan\u0105 si\u0119 te\u017c czernie i blondy.<\/p>\n<p>Je\u017celi czer\u0144, to na wiosn\u0119 2019 tylko <strong>inky black<\/strong>, czyli g\u0142\u0119boka czer\u0144 z przebijaj\u0105cymi si\u0119 niebieskimi refleksami. Inky black hair to jakby w\u0142osy malowane tuszem. To doskona\u0142a propozycja szczeg\u00f3lnie dla posiadaczek kr\u00f3tszych w\u0142os\u00f3w, \u015bci\u0119tych w boba albo loba.<\/p>\n<figure id=\"attachment_10583\" aria-describedby=\"caption-attachment-10583\" style=\"width: 1024px\" class=\"wp-caption aligncenter\"><img decoding=\"async\" class=\"wp-image-10583 size-full\" src=\"https:\/\/www.hairstore.pl\/blog\/wp-content\/uploads\/2019\/02\/inky-black-hairtrend-2019.jpg\" alt=\"inky black, niebieska czer\u0144, czarne w\u0142osy\" width=\"1024\" height=\"478\" srcset=\"https:\/\/www.hairstore.pl\/blog\/wp-content\/uploads\/2019\/02\/inky-black-hairtrend-2019.jpg 800w, https:\/\/www.hairstore.pl\/blog\/wp-content\/uploads\/2019\/02\/inky-black-hairtrend-2019-300x140.jpg 300w, https:\/\/www.hairstore.pl\/blog\/wp-content\/uploads\/2019\/02\/inky-black-hairtrend-2019-768x359.jpg 768w, https:\/\/www.hairstore.pl\/blog\/wp-content\/uploads\/2019\/02\/inky-black-hairtrend-2019-1024x478.jpg 1024w, https:\/\/www.hairstore.pl\/blog\/wp-content\/uploads\/2019\/02\/inky-black-hairtrend-2019-845x395.jpg 845w\" sizes=\"(max-width: 1024px) 100vw, 1024px\" \/><figcaption id=\"caption-attachment-10583\" class=\"wp-caption-text\">\u0179r\u00f3d\u0142o: brit.co, therighthairstyles.com, glamour.com<\/figcaption><\/figure>\n<p>Kolejny pomys\u0142 na czarne w\u0142osy to<strong> eggplant hair<\/strong>, czyli w\u0142osy w kolorze bak\u0142a\u017cana. W\u0142osy inspirowane tym smacznym warzywem s\u0105 pe\u0142ne g\u0142\u0119bi i do\u015b\u0107 dostojne. To rozwi\u0105zanie nie tylko dla tych nieco bardziej szalonych kobiet, ale tak\u017ce dla takich, kt\u00f3re ceni\u0105 sobie elegancj\u0119.<\/p>\n<figure id=\"attachment_10584\" aria-describedby=\"caption-attachment-10584\" style=\"width: 1024px\" class=\"wp-caption aligncenter\"><img decoding=\"async\" class=\"wp-image-10584 size-full\" src=\"https:\/\/www.hairstore.pl\/blog\/wp-content\/uploads\/2019\/02\/eggplant-2019.jpg\" alt=\"eggplant, fioletowe w\u0142osy\" width=\"1024\" height=\"478\" srcset=\"https:\/\/www.hairstore.pl\/blog\/wp-content\/uploads\/2019\/02\/eggplant-2019.jpg 800w, https:\/\/www.hairstore.pl\/blog\/wp-content\/uploads\/2019\/02\/eggplant-2019-300x140.jpg 300w, https:\/\/www.hairstore.pl\/blog\/wp-content\/uploads\/2019\/02\/eggplant-2019-768x359.jpg 768w, https:\/\/www.hairstore.pl\/blog\/wp-content\/uploads\/2019\/02\/eggplant-2019-1024x478.jpg 1024w, https:\/\/www.hairstore.pl\/blog\/wp-content\/uploads\/2019\/02\/eggplant-2019-845x395.jpg 845w\" sizes=\"(max-width: 1024px) 100vw, 1024px\" \/><figcaption id=\"caption-attachment-10584\" class=\"wp-caption-text\">\u0179r\u00f3d\u0142o: glambistro.com, hairstylestips.club, thestyles.co<\/figcaption><\/figure>\n<p>Wiosn\u0105 2019 nie zabraknie tak\u017ce blond\u00f3w. Ale tym razem na ulicach kr\u00f3lowa\u0107 b\u0119d\u0105 <strong>kremowe blondy<\/strong>.<\/p>\n<p>Kremowy blond jest \u015bwietlisty, a zarazem delikatnie ciep\u0142y. Mi kojarzy si\u0119 ten kolor z kremem na muffince.<\/p>\n<p><img decoding=\"async\" class=\"aligncenter size-full wp-image-10585\" src=\"https:\/\/www.hairstore.pl\/blog\/wp-content\/uploads\/2019\/02\/kremowy-blond-2019.jpg\" alt=\"creamy blond, kremowy blond\" width=\"1024\" height=\"478\" srcset=\"https:\/\/www.hairstore.pl\/blog\/wp-content\/uploads\/2019\/02\/kremowy-blond-2019.jpg 800w, https:\/\/www.hairstore.pl\/blog\/wp-content\/uploads\/2019\/02\/kremowy-blond-2019-300x140.jpg 300w, https:\/\/www.hairstore.pl\/blog\/wp-content\/uploads\/2019\/02\/kremowy-blond-2019-768x359.jpg 768w, https:\/\/www.hairstore.pl\/blog\/wp-content\/uploads\/2019\/02\/kremowy-blond-2019-1024x478.jpg 1024w, https:\/\/www.hairstore.pl\/blog\/wp-content\/uploads\/2019\/02\/kremowy-blond-2019-845x395.jpg 845w\" sizes=\"(max-width: 1024px) 100vw, 1024px\" \/><\/p>\n<p>Gdy tylko ptaki zaczn\u0105 \u015bpiewa\u0107, a wiosenny wiaterek muska\u0107 nasze fryzury, na ulicach pojawi si\u0119 jeszcze jeden odcie\u0144 blondu. Przygotujcie si\u0119 na <strong>truskawkowo-miodowy blond<\/strong>. Co s\u0105dzicie o strawberry honey blonde? Ten kolor ma wiele odcieni, jedne bardziej zbli\u017cone do naturalnego, inne bli\u017csze r\u00f3\u017cowemu kolorowi.<\/p>\n<figure id=\"attachment_10596\" aria-describedby=\"caption-attachment-10596\" style=\"width: 1024px\" class=\"wp-caption aligncenter\"><img decoding=\"async\" class=\"size-full wp-image-10596\" src=\"https:\/\/www.hairstore.pl\/blog\/wp-content\/uploads\/2019\/03\/truskawkowo-miodowy-blond-2019.jpg\" alt=\"miodowe w\u0142osy, truskawkowe w\u0142osy, miodowo-truskawkowy blond, strawberry blonde, strawberry honey blonde\" width=\"1024\" height=\"478\" srcset=\"https:\/\/www.hairstore.pl\/blog\/wp-content\/uploads\/2019\/03\/truskawkowo-miodowy-blond-2019.jpg 800w, https:\/\/www.hairstore.pl\/blog\/wp-content\/uploads\/2019\/03\/truskawkowo-miodowy-blond-2019-300x140.jpg 300w, https:\/\/www.hairstore.pl\/blog\/wp-content\/uploads\/2019\/03\/truskawkowo-miodowy-blond-2019-768x359.jpg 768w, https:\/\/www.hairstore.pl\/blog\/wp-content\/uploads\/2019\/03\/truskawkowo-miodowy-blond-2019-1024x478.jpg 1024w, https:\/\/www.hairstore.pl\/blog\/wp-content\/uploads\/2019\/03\/truskawkowo-miodowy-blond-2019-845x395.jpg 845w\" sizes=\"(max-width: 1024px) 100vw, 1024px\" \/><figcaption id=\"caption-attachment-10596\" class=\"wp-caption-text\">\u0179r\u00f3d\u0142o: neufrisurenstile.com, lovehairstyles.com, cosmopolitan.com<\/figcaption><\/figure>\n<h2>Br\u0105zy nie s\u0105 nudne, br\u0105zy s\u0105 trendy!<\/h2>\n<p>Tak jak pisa\u0142am wy\u017cej, wiosn\u0105 2019 koloru modne b\u0119d\u0105 kolory zbli\u017cone do naturalnych. Obok Pa\u0144 z fantazyjnymi t\u0119czowymi czy morelowymi w\u0142osami b\u0119d\u0105 spacerowa\u0107 blondynki i szatynki.<\/p>\n<p>Styli\u015bci zapowiadaj\u0105, \u017ce 2019 rok to wielki <strong>powr\u00f3t br\u0105z\u00f3w w ciep\u0142ych odcieniach<\/strong>. Jako kolor wiosny 2019 podaj\u0105 <strong>cognac browns<\/strong>, czyli br\u0105zy inspirowane popularnym alkoholem.<\/p>\n<figure id=\"attachment_10586\" aria-describedby=\"caption-attachment-10586\" style=\"width: 1024px\" class=\"wp-caption aligncenter\"><img decoding=\"async\" class=\"wp-image-10586 size-full\" src=\"https:\/\/www.hairstore.pl\/blog\/wp-content\/uploads\/2019\/02\/cognac-brown-hair.jpg\" alt=\"br\u0105zowe w\u0142osy, br\u0105zowe odcienie\" width=\"1024\" height=\"478\" srcset=\"https:\/\/www.hairstore.pl\/blog\/wp-content\/uploads\/2019\/02\/cognac-brown-hair.jpg 800w, https:\/\/www.hairstore.pl\/blog\/wp-content\/uploads\/2019\/02\/cognac-brown-hair-300x140.jpg 300w, https:\/\/www.hairstore.pl\/blog\/wp-content\/uploads\/2019\/02\/cognac-brown-hair-768x359.jpg 768w, https:\/\/www.hairstore.pl\/blog\/wp-content\/uploads\/2019\/02\/cognac-brown-hair-1024x478.jpg 1024w, https:\/\/www.hairstore.pl\/blog\/wp-content\/uploads\/2019\/02\/cognac-brown-hair-845x395.jpg 845w\" sizes=\"(max-width: 1024px) 100vw, 1024px\" \/><figcaption id=\"caption-attachment-10586\" class=\"wp-caption-text\">\u0179r\u00f3d\u0142o: prettydesigns.com, thelist.com, marieclaire.com<\/figcaption><\/figure>\n<p>Bardzo popularne wiosn\u0105 2019 b\u0119d\u0105 r\u00f3wnie\u017c <strong>br\u0105zy inspirowane r\u00f3\u017cnymi rodzajami kawy<\/strong>. Ju\u017c w 2018 roku pisali\u015bmy o <a href=\"https:\/\/www.hairstore.pl\/blog\/cold-brew-czy-kokosowe-wlosy\/\">cold brew<\/a>\u00a0 i <a href=\"https:\/\/www.hairstore.pl\/blog\/blonde-roast-hair-trendy-2018\/\">blonde roast<\/a>.<\/p>\n<p><img decoding=\"async\" class=\"aligncenter size-full wp-image-10587\" src=\"https:\/\/www.hairstore.pl\/blog\/wp-content\/uploads\/2019\/02\/kawowe-wlosy-2019.jpg\" alt=\"kawowe w\u0142osy, cold brew hair, kolory 2019\" width=\"1024\" height=\"478\" srcset=\"https:\/\/www.hairstore.pl\/blog\/wp-content\/uploads\/2019\/02\/kawowe-wlosy-2019.jpg 800w, https:\/\/www.hairstore.pl\/blog\/wp-content\/uploads\/2019\/02\/kawowe-wlosy-2019-300x140.jpg 300w, https:\/\/www.hairstore.pl\/blog\/wp-content\/uploads\/2019\/02\/kawowe-wlosy-2019-768x359.jpg 768w, https:\/\/www.hairstore.pl\/blog\/wp-content\/uploads\/2019\/02\/kawowe-wlosy-2019-1024x478.jpg 1024w, https:\/\/www.hairstore.pl\/blog\/wp-content\/uploads\/2019\/02\/kawowe-wlosy-2019-845x395.jpg 845w\" sizes=\"(max-width: 1024px) 100vw, 1024px\" \/><\/p>\n<p>Mo\u017cecie si\u0119 tak\u017ce przygotowa\u0107, \u017ce wiosn\u0105 2019 modny b\u0119dzie <strong>kasztanowy br\u0105z<\/strong>. Generalnie ciep\u0142e br\u0105zy i og\u00f3lnie ciep\u0142e kolory b\u0119d\u0105 triumfowa\u0107 w 2019 roku.<\/p>\n<figure id=\"attachment_10593\" aria-describedby=\"caption-attachment-10593\" style=\"width: 1024px\" class=\"wp-caption aligncenter\"><img decoding=\"async\" class=\"size-full wp-image-10593\" src=\"https:\/\/www.hairstore.pl\/blog\/wp-content\/uploads\/2019\/03\/kasztanowy-braz-trendy-2019.jpg\" alt=\"kasztanowe w\u0142osy, chestnuthair, w\u0142osy br\u0105zowe, w\u0142osy miedziane, trendy w koloryzacji 2019\" width=\"1024\" height=\"476\" srcset=\"https:\/\/www.hairstore.pl\/blog\/wp-content\/uploads\/2019\/03\/kasztanowy-braz-trendy-2019.jpg 800w, https:\/\/www.hairstore.pl\/blog\/wp-content\/uploads\/2019\/03\/kasztanowy-braz-trendy-2019-300x139.jpg 300w, https:\/\/www.hairstore.pl\/blog\/wp-content\/uploads\/2019\/03\/kasztanowy-braz-trendy-2019-768x357.jpg 768w, https:\/\/www.hairstore.pl\/blog\/wp-content\/uploads\/2019\/03\/kasztanowy-braz-trendy-2019-1024x476.jpg 1024w\" sizes=\"(max-width: 1024px) 100vw, 1024px\" \/><figcaption id=\"caption-attachment-10593\" class=\"wp-caption-text\">\u0179r\u00f3d\u0142o: lovehairstyles.com, zachiska.com, risurentrends.com<\/figcaption><\/figure>\n<h2>Powr\u00f3t do lat 90.<\/h2>\n<p>S\u0105 te\u017c styli\u015bci, kt\u00f3rzy wieszcz\u0105, \u017ce wiosna 2019 to <strong>wielki powr\u00f3t do lat 90. XX wieku<\/strong>. A jakie fryzury by\u0142y wtedy modne?<\/p>\n<p>Oczywi\u015bcie wszystkie dziewczyny chcia\u0142y wygl\u0105da\u0107 jak <strong>Spice Girls<\/strong>. Farbowa\u0142y\u015bmy si\u0119 na ognist\u0105 czerwie\u0144 jak Geri Haliwell, bardzo jasny blond jak Emma Bunton czy g\u0142\u0119bok\u0105 czer\u0144 jak Victoria Beckham.<\/p>\n<p>No wi\u0119c kiedy\u015b wygl\u0105da\u0142o to tak:<\/p>\n<figure id=\"attachment_10592\" aria-describedby=\"caption-attachment-10592\" style=\"width: 1024px\" class=\"wp-caption aligncenter\"><img decoding=\"async\" class=\"wp-image-10592 size-full\" src=\"https:\/\/www.hairstore.pl\/blog\/wp-content\/uploads\/2019\/03\/spice-girls-fryzury.jpg\" alt=\"spice girls fryzury, dziewczyny ze spice girls, \" width=\"1024\" height=\"476\" srcset=\"https:\/\/www.hairstore.pl\/blog\/wp-content\/uploads\/2019\/03\/spice-girls-fryzury.jpg 800w, https:\/\/www.hairstore.pl\/blog\/wp-content\/uploads\/2019\/03\/spice-girls-fryzury-300x139.jpg 300w, https:\/\/www.hairstore.pl\/blog\/wp-content\/uploads\/2019\/03\/spice-girls-fryzury-768x357.jpg 768w, https:\/\/www.hairstore.pl\/blog\/wp-content\/uploads\/2019\/03\/spice-girls-fryzury-1024x476.jpg 1024w\" sizes=\"(max-width: 1024px) 100vw, 1024px\" \/><figcaption id=\"caption-attachment-10592\" class=\"wp-caption-text\">\u0179r\u00f3d\u0142o: r29.com, whowhatwear.co.uk, americandeadstock.com<\/figcaption><\/figure>\n<p>A w 2019 roku b\u0119dzie to wygl\u0105da\u0142o tak:<\/p>\n<figure id=\"attachment_10589\" aria-describedby=\"caption-attachment-10589\" style=\"width: 1024px\" class=\"wp-caption aligncenter\"><img decoding=\"async\" class=\"wp-image-10589 size-full\" src=\"https:\/\/www.hairstore.pl\/blog\/wp-content\/uploads\/2019\/02\/trendy-2019.jpg\" alt=\"trendy w koloryzacji 2019\" width=\"1024\" height=\"478\" srcset=\"https:\/\/www.hairstore.pl\/blog\/wp-content\/uploads\/2019\/02\/trendy-2019.jpg 800w, https:\/\/www.hairstore.pl\/blog\/wp-content\/uploads\/2019\/02\/trendy-2019-300x140.jpg 300w, https:\/\/www.hairstore.pl\/blog\/wp-content\/uploads\/2019\/02\/trendy-2019-768x359.jpg 768w, https:\/\/www.hairstore.pl\/blog\/wp-content\/uploads\/2019\/02\/trendy-2019-1024x478.jpg 1024w, https:\/\/www.hairstore.pl\/blog\/wp-content\/uploads\/2019\/02\/trendy-2019-845x395.jpg 845w\" sizes=\"(max-width: 1024px) 100vw, 1024px\" \/><figcaption id=\"caption-attachment-10589\" class=\"wp-caption-text\">\u0179r\u00f3d\u0142o: dailymail.co.uk, therighthairstyles.com, shopbeo.com<\/figcaption><\/figure>\n<p>Przygotujmy si\u0119 wi\u0119c na <strong>klasyczne czernie<\/strong> (sprawd\u017a <a href=\"https:\/\/www.hairstore.pl\/blog\/najlepsza-czarna-farba-do-wlosow-2019\/\">najlepsz\u0105 czarn\u0105 farb\u0119 do w\u0142os\u00f3w<\/a>), jasne (nawet platynowe) <strong>blondy<\/strong> i <strong>czerwienie<\/strong> z odcieniami rudo\u015bci.<\/p>\n<p>Kt\u00f3ry <strong>trend na wiosn\u0119 2019<\/strong> w koloryzacji w\u0142os\u00f3w podoba Wam si\u0119 najbardziej? Planujecie jak\u0105\u015b powa\u017cniejsz\u0105 zmian\u0119 koloru na wiosn\u0119?<\/p>\n","protected":false},"excerpt":{"rendered":"<p>Gdy zaczyna by\u0107 cieplej i ja\u015bniej na dworze, kiedy zrzucamy czapki i szaliki, nachodzi Nas ch\u0119\u0107 zmian. My ju\u017c teraz sprawdzili\u015bmy specjalnie dla Was, jakie kolory w\u0142os\u00f3w b\u0119d\u0105 modne na wiosn\u0119 2019. Zobacz, o jakich kolorach b\u0119dzie z pewno\u015bci\u0105 g\u0142o\u015bno w 2019 roku wed\u0142ug \u015bwiatowych stylist\u00f3w.<\/p>\n","protected":false},"author":8,"featured_media":10599,"comment_status":"open","ping_status":"open","sticky":false,"template":"","format":"standard","meta":{"footnotes":""},"categories":[9421],"tags":[316,653,5083],"yst_prominent_words":[3683,5056,5081,5079,5064,705,5063,5062,3692,5082,5080,2685,5075,5077,5068,5072,5055,5061,717,737],"class_list":["post-10578","post","type-post","status-publish","format-standard","has-post-thumbnail","hentry","category-trendy","tag-blond","tag-brazowe-wlosy","tag-pastelowe-wlosy"],"_links":{"self":[{"href":"https:\/\/www.hairstore.pl\/blog\/wp-json\/wp\/v2\/posts\/10578","targetHints":{"allow":["GET"]}}],"collection":[{"href":"https:\/\/www.hairstore.pl\/blog\/wp-json\/wp\/v2\/posts"}],"about":[{"href":"https:\/\/www.hairstore.pl\/blog\/wp-json\/wp\/v2\/types\/post"}],"author":[{"embeddable":true,"href":"https:\/\/www.hairstore.pl\/blog\/wp-json\/wp\/v2\/users\/8"}],"replies":[{"embeddable":true,"href":"https:\/\/www.hairstore.pl\/blog\/wp-json\/wp\/v2\/comments?post=10578"}],"version-history":[{"count":4,"href":"https:\/\/www.hairstore.pl\/blog\/wp-json\/wp\/v2\/posts\/10578\/revisions"}],"predecessor-version":[{"id":10600,"href":"https:\/\/www.hairstore.pl\/blog\/wp-json\/wp\/v2\/posts\/10578\/revisions\/10600"}],"wp:featuredmedia":[{"embeddable":true,"href":"https:\/\/www.hairstore.pl\/blog\/wp-json\/wp\/v2\/media\/10599"}],"wp:attachment":[{"href":"https:\/\/www.hairstore.pl\/blog\/wp-json\/wp\/v2\/media?parent=10578"}],"wp:term":[{"taxonomy":"category","embeddable":true,"href":"https:\/\/www.hairstore.pl\/blog\/wp-json\/wp\/v2\/categories?post=10578"},{"taxonomy":"post_tag","embeddable":true,"href":"https:\/\/www.hairstore.pl\/blog\/wp-json\/wp\/v2\/tags?post=10578"},{"taxonomy":"yst_prominent_words","embeddable":true,"href":"https:\/\/www.hairstore.pl\/blog\/wp-json\/wp\/v2\/yst_prominent_words?post=10578"}],"curies":[{"name":"wp","href":"https:\/\/api.w.org\/{rel}","templated":true}]}}