{"id":10173,"date":"2019-02-01T15:36:05","date_gmt":"2019-02-01T14:36:05","guid":{"rendered":"https:\/\/www.hairstore.pl\/blog\/?p=10173"},"modified":"2020-09-30T18:44:04","modified_gmt":"2020-09-30T16:44:04","slug":"grzywka-baby-bangs-hit-2019","status":"publish","type":"post","link":"https:\/\/www.hairstore.pl\/blog\/grzywka-baby-bangs-hit-2019\/","title":{"rendered":"Baby bangs, czyli najmodniejsza grzywka w 2019 roku"},"content":{"rendered":"<p>Trzeba to powiedzie\u0107 wprost, grzywka jest wiecznie modna. Jest ponadczasowa niczym czerwona szminka i &#8222;ma\u0142a czarna&#8221; sukienka. A w dodatku w 2019 roku zachywca now\u0105 ods\u0142on\u0105!<\/p>\n<p><!--more--><\/p>\n<p>Kiedy <strong>Kaia Gerber<\/strong> (c\u00f3rka s\u0142ynnej modelki Cindy Crawford) pokaza\u0142a si\u0119 na paryskim pokazie Miu Miu w grzywce typu <strong>baby bangs<\/strong> \u015bwiat mody i nie tylko wr\u0119cz oszala\u0142!<\/p>\n<p><strong>Najmodniejsza grzywka w 2019<\/strong> jest bardzo kr\u00f3ciutko obci\u0119ta i jest wr\u0119cz w nonszalanckim chaosie. Pasuje praktycznie do ka\u017cdej d\u0142ugo\u015bci w\u0142os\u00f3w, tak\u017ce do kr\u0119conych. Poprzez swoje nieidealne u\u0142o\u017cenie jest do\u015b\u0107 \u0142atwa w stylizacji, poniewa\u017c tak naprawd\u0119 za bardzo nic nie trzeba z ni\u0105 robi\u0107.<\/p>\n<figure id=\"attachment_10174\" aria-describedby=\"caption-attachment-10174\" style=\"width: 1200px\" class=\"wp-caption aligncenter\"><img decoding=\"async\" class=\"size-full wp-image-10174\" src=\"https:\/\/www.hairstore.pl\/blog\/wp-content\/uploads\/2019\/02\/babybangs-Kaia-Gerber.jpg\" alt=\"najmodniejsza grzywka w 2019 roku \" width=\"1200\" height=\"675\" srcset=\"https:\/\/www.hairstore.pl\/blog\/wp-content\/uploads\/2019\/02\/babybangs-Kaia-Gerber.jpg 800w, https:\/\/www.hairstore.pl\/blog\/wp-content\/uploads\/2019\/02\/babybangs-Kaia-Gerber-300x169.jpg 300w, https:\/\/www.hairstore.pl\/blog\/wp-content\/uploads\/2019\/02\/babybangs-Kaia-Gerber-768x432.jpg 768w, https:\/\/www.hairstore.pl\/blog\/wp-content\/uploads\/2019\/02\/babybangs-Kaia-Gerber-1024x576.jpg 1024w\" sizes=\"(max-width: 1200px) 100vw, 1200px\" \/><figcaption id=\"caption-attachment-10174\" class=\"wp-caption-text\">\u0179r\u00f3d\u0142o: harpersbazaar.com<\/figcaption><\/figure>\n<h2>Komu pasuje grzywka baby bangs?<\/h2>\n<p>Najlepiej w takim ci\u0119ciu b\u0119d\u0105 prezentowa\u0107 si\u0119 panie o<strong> owalnym kszta\u0142cie twarzy<\/strong>. Raczej odradzam dziewczynom z mocno pod\u0142u\u017cn\u0105 twarz\u0105, poniewa\u017c baby bangs wyostrzy mocno rysy i sprawi, \u017ce twarz b\u0119dzie jeszcze d\u0142u\u017csza.<\/p>\n<ul>\n<li>Masz w\u0105tpliwo\u015b\u0107 przed \u015bci\u0119ciem grzywki? Sprawd\u017a <a href=\"https:\/\/www.hairstore.pl\/blog\/jak-dobrac-grzywke-do-ksztaltu-twarzy\/\"><strong>komu pasuje grzywka<\/strong><\/a>?<\/li>\n<\/ul>\n<h2>Grzywka baby bangs na kr\u0119conych w\u0142osach<\/h2>\n<p>Ten rodzaj grzywki jest wprost stworzony dla w\u0142os\u00f3w kr\u0119conych! Nie do\u015b\u0107, \u017ce wygl\u0105da uroczo, to jeszcze \u0142atwo\u015b\u0107 stylizacji przejdzie Twoje naj\u015bmiesze oczekiwania. Wiele Pa\u0144 z kr\u0119conymi w\u0142osami marzy o grzywce, ale nie \u015bcina jej w obawie przed niemo\u017cno\u015bci\u0105 p\u00f3\u017aniejszego zapanowania nad ni\u0105. A przecie\u017c wystarczy j\u0105 po prostu \u015bci\u0105\u0107 kr\u00f3cej!<\/p>\n<figure id=\"attachment_10175\" aria-describedby=\"caption-attachment-10175\" style=\"width: 1200px\" class=\"wp-caption aligncenter\"><img decoding=\"async\" class=\"size-full wp-image-10175\" src=\"https:\/\/www.hairstore.pl\/blog\/wp-content\/uploads\/2019\/02\/babybangs-krecone-wlosy.jpg\" alt=\"kr\u0119cone w\u0142osy z grzywk\u0105\" width=\"1200\" height=\"675\" srcset=\"https:\/\/www.hairstore.pl\/blog\/wp-content\/uploads\/2019\/02\/babybangs-krecone-wlosy.jpg 800w, https:\/\/www.hairstore.pl\/blog\/wp-content\/uploads\/2019\/02\/babybangs-krecone-wlosy-300x169.jpg 300w, https:\/\/www.hairstore.pl\/blog\/wp-content\/uploads\/2019\/02\/babybangs-krecone-wlosy-768x432.jpg 768w, https:\/\/www.hairstore.pl\/blog\/wp-content\/uploads\/2019\/02\/babybangs-krecone-wlosy-1024x576.jpg 1024w\" sizes=\"(max-width: 1200px) 100vw, 1200px\" \/><figcaption id=\"caption-attachment-10175\" class=\"wp-caption-text\">\u0179r\u00f3d\u0142a: southernliving.com, stylebistro.com i theundercut.com<\/figcaption><\/figure>\n<h2>Grzywka baby bangs cieniowana<\/h2>\n<p>Je\u015bli obawiasz si\u0119, \u017ce ci\u0119cie od linijki nie b\u0119dzie dla Ciebie, to mo\u017cesz wybra\u0107 t\u0119 grzywk\u0119 w wersji cieniowanej. Ca\u0142o\u015b\u0107 nabierze lekkiego wyrazu oraz doda twarzy subtelno\u015bci. Ten typ grzywki jest r\u00f3wnie\u017c dobry dla os\u00f3b z cienkimi w\u0142osami, kt\u00f3re po obci\u0119ciu regularnej grzywki, mia\u0142yby jeszcze mniej pasm.<\/p>\n<figure id=\"attachment_10176\" aria-describedby=\"caption-attachment-10176\" style=\"width: 1200px\" class=\"wp-caption aligncenter\"><img decoding=\"async\" class=\"size-full wp-image-10176\" src=\"https:\/\/www.hairstore.pl\/blog\/wp-content\/uploads\/2019\/02\/grzywka-babybang-cieniowana.jpg\" alt=\"cieniowana grzywka baby bang\" width=\"1200\" height=\"675\" srcset=\"https:\/\/www.hairstore.pl\/blog\/wp-content\/uploads\/2019\/02\/grzywka-babybang-cieniowana.jpg 800w, https:\/\/www.hairstore.pl\/blog\/wp-content\/uploads\/2019\/02\/grzywka-babybang-cieniowana-300x169.jpg 300w, https:\/\/www.hairstore.pl\/blog\/wp-content\/uploads\/2019\/02\/grzywka-babybang-cieniowana-768x432.jpg 768w, https:\/\/www.hairstore.pl\/blog\/wp-content\/uploads\/2019\/02\/grzywka-babybang-cieniowana-1024x576.jpg 1024w\" sizes=\"(max-width: 1200px) 100vw, 1200px\" \/><figcaption id=\"caption-attachment-10176\" class=\"wp-caption-text\">\u0179r\u00f3d\u0142o: therighthairstyles.com, zimbio.com i realsimple.com<\/figcaption><\/figure>\n<h2>Bardzo kr\u00f3tkie fryzury z grzywka baby bangs<\/h2>\n<p>Bardzo kr\u00f3tkie w\u0142osy z grzywk\u0105 baby bangs r\u00f3wnie\u017c prezentuj\u0105 si\u0119 znakomicie. Ci\u0119cie nabiera charaketru. W dodatku poprzez u\u0142o\u017cenie grzywki mo\u017cesz zakomicie sterowa\u0107 efektem. Od Ciebie zale\u017cy, czy b\u0119dzie on delikatny, czy bardziej drapie\u017cny.<\/p>\n<figure id=\"attachment_10178\" aria-describedby=\"caption-attachment-10178\" style=\"width: 1200px\" class=\"wp-caption aligncenter\"><img decoding=\"async\" class=\"size-full wp-image-10178\" src=\"https:\/\/www.hairstore.pl\/blog\/wp-content\/uploads\/2019\/02\/baby-bangs-krotkie-wlosy.jpg\" alt=\"bardzo kr\u00f3tkie w\u0142osy z grzywk\u0105\" width=\"1200\" height=\"675\" srcset=\"https:\/\/www.hairstore.pl\/blog\/wp-content\/uploads\/2019\/02\/baby-bangs-krotkie-wlosy.jpg 800w, https:\/\/www.hairstore.pl\/blog\/wp-content\/uploads\/2019\/02\/baby-bangs-krotkie-wlosy-300x169.jpg 300w, https:\/\/www.hairstore.pl\/blog\/wp-content\/uploads\/2019\/02\/baby-bangs-krotkie-wlosy-768x432.jpg 768w, https:\/\/www.hairstore.pl\/blog\/wp-content\/uploads\/2019\/02\/baby-bangs-krotkie-wlosy-1024x576.jpg 1024w\" sizes=\"(max-width: 1200px) 100vw, 1200px\" \/><figcaption id=\"caption-attachment-10178\" class=\"wp-caption-text\">\u0179r\u00f3d\u0142a: pixie-hairstyles.com i elle.com<\/figcaption><\/figure>\n<h2>Baby bangs na Instagramie, czyli trend dla wszystkich!<\/h2>\n<p>Instagram to kopalnia pomys\u0142\u00f3w i inspiracji. Jak si\u0119 okazuje trend na grzywk\u0119 baby bangs opanowa\u0142 kobiety w ka\u017cdym wieku, zar\u00f3wno te starsze, jak i te duuu\u017co m\u0142odsze. Zobaczcie sami.<\/p>\n<figure id=\"attachment_10184\" aria-describedby=\"caption-attachment-10184\" style=\"width: 1200px\" class=\"wp-caption aligncenter\"><img decoding=\"async\" class=\"size-full wp-image-10184\" src=\"https:\/\/www.hairstore.pl\/blog\/wp-content\/uploads\/2019\/02\/inspiracje-grzywka-babybangs.jpg\" alt=\"\" width=\"1200\" height=\"675\" srcset=\"https:\/\/www.hairstore.pl\/blog\/wp-content\/uploads\/2019\/02\/inspiracje-grzywka-babybangs.jpg 800w, https:\/\/www.hairstore.pl\/blog\/wp-content\/uploads\/2019\/02\/inspiracje-grzywka-babybangs-300x169.jpg 300w, https:\/\/www.hairstore.pl\/blog\/wp-content\/uploads\/2019\/02\/inspiracje-grzywka-babybangs-768x432.jpg 768w, https:\/\/www.hairstore.pl\/blog\/wp-content\/uploads\/2019\/02\/inspiracje-grzywka-babybangs-1024x576.jpg 1024w\" sizes=\"(max-width: 1200px) 100vw, 1200px\" \/><figcaption id=\"caption-attachment-10184\" class=\"wp-caption-text\">Instagram: @chachabeautyandbarber i @meghanlandis<\/figcaption><\/figure>\n<p>Grzywka tego typu \u015bwietnie wygl\u0105da r\u00f3winie\u017c w bardziej szalonej, kolorystycznej wersji. W dodatku mocny, zwracaj\u0105cy uwag\u0119 kolor \u015bwietnie wsp\u00f3\u0142gra z mocniejszym makija\u017cem.<\/p>\n<figure id=\"attachment_10182\" aria-describedby=\"caption-attachment-10182\" style=\"width: 1200px\" class=\"wp-caption aligncenter\"><img decoding=\"async\" class=\"size-full wp-image-10182\" src=\"https:\/\/www.hairstore.pl\/blog\/wp-content\/uploads\/2019\/02\/babybangs-inspiracje.jpg\" alt=\"baby bangs instagram inspiracje\" width=\"1200\" height=\"675\" srcset=\"https:\/\/www.hairstore.pl\/blog\/wp-content\/uploads\/2019\/02\/babybangs-inspiracje.jpg 800w, https:\/\/www.hairstore.pl\/blog\/wp-content\/uploads\/2019\/02\/babybangs-inspiracje-300x169.jpg 300w, https:\/\/www.hairstore.pl\/blog\/wp-content\/uploads\/2019\/02\/babybangs-inspiracje-768x432.jpg 768w, https:\/\/www.hairstore.pl\/blog\/wp-content\/uploads\/2019\/02\/babybangs-inspiracje-1024x576.jpg 1024w\" sizes=\"(max-width: 1200px) 100vw, 1200px\" \/><figcaption id=\"caption-attachment-10182\" class=\"wp-caption-text\">Instagram: @sarahmillerhair i @thefoolswords<\/figcaption><\/figure>\n<figure id=\"attachment_10183\" aria-describedby=\"caption-attachment-10183\" style=\"width: 1200px\" class=\"wp-caption aligncenter\"><img decoding=\"async\" class=\"size-full wp-image-10183\" src=\"https:\/\/www.hairstore.pl\/blog\/wp-content\/uploads\/2019\/02\/grzywka-baby-bangs-instagram.jpg\" alt=\"grzywka, inspiracje, babybangs\" width=\"1200\" height=\"675\" srcset=\"https:\/\/www.hairstore.pl\/blog\/wp-content\/uploads\/2019\/02\/grzywka-baby-bangs-instagram.jpg 800w, https:\/\/www.hairstore.pl\/blog\/wp-content\/uploads\/2019\/02\/grzywka-baby-bangs-instagram-300x169.jpg 300w, https:\/\/www.hairstore.pl\/blog\/wp-content\/uploads\/2019\/02\/grzywka-baby-bangs-instagram-768x432.jpg 768w, https:\/\/www.hairstore.pl\/blog\/wp-content\/uploads\/2019\/02\/grzywka-baby-bangs-instagram-1024x576.jpg 1024w\" sizes=\"(max-width: 1200px) 100vw, 1200px\" \/><figcaption id=\"caption-attachment-10183\" class=\"wp-caption-text\">Instagram: @jess_sfsstylist i @sarahmillerhair<\/figcaption><\/figure>\n","protected":false},"excerpt":{"rendered":"<p>Trzeba to powiedzie\u0107 wprost, grzywka jest wiecznie modna. Jest ponadczasowa niczym czerwona szminka i &#8222;ma\u0142a czarna&#8221; sukienka. A w dodatku w 2019 roku zachywca now\u0105 ods\u0142on\u0105!<\/p>\n","protected":false},"author":5,"featured_media":10186,"comment_status":"open","ping_status":"open","sticky":false,"template":"","format":"standard","meta":{"footnotes":""},"categories":[9421],"tags":[],"yst_prominent_words":[3683,4423,4431,4432,927,4425,816,4427,4434,817,4430,4435,1430,4421,3190,3216,2048,4424,4422,704],"class_list":["post-10173","post","type-post","status-publish","format-standard","has-post-thumbnail","hentry","category-trendy"],"_links":{"self":[{"href":"https:\/\/www.hairstore.pl\/blog\/wp-json\/wp\/v2\/posts\/10173","targetHints":{"allow":["GET"]}}],"collection":[{"href":"https:\/\/www.hairstore.pl\/blog\/wp-json\/wp\/v2\/posts"}],"about":[{"href":"https:\/\/www.hairstore.pl\/blog\/wp-json\/wp\/v2\/types\/post"}],"author":[{"embeddable":true,"href":"https:\/\/www.hairstore.pl\/blog\/wp-json\/wp\/v2\/users\/5"}],"replies":[{"embeddable":true,"href":"https:\/\/www.hairstore.pl\/blog\/wp-json\/wp\/v2\/comments?post=10173"}],"version-history":[{"count":4,"href":"https:\/\/www.hairstore.pl\/blog\/wp-json\/wp\/v2\/posts\/10173\/revisions"}],"predecessor-version":[{"id":10188,"href":"https:\/\/www.hairstore.pl\/blog\/wp-json\/wp\/v2\/posts\/10173\/revisions\/10188"}],"wp:featuredmedia":[{"embeddable":true,"href":"https:\/\/www.hairstore.pl\/blog\/wp-json\/wp\/v2\/media\/10186"}],"wp:attachment":[{"href":"https:\/\/www.hairstore.pl\/blog\/wp-json\/wp\/v2\/media?parent=10173"}],"wp:term":[{"taxonomy":"category","embeddable":true,"href":"https:\/\/www.hairstore.pl\/blog\/wp-json\/wp\/v2\/categories?post=10173"},{"taxonomy":"post_tag","embeddable":true,"href":"https:\/\/www.hairstore.pl\/blog\/wp-json\/wp\/v2\/tags?post=10173"},{"taxonomy":"yst_prominent_words","embeddable":true,"href":"https:\/\/www.hairstore.pl\/blog\/wp-json\/wp\/v2\/yst_prominent_words?post=10173"}],"curies":[{"name":"wp","href":"https:\/\/api.w.org\/{rel}","templated":true}]}}